{"id":581484,"date":"2025-12-06T06:07:26","date_gmt":"2025-12-06T06:07:26","guid":{"rendered":"https:\/\/www.europesays.com\/fr\/581484\/"},"modified":"2025-12-06T06:07:26","modified_gmt":"2025-12-06T06:07:26","slug":"incendiee-lors-dune-attaque-a-la-voiture-belier-une-bibliotheque-de-grenoble-rouvre-10-mois-apres-dans-un-autre-lieu","status":"publish","type":"post","link":"https:\/\/www.europesays.com\/fr\/581484\/","title":{"rendered":"incendi\u00e9e lors d&rsquo;une attaque \u00e0 la voiture-b\u00e9lier, une biblioth\u00e8que de Grenoble rouvre 10 mois apr\u00e8s dans un autre lieu"},"content":{"rendered":"<p class=\"article__intro\">Apr\u00e8s un incendie volontaire provoqu\u00e9 par une attaque \u00e0 la voiture-b\u00e9lier, qui a d\u00e9truit l&rsquo;ensemble du b\u00e2timent en f\u00e9vrier dernier, la biblioth\u00e8que Chantal Mauduit de Grenoble va rouvrir au public, mardi 9 d\u00e9cembre, \u00e0 une adresse temporaire. Le temps de finir de longs travaux de reconstruction.<\/p>\n<p>\n      L\u2019actu des r\u00e9gions\n    <\/p>\n<p>\n      Chaque jour, un tour d\u2019horizon des principales infos de toutes les r\u00e9gions.\n    <\/p>\n<p>    France T\u00e9l\u00e9visions utilise votre adresse e-mail afin de vous envoyer la newsletter \u00ab\u00a0L\u2019actu des r\u00e9gions\u00a0\u00bb. Vous pouvez vous d\u00e9sinscrire \u00e0 tout moment via le lien en bas de cette newsletter. <a target=\"_blank\" href=\"https:\/\/www.francetelevisions.fr\/groupe\/confidentialite\/politique-de-confidentialite\/politique-de-confidentialite-de-france-televisions-6503\" rel=\"noopener\">Notre politique de confidentialit\u00e9<\/a><\/p>\n<p>Dix mois apr\u00e8s un incendie provoqu\u00e9 par <a href=\"https:\/\/france3-regions.franceinfo.fr\/auvergne-rhone-alpes\/isere\/grenoble\/une-voiture-belier-fonce-sur-une-bibliotheque-a-grenoble-le-batiment-de-1000-metres-carres-incendie-3110203.html\" target=\"_blank\" rel=\"noopener noreferrer nofollow\" data-tooltip-url=\"https:\/\/france3-regions.franceinfo.fr\/auvergne-rhone-alpes\/isere\/grenoble\/une-voiture-belier-fonce-sur-une-bibliotheque-a-grenoble-le-batiment-de-1000-metres-carres-incendie-3110203.html\">une attaque \u00e0 la voiture-b\u00e9lier<\/a>, la biblioth\u00e8que Chantal Mauduit situ\u00e9e entre les quartiers populaires de Mistral et des Eaux-Claires \u00e0 Grenoble va rouvrir ses portes, mais dans un lieu temporaire, \u00e0 seulement quelques pas de l&rsquo;ancienne en cours de reconstruction.<\/p>\n<p>Les nouveaux locaux ont \u00e9t\u00e9 pr\u00e9sent\u00e9s ce jeudi 4 d\u00e9cembre et ouvriront au public le mardi 9 d\u00e9cembre \u00e0 l&rsquo;angle de l&rsquo;avenue Rhin et Danube et de la rue Anatole France. Les travaux d&rsquo;am\u00e9nagement ont \u00e9t\u00e9 effectu\u00e9s entre les mois de septembre et d\u00e9cembre pour accueillir toute l&rsquo;offre culturelle.<\/p>\n<p>Au total, 16 000 ouvrages seront disponibles dans ces nouveaux locaux de 175 m\u00e8tres carr\u00e9s situ\u00e9s en pied d&rsquo;immeuble. La majorit\u00e9 vient de l&rsquo;ancienne biblioth\u00e8que. Ils ont \u00e9t\u00e9 s\u00e9lectionn\u00e9s et remis en \u00e9tat. \u00ab\u00a0C&rsquo;est tr\u00e8s important de rouvrir une biblioth\u00e8que. Ces lieux permettent la d\u00e9couverte du monde, l&rsquo;acc\u00e8s \u00e0 la culture, \u00e0 la connaissance. C&rsquo;est un vecteur d&rsquo;\u00e9mancipation. Ce n&rsquo;est pas rien d&rsquo;ouvrir une biblioth\u00e8que, donc on est \u00e9mus. Les \u00e9quipes ont beaucoup travaill\u00e9 pour en venir \u00e0 cette r\u00e9ussite\u00a0\u00bb, r\u00e9agit Isabelle Westeel, directrice de la biblioth\u00e8que Chantal Mauduit.<\/p>\n<p>Un dojo, situ\u00e9 dans une autre salle \u00e0 quelques m\u00e8tres, sera lui aussi de nouveau accessible au public \u00e0 partir de fin f\u00e9vrier : \u00ab\u00a0La biblioth\u00e8que s&rsquo;\u00e9tend sur une surface de lecture plus petite. Le dojo aussi sera plus petit. Mais c&rsquo;est quand m\u00eame important de retrouver ces espaces, on va retrouver les m\u00eames types de livres accessibles \u00e0 tous les publics\u00a0\u00bb, explique C\u00e9line Mennetrier, adjointe au maire de Grenoble en charge des sports. Des cours de judo et de taekwondo, ainsi que des ateliers lecture, y seront organis\u00e9s.<\/p>\n<p>L&rsquo;objectif : recr\u00e9er le m\u00eame \u00e9tat d&rsquo;esprit que dans l&rsquo;ancien b\u00e2timent, un m\u00e9lange entre sport et culture. Pour Isabelle Westeel, il \u00e9tait important de retrouver une biblioth\u00e8que en face des lieux de l&rsquo;incendie : \u00ab\u00a0C&rsquo;est important d&rsquo;avoir ce lieu en face de l&rsquo;ancienne biblioth\u00e8que. \u00c7a fait un regard. L&rsquo;ancienne biblioth\u00e8que fonctionnait \u00e0 son ouverture, avec une belle fr\u00e9quentation de la part des habitants.\u00a0\u00bb<\/p>\n<p>    dur\u00e9e de la vid\u00e9o : 00h01mn41s<\/p>\n<p>        <img decoding=\"async\" width=\"640\" height=\"426\" class=\"article-image not-lazy\" src=\"https:\/\/www.europesays.com\/fr\/wp-content\/uploads\/2025\/11\/fallbackFr3_16_9.webp.webp\" alt=\"\" fetchpriority=\"high\"\/><\/p>\n<p>              Voir la video\u00a0(1 minutes 41 secondes).\u00a0<br \/>\n                  1 min 41 s<\/p>\n<p>\n          Apr\u00e8s un incendie volontaire qui a d\u00e9truit l&rsquo;ensemble du b\u00e2timent en f\u00e9vrier dernier, la biblioth\u00e8que Chantal Mauduit va rouvrir au public, mardi 9 d\u00e9cembre, \u00e0 une adresse temporaire<\/p>\n<p>        \u2022<\/p>\n<p>              \u00a9FTV\n      <\/p>\n<p>Le co\u00fbt de cette op\u00e9ration s&rsquo;\u00e9l\u00e8ve \u00e0 550 000 euros. Ce lieu d&rsquo;accueil restera temporaire pendant au minium trois ans, le temps de reconstruire l&rsquo;ancien b\u00e2timent. Dans la nuit du mardi 18 au mercredi 19 f\u00e9vrier dernier, une voiture-b\u00e9lier avait \u00e9t\u00e9 volontairement projet\u00e9e au niveau de l&rsquo;entr\u00e9e principale de l&rsquo;\u00e9quipement municipal. Un incendie s&rsquo;\u00e9tait propag\u00e9 \u00e0 l&rsquo;ensemble du b\u00e2timent.<\/p>\n<p>Il serait survenu \u00e0 la suite d&rsquo;\u00e9chauffour\u00e9es entre la police et des individus \u00ab\u00a0possiblement apr\u00e8s l&rsquo;interpellation dans la soir\u00e9e d&rsquo;un &lsquo;vendeur du jour'\u00a0\u00bb, avait indiqu\u00e9, \u00e0 l&rsquo;\u00e9poque, le parquet de Grenoble.<\/p>\n","protected":false},"excerpt":{"rendered":"Apr\u00e8s un incendie volontaire provoqu\u00e9 par une attaque \u00e0 la voiture-b\u00e9lier, qui a d\u00e9truit l&rsquo;ensemble du b\u00e2timent en&hellip;\n","protected":false},"author":2,"featured_media":581485,"comment_status":"","ping_status":"","sticky":false,"template":"","format":"standard","meta":{"footnotes":""},"categories":[9566],"tags":[1111,11,2430,1777,674,1011,27,2731,12,25],"class_list":{"0":"post-581484","1":"post","2":"type-post","3":"status-publish","4":"format-standard","5":"has-post-thumbnail","7":"category-grenoble","8":"tag-actu","9":"tag-actualites","10":"tag-auvergne-rhone-alpes","11":"tag-eu","12":"tag-europe","13":"tag-fr","14":"tag-france","15":"tag-grenoble","16":"tag-news","17":"tag-republique-francaise"},"share_on_mastodon":{"url":"https:\/\/pubeurope.com\/@fr\/115671128760281108","error":""},"_links":{"self":[{"href":"https:\/\/www.europesays.com\/fr\/wp-json\/wp\/v2\/posts\/581484","targetHints":{"allow":["GET"]}}],"collection":[{"href":"https:\/\/www.europesays.com\/fr\/wp-json\/wp\/v2\/posts"}],"about":[{"href":"https:\/\/www.europesays.com\/fr\/wp-json\/wp\/v2\/types\/post"}],"author":[{"embeddable":true,"href":"https:\/\/www.europesays.com\/fr\/wp-json\/wp\/v2\/users\/2"}],"replies":[{"embeddable":true,"href":"https:\/\/www.europesays.com\/fr\/wp-json\/wp\/v2\/comments?post=581484"}],"version-history":[{"count":0,"href":"https:\/\/www.europesays.com\/fr\/wp-json\/wp\/v2\/posts\/581484\/revisions"}],"wp:featuredmedia":[{"embeddable":true,"href":"https:\/\/www.europesays.com\/fr\/wp-json\/wp\/v2\/media\/581485"}],"wp:attachment":[{"href":"https:\/\/www.europesays.com\/fr\/wp-json\/wp\/v2\/media?parent=581484"}],"wp:term":[{"taxonomy":"category","embeddable":true,"href":"https:\/\/www.europesays.com\/fr\/wp-json\/wp\/v2\/categories?post=581484"},{"taxonomy":"post_tag","embeddable":true,"href":"https:\/\/www.europesays.com\/fr\/wp-json\/wp\/v2\/tags?post=581484"}],"curies":[{"name":"wp","href":"https:\/\/api.w.org\/{rel}","templated":true}]}}