{"id":581486,"date":"2025-12-06T06:08:10","date_gmt":"2025-12-06T06:08:10","guid":{"rendered":"https:\/\/www.europesays.com\/fr\/581486\/"},"modified":"2025-12-06T06:08:10","modified_gmt":"2025-12-06T06:08:10","slug":"illuminations-spectacles-degustations-a-rennes-le-couvent-des-jacobins-ouvre-son-cloitre-au-public","status":"publish","type":"post","link":"https:\/\/www.europesays.com\/fr\/581486\/","title":{"rendered":"Illuminations, spectacles, d\u00e9gustations&#8230; \u00c0 Rennes, le Couvent des Jacobins ouvre son clo\u00eetre au public"},"content":{"rendered":"<p>                    Par<br \/>\n        <strong><br \/>\n            <a href=\"https:\/\/actu.fr\/auteur\/laurene-fertin\" title=\"Consulter tous les articles de Laur\u00e8ne Fertin\" target=\"_blank\" rel=\"noopener\">Laur\u00e8ne Fertin<\/a><br \/>\n                    <\/strong><\/p>\n<p>        Publi\u00e9 le<\/p>\n<p>            6 d\u00e9c. 2025 \u00e0 6h02        <\/p>\n<p>Cela arrive plusieurs fois dans l\u2019ann\u00e9e\u2009:<strong> le Couvent des Jacobins<\/strong> ouvre <strong>son clo\u00eetre<\/strong> au public. D\u00e8s le <strong>samedi 20\u00a0d\u00e9cembre<\/strong> 2025 et jusqu\u2019au <strong>4\u00a0janvier<\/strong> 2026, c\u2019est l\u2019occasion de (re)d\u00e9couvrir ce monument embl\u00e9matique de la capitale bretonne.<\/p>\n<p class=\" wall-content\">C\u00f4t\u00e9 programmation, on trouve\u00a0<strong>des go\u00fbters de No\u00ebl,<\/strong> des s\u00e9ances <strong>maquillage,<\/strong> les <strong>illuminations<\/strong> du jardin du clo\u00eetre (samedi 20\u00a0d\u00e9cembre)\u2009; les <strong>concerts<\/strong> de Sunnyside Gospel (dimanche 21\u00a0d\u00e9cembre) ou encore <strong>des lectures du conte<\/strong> Le Fabuleux No\u00ebl de Gildas T\u00eate de bois (mardi 23\u00a0d\u00e9cembre).<\/p>\n<p class=\" wall-content\">Les animations sont <strong>gratuites<\/strong> et <strong>accessibles<\/strong> sans r\u00e9servation (sauf le maquillage, sur place) et dans la limite des places disponibles. Pour retrouver <strong>l\u2019ensemble de la programmation, c\u2019est <a href=\"https:\/\/www.tourisme-rennes.com\/sortir\/couvent-des-jacobins-ouverture-du-cloitre\/#:~:text=Acc%C3%A8s%20%3A%20Du%20samedi%2020%20d%C3%A9cembre,%2C%2020%20place%20Sainte%2DAnne.\" target=\"_blank\" rel=\"noopener\">ici<\/a>.<\/strong><\/p>\n<p>Infos pratiques\u2009: Couvent des Jacobins au 20, place Sainte-Anne. De 14h \u00e0 20h. Les 24 et 31\u00a0d\u00e9cembre de 14h \u00e0 18h30 (derni\u00e8res entr\u00e9es 30\u00a0minutes avant la fermeture).<\/p>\n<p class=\" wall-content\">Personnalisez votre actualit\u00e9 en ajoutant vos villes et m\u00e9dias en favori avec <a href=\"https:\/\/moncompte.actu.fr\" title=\"D\u00e9couvez Mon Actu\" rel=\"nofollow noopener\" data-trk=\"{&quot;cta&quot;:{&quot;action&quot;:&quot;https:\\\/\\\/moncompte.actu.fr&quot;,&quot;category&quot;:&quot;mon compte&quot;,&quot;from&quot;:&quot;article footer&quot;,&quot;name&quot;:&quot;Mon actu&quot;,&quot;type&quot;:&quot;cta&quot;}}\" target=\"_blank\">Mon Actu<\/a>.<\/p>\n","protected":false},"excerpt":{"rendered":"Par Laur\u00e8ne Fertin Publi\u00e9 le 6 d\u00e9c. 2025 \u00e0 6h02 Cela arrive plusieurs fois dans l\u2019ann\u00e9e\u2009: le Couvent&hellip;\n","protected":false},"author":2,"featured_media":581487,"comment_status":"","ping_status":"","sticky":false,"template":"","format":"standard","meta":{"footnotes":""},"categories":[2821],"tags":[1111,11,1063,829,1777,674,1011,27,1652,12,57084,584,25],"class_list":{"0":"post-581486","1":"post","2":"type-post","3":"status-publish","4":"format-standard","5":"has-post-thumbnail","7":"category-rennes","8":"tag-actu","9":"tag-actualites","10":"tag-animations","11":"tag-bretagne","12":"tag-eu","13":"tag-europe","14":"tag-fr","15":"tag-france","16":"tag-loisirs-culture","17":"tag-news","18":"tag-noel-a-rennes","19":"tag-rennes","20":"tag-republique-francaise"},"share_on_mastodon":{"url":"https:\/\/pubeurope.com\/@fr\/115671132045864317","error":""},"_links":{"self":[{"href":"https:\/\/www.europesays.com\/fr\/wp-json\/wp\/v2\/posts\/581486","targetHints":{"allow":["GET"]}}],"collection":[{"href":"https:\/\/www.europesays.com\/fr\/wp-json\/wp\/v2\/posts"}],"about":[{"href":"https:\/\/www.europesays.com\/fr\/wp-json\/wp\/v2\/types\/post"}],"author":[{"embeddable":true,"href":"https:\/\/www.europesays.com\/fr\/wp-json\/wp\/v2\/users\/2"}],"replies":[{"embeddable":true,"href":"https:\/\/www.europesays.com\/fr\/wp-json\/wp\/v2\/comments?post=581486"}],"version-history":[{"count":0,"href":"https:\/\/www.europesays.com\/fr\/wp-json\/wp\/v2\/posts\/581486\/revisions"}],"wp:featuredmedia":[{"embeddable":true,"href":"https:\/\/www.europesays.com\/fr\/wp-json\/wp\/v2\/media\/581487"}],"wp:attachment":[{"href":"https:\/\/www.europesays.com\/fr\/wp-json\/wp\/v2\/media?parent=581486"}],"wp:term":[{"taxonomy":"category","embeddable":true,"href":"https:\/\/www.europesays.com\/fr\/wp-json\/wp\/v2\/categories?post=581486"},{"taxonomy":"post_tag","embeddable":true,"href":"https:\/\/www.europesays.com\/fr\/wp-json\/wp\/v2\/tags?post=581486"}],"curies":[{"name":"wp","href":"https:\/\/api.w.org\/{rel}","templated":true}]}}