{"id":581490,"date":"2025-12-06T06:10:22","date_gmt":"2025-12-06T06:10:22","guid":{"rendered":"https:\/\/www.europesays.com\/fr\/581490\/"},"modified":"2025-12-06T06:10:22","modified_gmt":"2025-12-06T06:10:22","slug":"dambach-la-ville-louise-anne-ruhlmann-directrice-de-salle-du-crocodile-a-strasbourg-au-service-de-lexcellence","status":"publish","type":"post","link":"https:\/\/www.europesays.com\/fr\/581490\/","title":{"rendered":"Dambach-la-Ville. Louise-Anne Ruhlmann, directrice de salle du Crocodile \u00e0 Strasbourg\u00a0: au service de l\u2019excellence"},"content":{"rendered":"<p>Foulard soigneusement nou\u00e9 autour du cou, chignon impeccable et sourire aux l\u00e8vres, Louise-Anne Ruhlmann, dans sa mise comme dans le geste, incarne l\u2019\u00e9l\u00e9gance des grandes maisons. Dans son cas, il s\u2019agit aussi bien du domaine viticole Ruhlmann-Schutz bien connu en Alsace, que <a href=\"https:\/\/www.dna.fr\/culture-loisirs\/2021\/01\/18\/le-crocodile-regagne-son-etoile-en-une-annee\" target=\"_blank\" rel=\"noopener\">du Crocodile \u00e0 Strasbourg<\/a> o\u00f9, \u00e0 seulement 28 ans, elle est devenue en janvier dernier directrice de salle. Un \u00e9tablissement dont, pour l\u2019anecdote, l\u2019actuelle famille propri\u00e9taire, les Burrus, a elle aussi ses racines \u00e0 Dambach-la-Ville.<\/p>\n<p>Plus qu\u2019un restaurant, Au Crocodile est avant tout une institution, port\u00e9e en son temps au firmament de la gastronomie fran\u00e7aise <a href=\"https:\/\/www.dna.fr\/edition-strasbourg\/2020\/01\/27\/emile-jung-trois-etoiles-et-puis-s-en-va\" target=\"_blank\" rel=\"noopener\">par feu \u00c9mile Jung<\/a>. Une histoire dont sa veuve Monique, qui garde pour l\u2019endroit \u00ab\u00a0une relation tr\u00e8s fusionnelle\u00a0\u00bb, a plusieurs fois parl\u00e9 \u00e0 Louise-Anne Ruhlmann\u00a0: \u00ab\u00a0C\u2019est quelqu\u2019un de tr\u00e8s inspirant\u00a0\u00bb, dit d\u2019elle la jeune femme, qui conc\u00e8de tout de m\u00eame qu\u2019int\u00e9grer l\u2019adresse de la rue de l\u2019Outre met sur les \u00e9paules \u00ab\u00a0le poids de cette notori\u00e9t\u00e9\u00a0\u00bb.<\/p>\n<p>\u00c0 la&#8230;                        <\/p>\n","protected":false},"excerpt":{"rendered":"Foulard soigneusement nou\u00e9 autour du cou, chignon impeccable et sourire aux l\u00e8vres, Louise-Anne Ruhlmann, dans sa mise comme&hellip;\n","protected":false},"author":2,"featured_media":581491,"comment_status":"","ping_status":"","sticky":false,"template":"","format":"standard","meta":{"footnotes":""},"categories":[2820],"tags":[1111,11,2389,26192,3143,1777,674,107,1011,27,1661,775,6016,12,25,640],"class_list":{"0":"post-581490","1":"post","2":"type-post","3":"status-publish","4":"format-standard","5":"has-post-thumbnail","7":"category-strasbourg","8":"tag-actu","9":"tag-actualites","10":"tag-alsace","11":"tag-dambach-la-ville","12":"tag-edition-selestat-erstein","13":"tag-eu","14":"tag-europe","15":"tag-fil-info","16":"tag-fr","17":"tag-france","18":"tag-gastronomie","19":"tag-grand-est","20":"tag-magazine-cuisine-et-vins","21":"tag-news","22":"tag-republique-francaise","23":"tag-strasbourg"},"share_on_mastodon":{"url":"https:\/\/pubeurope.com\/@fr\/115671139935169399","error":""},"_links":{"self":[{"href":"https:\/\/www.europesays.com\/fr\/wp-json\/wp\/v2\/posts\/581490","targetHints":{"allow":["GET"]}}],"collection":[{"href":"https:\/\/www.europesays.com\/fr\/wp-json\/wp\/v2\/posts"}],"about":[{"href":"https:\/\/www.europesays.com\/fr\/wp-json\/wp\/v2\/types\/post"}],"author":[{"embeddable":true,"href":"https:\/\/www.europesays.com\/fr\/wp-json\/wp\/v2\/users\/2"}],"replies":[{"embeddable":true,"href":"https:\/\/www.europesays.com\/fr\/wp-json\/wp\/v2\/comments?post=581490"}],"version-history":[{"count":0,"href":"https:\/\/www.europesays.com\/fr\/wp-json\/wp\/v2\/posts\/581490\/revisions"}],"wp:featuredmedia":[{"embeddable":true,"href":"https:\/\/www.europesays.com\/fr\/wp-json\/wp\/v2\/media\/581491"}],"wp:attachment":[{"href":"https:\/\/www.europesays.com\/fr\/wp-json\/wp\/v2\/media?parent=581490"}],"wp:term":[{"taxonomy":"category","embeddable":true,"href":"https:\/\/www.europesays.com\/fr\/wp-json\/wp\/v2\/categories?post=581490"},{"taxonomy":"post_tag","embeddable":true,"href":"https:\/\/www.europesays.com\/fr\/wp-json\/wp\/v2\/tags?post=581490"}],"curies":[{"name":"wp","href":"https:\/\/api.w.org\/{rel}","templated":true}]}}