{"id":581494,"date":"2025-12-06T06:13:13","date_gmt":"2025-12-06T06:13:13","guid":{"rendered":"https:\/\/www.europesays.com\/fr\/581494\/"},"modified":"2025-12-06T06:13:13","modified_gmt":"2025-12-06T06:13:13","slug":"nice-circulation-intense-transports-impactes-une-immense-foule-attendue-en-centre-ville","status":"publish","type":"post","link":"https:\/\/www.europesays.com\/fr\/581494\/","title":{"rendered":"Nice. Circulation intense, transports impact\u00e9s&#8230; Une immense foule attendue en centre-ville"},"content":{"rendered":"<p>                    Par<br \/>\n        <strong><br \/>\n            <a href=\"https:\/\/actu.fr\/auteur\/arthur-frand\" title=\"Consulter tous les articles de Arthur Frand\" target=\"_blank\" rel=\"noopener\">Arthur Frand<\/a><br \/>\n                    <\/strong><\/p>\n<p>        Publi\u00e9 le<\/p>\n<p>            6 d\u00e9c. 2025 \u00e0 6h24        <\/p>\n<p>C\u2019est le temps fort de la p\u00e9riode de No\u00ebl \u00e0<a href=\"https:\/\/actu.fr\/nice\/\" target=\"_blank\" rel=\"noopener\"> Nice<\/a>, dans les <a href=\"https:\/\/actu.fr\/provence-alpes-cote-d-azur\/alpes-maritimes_06\" target=\"_blank\" rel=\"noopener\">Alpes-Maritimes<\/a>. Ce dimanche 7\u00a0d\u00e9cembre 2025, la Grande Parade se tient en centre-ville en fin d\u2019apr\u00e8s-midi et d\u00e9but de soir\u00e9e. Un d\u00e9file pour les petits et les grands qui va attirer <strong>quelques dizaines de milliers de personnes<\/strong> au c\u0153ur de Nice.<\/p>\n<p>    <a href=\"https:\/\/www.google.com\/maps\/embed?pb=!1m18!1m12!1m3!1d2884.404419046325!2d7.262253894885196!3d43.70214389658337!2m3!1f0!2f0!3f0!3m2!1i1024!2i768!4f13.1!3m3!1m2!1s0x12cddaa7e72e03e3%3A0x422062d5a475a90c!2sAv.%20Jean%20M%C3%A9decin%2C%2006000%20Nice!5e0!3m2!1sfr!2sfr!4v1764862084134!5m2!1sfr!2sfr\" title=\"Ouvrie le lien\" target=\"_blank\" rel=\"noopener\">Cliquez ici pour visualiser le contenu<\/a><\/p>\n<p class=\" wall-content\">De fait, les transports en commune seront impact\u00e9s.\u00a0Voici ce qu\u2019il faut savoir.<\/p>\n<p>45\u2009000\u00a0personnes pr\u00e9sentes chaque ann\u00e9e<\/p>\n<p class=\" wall-content\">La 5e \u00e9dition de la Grande Parade de No\u00ebl a lieu ce dimanche 7\u00a0d\u00e9cembre fin de journ\u00e9e, de 17h \u00e0 18h30. L\u2019\u00e9v\u00e9nement attire environ 45\u2009000\u00a0spectateurs chaque ann\u00e9e. Au programme, <strong>1h30 de d\u00e9ambulation,<\/strong> \u00e0 la nuit tomb\u00e9e, sur l\u2019ensemble de l\u2019avenue Jean-M\u00e9decin, jusqu\u2019\u00e0 la place Mass\u00e9na, lieu du march\u00e9 de No\u00ebl, \u00e0 c\u00f4t\u00e9 du jardin Albert 1er.<\/p>\n<p class=\" wall-content\">La Grande Parade est organis\u00e9e par l\u2019association Nice Shopping. Elle est gratuite pour toutes et tous. <strong>200 artistes<\/strong> (danseurs, musiciens, p\u00e8re No\u00ebl\u00a0etc\u2026) majoritairement locaux sont attendus et 15 troupes professionnelles. Les Ni\u00e7ois et les touristes pourront appr\u00e9cier 3 chars carnavalesques cr\u00e9\u00e9s par la famille Povigna, carnavaliers embl\u00e9matiques du Carnaval de Nice depuis cinq g\u00e9n\u00e9rations.<\/p>\n<p>Le programme<\/p>\n<p class=\" wall-content\">17h\u2009: D\u00e9part de la Parade \u2013 avenue Jean M\u00e9decin \/ rue Pertinax<br \/>18h\u2009: Arriv\u00e9e de la Parade sur la Place Mass\u00e9na<br \/>18h30\u2009: Fin de la Parade<\/p>\n<p>La ligne 1 du tramway modifi\u00e9e, les bus aussi<\/p>\n<p class=\" wall-content\">Forc\u00e9ment, un tel afflux de personnes aura un impact sur le fonctionnement des transports en commun. Notamment sur l\u2019art\u00e8re principale de la ville, l\u2019avenue Jean-M\u00e9decin.<\/p>\n<p>Votre r\u00e9gion, votre actu !<\/p>\n<p>Recevez chaque jour les infos qui comptent pour vous.<\/p>\n<p>\t<a href=\"https:\/\/actu.fr\/newsletter\" class=\"ac-btn ac-btn--corner ac-btn--medium ac-btn--blue800\" target=\"_blank\" rel=\"noopener\">S&rsquo;incrire<\/a><\/p>\n<p class=\" wall-content\">En raison du d\u00e9fil\u00e9, le fonctionnement de la ligne de tramway 1 et les lignes de bus 8 +, 12+, 38, 98 et 99 <strong>est modifi\u00e9<\/strong> ce dimanche 7\u00a0d\u00e9cembre 2025 \u00e0 compter de 16h, pr\u00e9cise le r\u00e9seau Lignes d\u2019Aur.<\/p>\n<p class=\" wall-content\">Voici les modifications.<\/p>\n<p>Ligne 1<\/p>\n<p class=\" wall-content\">De 16h00 \u00e0 19h30<\/p>\n<p class=\" wall-content\">La ligne 1 circule entre les stations Henri Sappia et Gare Thiers et entre les stations Op\u00e9ra-Vieille Ville et H\u00f4pital Pasteur. Les stations Jean M\u00e9decin et Mass\u00e9na ne sont pas desservies.<\/p>\n<p>Lignes 8 +\u00a0et 12 +<\/p>\n<p class=\" wall-content\">De 17h00 \u00e0 18h30<\/p>\n<p class=\" wall-content\">En fonction de l\u2019\u00e9volution du parcours de la parade, les lignes adaptent leur itin\u00e9raire respectif.\u00a0Information mise \u00e0 jour en temps r\u00e9el.<\/p>\n<p>Ligne 38<\/p>\n<p class=\" wall-content\">De 14h00 \u00e0 la fin de service<\/p>\n<p class=\" wall-content\">La ligne effectue son d\u00e9part et son terminus au 3, rue Raynardi.<br \/>Arr\u00eats non desservis\u2009:<br \/>\u2013 Garibaldi<br \/>\u2013 Tr\u00e9sorerie<br \/>\u2013 Durandy<br \/>\u2013 Jean M\u00e9decin<br \/>\u2013 Longchamp<br \/>\u2013 Jean M\u00e9decin \/ Pastorelli<br \/>\u2013 Mass\u00e9na \/ Guitry<br \/>\u2013 Alberti \/ Gioffredo<br \/>\u2013 Cath\u00e9drale-Vieille Ville<\/p>\n<p>Ligne 98<\/p>\n<p class=\" wall-content\">De 16h00 \u00e0 19h30<\/p>\n<p class=\" wall-content\">Apr\u00e8s avoir desservi l\u2019arr\u00eat\u00a0Port\u00a0Lympia (situ\u00e9 place\u00a0\u00cele de Beaut\u00e9), la ligne\u00a0emprunte\u00a0la rue Cassini, l\u2019avenue Saint-Jean-Baptiste et la traverse Flandre Dunkerque.\u00a0Elle reprend son itin\u00e9raire normal \u00e0 l\u2019arr\u00eat\u00a0Cath\u00e9drale-Vieille Ville.<\/p>\n<p class=\" wall-content\">Arr\u00eats\u00a0non desservis\u2009:<br \/>\u2013 Puces de Nice<br \/>\u2013 Monument aux Morts<br \/>\u2013 Ch\u00e2teau Tour Bellanda<br \/>\u2013 Cours Saleya<br \/>\u2013 Quai des \u00c9tats-Unis<br \/>\u2013 Albert 1er<br \/>\u2013 Op\u00e9ra-Vieille Ville<\/p>\n<p>Ligne 99<\/p>\n<p class=\" wall-content\">De 17h00 \u00e0 18h30<\/p>\n<p class=\" wall-content\">La ligne est interrompue le temps du passage de la parade puis reprend son itin\u00e9raire normal.<\/p>\n<p class=\" wall-content\">En voiture, la circulation sera aussi extr\u00eamement compliqu\u00e9e en centre-ville de Nice.<\/p>\n<p class=\" wall-content\">Personnalisez votre actualit\u00e9 en ajoutant vos villes et m\u00e9dias en favori avec <a href=\"https:\/\/moncompte.actu.fr\" title=\"D\u00e9couvez Mon Actu\" rel=\"nofollow noopener\" data-trk=\"{&quot;cta&quot;:{&quot;action&quot;:&quot;https:\\\/\\\/moncompte.actu.fr&quot;,&quot;category&quot;:&quot;mon compte&quot;,&quot;from&quot;:&quot;article footer&quot;,&quot;name&quot;:&quot;Mon actu&quot;,&quot;type&quot;:&quot;cta&quot;}}\" target=\"_blank\">Mon Actu<\/a>.<\/p>\n","protected":false},"excerpt":{"rendered":"Par Arthur Frand Publi\u00e9 le 6 d\u00e9c. 2025 \u00e0 6h24 C\u2019est le temps fort de la p\u00e9riode de&hellip;\n","protected":false},"author":2,"featured_media":581495,"comment_status":"","ping_status":"","sticky":false,"template":"","format":"standard","meta":{"footnotes":""},"categories":[2819],"tags":[1111,11,3542,1777,674,1011,27,12,2401,15830,882,25,104,2803],"class_list":{"0":"post-581494","1":"post","2":"type-post","3":"status-publish","4":"format-standard","5":"has-post-thumbnail","7":"category-nice","8":"tag-actu","9":"tag-actualites","10":"tag-circulation","11":"tag-eu","12":"tag-europe","13":"tag-fr","14":"tag-france","15":"tag-news","16":"tag-nice","17":"tag-noel","18":"tag-provence-alpes-cote-dazur","19":"tag-republique-francaise","20":"tag-societe","21":"tag-transport"},"share_on_mastodon":{"url":"https:\/\/pubeurope.com\/@fr\/115671151815807504","error":""},"_links":{"self":[{"href":"https:\/\/www.europesays.com\/fr\/wp-json\/wp\/v2\/posts\/581494","targetHints":{"allow":["GET"]}}],"collection":[{"href":"https:\/\/www.europesays.com\/fr\/wp-json\/wp\/v2\/posts"}],"about":[{"href":"https:\/\/www.europesays.com\/fr\/wp-json\/wp\/v2\/types\/post"}],"author":[{"embeddable":true,"href":"https:\/\/www.europesays.com\/fr\/wp-json\/wp\/v2\/users\/2"}],"replies":[{"embeddable":true,"href":"https:\/\/www.europesays.com\/fr\/wp-json\/wp\/v2\/comments?post=581494"}],"version-history":[{"count":0,"href":"https:\/\/www.europesays.com\/fr\/wp-json\/wp\/v2\/posts\/581494\/revisions"}],"wp:featuredmedia":[{"embeddable":true,"href":"https:\/\/www.europesays.com\/fr\/wp-json\/wp\/v2\/media\/581495"}],"wp:attachment":[{"href":"https:\/\/www.europesays.com\/fr\/wp-json\/wp\/v2\/media?parent=581494"}],"wp:term":[{"taxonomy":"category","embeddable":true,"href":"https:\/\/www.europesays.com\/fr\/wp-json\/wp\/v2\/categories?post=581494"},{"taxonomy":"post_tag","embeddable":true,"href":"https:\/\/www.europesays.com\/fr\/wp-json\/wp\/v2\/tags?post=581494"}],"curies":[{"name":"wp","href":"https:\/\/api.w.org\/{rel}","templated":true}]}}