{"id":581498,"date":"2025-12-06T06:15:28","date_gmt":"2025-12-06T06:15:28","guid":{"rendered":"https:\/\/www.europesays.com\/fr\/581498\/"},"modified":"2025-12-06T06:15:28","modified_gmt":"2025-12-06T06:15:28","slug":"po-tape-la-discut-retrouvez-toutes-les-rencontres-de-la-redaction","status":"publish","type":"post","link":"https:\/\/www.europesays.com\/fr\/581498\/","title":{"rendered":"PO tape la discut\u2019\u00a0: retrouvez toutes les rencontres de la r\u00e9daction"},"content":{"rendered":"<p><a href=\"https:\/\/www.ouest-france.fr\/medias\/presse-ocean\/video-po-tape-la-discut-le-nouveau-format-video-de-presse-ocean-d2cda9da-5f34-35df-a78d-f1cbf96017b2\" target=\"_self\" rel=\"noopener\">Vous avez pu d\u00e9couvrir depuis le 18\u00a0octobre 2025 le nouveau format vid\u00e9o de Presse Oc\u00e9an<\/a>. \u00c7a s\u2019appelle \u00ab\u00a0PO tape la discut\u2019\u00a0\u00bb. L\u2019id\u00e9e est de dialoguer pendant six minutes avec des personnes qui nous inspirent et qui vivent en Loire-Atlantique.<\/p>\n<p>Pour ces interviews film\u00e9es, une seule r\u00e8gle\u00a0: le tutoiement. Journalistes et invit\u00e9s se tutoient. Notre objectif est de dialoguer, que les gens qui s\u2019assoient dans notre studio, am\u00e9nag\u00e9 \u00e0 l\u2019int\u00e9rieur de la r\u00e9daction de Nantes, aient envie de nous raconter leur vie, leurs r\u00eaves et leurs anecdotes. Qu\u2019ils nous partagent ce qui les a inspir\u00e9s et ce qui les motive au quotidien.<\/p>\n<p>Tous les \u00e9pisodes sont \u00e0 retrouver jusqu\u2019\u00e0 la fin d\u2019ann\u00e9e sur nos diff\u00e9rents r\u00e9seaux sociaux (<a href=\"https:\/\/www.instagram.com\/presseocean\/\" target=\"_parent\" rel=\"noopener\">Instagram<\/a>, <a href=\"https:\/\/www.facebook.com\/PresseOcean\" target=\"_parent\" rel=\"noopener\">Facebook<\/a>, TikTok, <a href=\"https:\/\/www.youtube.com\/@presseocean328\" target=\"_self\" rel=\"noopener\">YouTube<\/a>) et notre site internet.<\/p>\n<p>Eric Guiho c\u00f4toie d\u00e9pouilles d\u2019animaux, plantes et restes humains<\/p>\n<p><a href=\"https:\/\/www.ouest-france.fr\/culture\/musees\/video-presse-ocean-tape-la-discut-avec-eric-guiho-garant-des-collections-du-museum-de-nantes-12f79439-586e-3853-b0ec-c150a326fde6\" target=\"_self\" rel=\"noopener\">Presse Oc\u00e9an tape la discut\u2019 avec Eric Guiho<\/a>. Responsable des collections des sciences et de la vie du Mus\u00e9um de Nantes, l\u2019amoureux de la nature partage avec Presse Oc\u00e9an son \u00ab\u00a0\u00e9trange\u00a0\u00bb m\u00e9tier-passion qui lui fait c\u00f4toyer les d\u00e9pouilles d\u2019animaux, des plantes et des restes humains.<\/p>\n<p>? <a href=\"https:\/\/nantes.maville.com\/actu\/actudet_-video.-dealer-c-est-bien-pour-personne-sanas-rappe-pour-sensibiliser-la-generation-d-apres-_8-7028576_actu.Htm\" target=\"_self\" rel=\"noopener\">L\u2019interview compl\u00e8te \u00e0 retrouver par ici<\/a>.<\/p>\n<p>Sanas rappe le quotidien de son quartier de Nantes, ce qu\u2019il voit et ce qu\u2019il vit<\/p>\n<p><a href=\"https:\/\/www.ouest-france.fr\/culture\/musiques\/rap\/video-po-tape-la-discut-avec-le-rappeur-sanas-dealer-cest-bien-pour-personne-38e4eee7-c823-3d34-a90a-e6fafb76b719\" target=\"_self\" rel=\"noopener\">Presse Oc\u00e9an tape la discut\u2019 avec Sanas<\/a>. Le rappeur de Bellevue, \u00e0 Nantes, raconte dans ses sons le quotidien de son quartier marqu\u00e9 par les trafics, la pr\u00e9sence polici\u00e8re et parfois la violence, mais aussi le partage et la mixit\u00e9.<\/p>\n<p>? <a href=\"https:\/\/nantes.maville.com\/actu\/actudet_-video.-dans-la-tete-d-eric-guiho-l-amoureux-de-la-nature-qui-promeut-la-vie-avec-la-mort-_8-7047624_actu.Htm\" target=\"_self\" rel=\"noopener\">L\u2019interview compl\u00e8te \u00e0 retrouver par ici<\/a>.<\/p>\n<p>L\u2019entreprise de m\u00e9nage de C\u00e9cile Gandon replace l\u2019humain au centre<\/p>\n<p><a href=\"https:\/\/www.ouest-france.fr\/economie\/entreprises\/bien-etre-au-travail\/video-son-entreprise-de-menage-replace-l-humain-et-le-bien-etre-au-travail-au-centre-d9716d6b-30de-3831-8072-4b81a369794e\" target=\"_self\" rel=\"noopener\">Presse Oc\u00e9an tape la discut\u2019 avec C\u00e9cile Gandon<\/a>. La quadrag\u00e9naire, ancienne du groupe de maisons de retraite et de cliniques Orpea rebaptis\u00e9 apr\u00e8s un scandale de maltraitance et de dysfonctionnement, a lanc\u00e9 sa propre entreprise de m\u00e9nage. Elle raconte l\u2019importance du bien-\u00eatre et de l\u2019humain au travail.<\/p>\n<p>\u00a0<\/p>\n<p>?<a href=\"https:\/\/nantes.maville.com\/actu\/actudet_-video.-loin-des-conditions-de-travail-proches-de-l-esclavage-son-entreprise-laisse-le-temps-aux-femmes-de-menage-_8-7067280_actu.Htm\" target=\"_self\" rel=\"noopener\"> L\u2019interview compl\u00e8te \u00e0 retrouver par ici<\/a>.<\/p>\n<p>Falmar\u00e8s partage une \u0153uvre in\u00e9dite<\/p>\n<p><a href=\"https:\/\/www.ouest-france.fr\/culture\/arts\/video-le-poete-exile-falmares-partage-un-poeme-inedit-09aa8685-4d53-389a-8633-b6cacafd14a8\" target=\"_self\" rel=\"noopener\">Presse Oc\u00e9an tape la discut\u2019 avec Falmar\u00e8s<\/a>. Le po\u00e8te originaire de Guin\u00e9e est arriv\u00e9 \u00e0 Nantes en 2016 apr\u00e8s un long p\u00e9riple \u00e0 travers la M\u00e9diterran\u00e9e. C\u2019est durant son exil que l\u2019envie d\u2019\u00e9crire lui est venue pour d\u00e9passer les \u00ab\u00a0traumatismes et les violences\u00a0\u00bb dont il a \u00e9t\u00e9 t\u00e9moin.<\/p>\n<p>? <a href=\"https:\/\/nantes.maville.com\/actu\/actudet_-video.-les-poemes-de-falmares-sont-des-reponses-aux-violences-qu-il-a-vecues-et-vues-durant-son-exil-_8-7086369_actu.Htm\" target=\"_self\" rel=\"noopener\">L\u2019interview compl\u00e8te \u00e0 retrouver par ici<\/a>.<\/p>\n<p>\u00a0<\/p>\n<p>\t\t<script async src=\"\/\/www.instagram.com\/embed.js\"><\/script><\/p>\n","protected":false},"excerpt":{"rendered":"Vous avez pu d\u00e9couvrir depuis le 18\u00a0octobre 2025 le nouveau format vid\u00e9o de Presse Oc\u00e9an. \u00c7a s\u2019appelle \u00ab\u00a0PO&hellip;\n","protected":false},"author":2,"featured_media":581499,"comment_status":"","ping_status":"","sticky":false,"template":"","format":"standard","meta":{"footnotes":""},"categories":[2818],"tags":[1111,11,59858,1777,674,1011,27,766,12,2636,5766,1833,10270,25,14301],"class_list":{"0":"post-581498","1":"post","2":"type-post","3":"status-publish","4":"format-standard","5":"has-post-thumbnail","7":"category-nantes","8":"tag-actu","9":"tag-actualites","10":"tag-discut","11":"tag-eu","12":"tag-europe","13":"tag-fr","14":"tag-france","15":"tag-nantes","16":"tag-news","17":"tag-pays-de-la-loire","18":"tag-po","19":"tag-redaction","20":"tag-rencontres","21":"tag-republique-francaise","22":"tag-tape"},"share_on_mastodon":{"url":"https:\/\/pubeurope.com\/@fr\/115671159444717469","error":""},"_links":{"self":[{"href":"https:\/\/www.europesays.com\/fr\/wp-json\/wp\/v2\/posts\/581498","targetHints":{"allow":["GET"]}}],"collection":[{"href":"https:\/\/www.europesays.com\/fr\/wp-json\/wp\/v2\/posts"}],"about":[{"href":"https:\/\/www.europesays.com\/fr\/wp-json\/wp\/v2\/types\/post"}],"author":[{"embeddable":true,"href":"https:\/\/www.europesays.com\/fr\/wp-json\/wp\/v2\/users\/2"}],"replies":[{"embeddable":true,"href":"https:\/\/www.europesays.com\/fr\/wp-json\/wp\/v2\/comments?post=581498"}],"version-history":[{"count":0,"href":"https:\/\/www.europesays.com\/fr\/wp-json\/wp\/v2\/posts\/581498\/revisions"}],"wp:featuredmedia":[{"embeddable":true,"href":"https:\/\/www.europesays.com\/fr\/wp-json\/wp\/v2\/media\/581499"}],"wp:attachment":[{"href":"https:\/\/www.europesays.com\/fr\/wp-json\/wp\/v2\/media?parent=581498"}],"wp:term":[{"taxonomy":"category","embeddable":true,"href":"https:\/\/www.europesays.com\/fr\/wp-json\/wp\/v2\/categories?post=581498"},{"taxonomy":"post_tag","embeddable":true,"href":"https:\/\/www.europesays.com\/fr\/wp-json\/wp\/v2\/tags?post=581498"}],"curies":[{"name":"wp","href":"https:\/\/api.w.org\/{rel}","templated":true}]}}