{"id":58150,"date":"2025-04-28T01:54:30","date_gmt":"2025-04-28T01:54:30","guid":{"rendered":"https:\/\/www.europesays.com\/fr\/58150\/"},"modified":"2025-04-28T01:54:30","modified_gmt":"2025-04-28T01:54:30","slug":"the-last-of-us-black-mirror-hpi-you-15-series-a-rattraper-pendant-les-ponts-de-mai","status":"publish","type":"post","link":"https:\/\/www.europesays.com\/fr\/58150\/","title":{"rendered":"\u00ab\u00a0The Last of Us\u00a0\u00bb, \u00ab\u00a0Black Mirror\u00a0\u00bb, \u00ab\u00a0HPI\u00a0\u00bb, \u00ab\u00a0You\u00a0\u00bb\u2026 15 s\u00e9ries \u00e0 rattraper pendant les ponts de mai"},"content":{"rendered":"<p>Avec trois jeudis f\u00e9ri\u00e9s et autant de possibilit\u00e9s de week-ends prolong\u00e9s, le mois de mai vous verra peut-\u00eatre appuyer sur le frein de la vie quotidienne.L\u2019occasion id\u00e9ale pour se (re)plonger dans les derni\u00e8res sorties qui vous auraient peut-\u00eatre \u00e9chapp\u00e9.De la science-fiction au thriller, en passant par la romance, voici une s\u00e9lection tr\u00e8s subjective pour mettre vos fichiers s\u00e9riels \u00e0 jour.<\/p>\n<p data-module=\"article-paragraph\" class=\"jsx-362436225 Paragraph\">\u00ab\u00a0Et toi, tu regardes quoi ?\u00a0\u00bb On ne sait pas pour vous, mais la question revient \u00e0 chaque nouvelle discussion chez nous. \u00c0 l\u2019heure de la peak tv o\u00f9 les sorties se multiplient, impossible de tout suivre. Alors qu\u2019approche le mois de mai et ses ponts, le timing n\u2019a jamais sembl\u00e9 aussi id\u00e9al pour jeter un \u0153il aux s\u00e9ries arriv\u00e9es le plus r\u00e9cemment sur les plateformes de streaming.\u00a0<\/p>\n<p data-module=\"article-paragraph\" class=\"jsx-362436225 Paragraph Paragraph__End\">Les week-ends prolong\u00e9s des 1er, 8 et 29 mai devraient vous laisser quelques espaces pour d\u00e9couvrir quelques-uns des projets les plus excitants de l\u2019ann\u00e9e. Romance, com\u00e9die, science-fiction, thriller, anticipation\u2026 Voici 15 fictions qui nous ont conquis et ne devraient pas vous laisser indiff\u00e9rents.<\/p>\n<p>\u00ab\u00a0The Last of Us\u00a0\u00bb<\/p>\n<p data-module=\"article-paragraph\" class=\"jsx-362436225 Paragraph\"><a href=\"https:\/\/www.tf1info.fr\/culture\/the-last-of-us-serie-tv-adaptee-du-jeu-video-toujours-plus-haut-l-episode-5-avance-a-cause-du-super-bowl-2247350.html\" target=\"_blank\" rel=\"noopener\">L\u2019adaptation du jeu vid\u00e9o du m\u00eame nom<\/a> est de retour pour une deuxi\u00e8me saison dont l\u2019action reprend cinq ans apr\u00e8s les \u00e9v\u00e8nements de la premi\u00e8re. Joel (Pedro Pascal) et Ellie (<a href=\"https:\/\/www.tf1info.fr\/culture\/serie-amazon-prime-the-last-of-us-qui-est-bella-ramsey-la-jeune-actrice-qui-creve-l-ecran-et-les-zombies-2246308.html\" target=\"_blank\" rel=\"noopener\">Bella Ramsey<\/a>) se retrouvent dans un monde post-apocalyptique \u00ab\u00a0encore plus dangereux et impr\u00e9visible que celui qu\u2019ils ont laiss\u00e9 derri\u00e8re eux\u00a0\u00bb, pr\u00e9vient le synopsis. \u00c0 peine lanc\u00e9e, cette salve d\u2019\u00e9pisodes in\u00e9dits a d\u00e9j\u00e0 offert un moment bouleversant qui a secou\u00e9 tout Internet au moment de sa diffusion. Vous voil\u00e0 pr\u00e9venus.<\/p>\n<p data-module=\"article-paragraph\" class=\"jsx-362436225 Paragraph Paragraph__End\"><strong>Sur Max, un \u00e9pisode chaque lundi.<\/strong><\/p>\n<p>\u00ab\u00a0Black Mirror\u00a0\u00bb<\/p>\n<p data-module=\"article-paragraph\" class=\"jsx-362436225 Paragraph\">La s\u00e9rie anglaise culte cr\u00e9\u00e9e par Charlie Brooker n\u2019a pas dit son dernier mot avec une septi\u00e8me saison qui questionne encore et toujours notre rapport aux nouvelles technologies, tout en d\u00e9cortiquant les relations humaines. Pour la premi\u00e8re fois, Black Mirror propose deux suites \u00e0 ses r\u00e9cits les plus populaires, dont le film interactif Bandersnatch, dans lequel le spectateur choisissait le sort des personnages. La fiction rejoint m\u00eame la r\u00e9alit\u00e9 en proposant deux versions d\u2019un m\u00eame \u00e9pisode\u2026 sans laisser cette fois le choix \u00e0 celui qui le regarde. <a href=\"https:\/\/www.tf1info.fr\/culture\/netflix-the-crown-saison-4-emma-corrin-s-impose-avec-majeste-dans-la-peau-de-lady-di-diana-2169528.html\" target=\"_blank\" rel=\"noopener\">Emma Corrin<\/a> (The Crown), Rashida Jones, Paul Giamatti ou encore le Fran\u00e7ais Stanley Webber sont au g\u00e9n\u00e9rique cette ann\u00e9e.<\/p>\n<p data-module=\"article-paragraph\" class=\"jsx-362436225 Paragraph Paragraph__End\"><strong>Sur Netflix.<\/strong><\/p>\n<p>\u00ab\u00a0HPI\u00a0\u00bb<\/p>\n<p>\u00ab\u00a0High Potential\u00a0\u00bb sur Disney+ : la bande-annonce du remake am\u00e9ricain de \u00ab\u00a0HPI\u00a0\u00bbSource : TF1 Info<\/p>\n<p><img decoding=\"async\" src=\"https:\/\/www.europesays.com\/fr\/wp-content\/uploads\/2025\/04\/high-potential-sur-disney-la-bande-annonce-du-remake-americain-de-hpi-4a1dcf-0@1x.jpeg\" alt=\"&quot;High Potential&quot; sur Disney+ : la bande-annonce du remake am\u00e9ricain de &quot;HPI&quot;\" loading=\"lazy\" importance=\"low\" fetchpriority=\"low\" class=\"\"\/><img decoding=\"async\" src=\"https:\/\/www.europesays.com\/fr\/wp-content\/uploads\/2025\/04\/player-logo-play.svg.svg+xml\" alt=\"Logo lecture\" class=\"jsx-d0de44c05fe3042c PlayerLazyload__Play\"\/><\/p>\n<p data-module=\"article-paragraph\" class=\"jsx-362436225 Paragraph\">Elle est attendue pile pour le m\u00e9nage de printemps. Morgane Alvaro, la m\u00e8re de famille loufoque au QI hors norme, devra prochainement composer avec la r\u00e9v\u00e9lation de l\u2019identit\u00e9 du p\u00e8re de son nouveau-n\u00e9, chez qui elle emm\u00e9nageait en toute fin de saison 4. Et si avant de d\u00e9couvrir<a href=\"https:\/\/www.tf1info.fr\/culture\/programme-tv-hpi-fera-son-retour-au-printemps-sur-tf1-pour-une-saison-5-inedite-2358021.html\" target=\"_blank\" rel=\"noopener\"> la saison 5 in\u00e9dite le 15 mai<\/a>, on rembobinait les intrigues pr\u00e9c\u00e9dentes ? Les quatre premi\u00e8res saisons sont disponibles pour se rafra\u00eechir la m\u00e9moire, <a href=\"https:\/\/www.tf1info.fr\/culture\/programme-tv-series-high-potential-disney-plus-intrigues-personnages-on-a-joue-au-jeu-des-7-differences-entre-hpi-et-son-remake-americain-2346275.html\" target=\"_blank\" rel=\"noopener\">tout comme le remake am\u00e9ricain High Potential<\/a>.<\/p>\n<p data-module=\"article-paragraph\" class=\"jsx-362436225 Paragraph Paragraph__End\"><strong>Sur TF1+ et sur Disney+;<\/strong><\/p>\n<ul class=\"jsx-658110588 ReadMoreArticle__List flex flex-column\">\n<li class=\"jsx-658110588\"><a href=\"https:\/\/www.tf1info.fr\/culture\/streaming-disney-plus-high-potential-arrive-en-france-qui-est-kaitlin-olson-l-heroine-du-remake-americain-de-hpi-2346097.html\" rel=\"noopener\" class=\"jsx-4233824444 Link flex\" target=\"_blank\"><img decoding=\"async\" src=\"https:\/\/www.europesays.com\/fr\/wp-content\/uploads\/2025\/04\/kaitlin-olson-high-potential-hpi-serie-1aa997-0@1x.jpeg\" alt=\"Lire aussi\" loading=\"lazy\" importance=\"low\" fetchpriority=\"low\" class=\"\" copyright=\"Disney+\"\/>\n<p class=\"jsx-658110588 ReadMoreArticle__Title\">Lire aussi<\/p>\n<p class=\"jsx-658110588\">\u00ab\u00a0High Potential\u00a0\u00bb arrive en France : qui est Kaitlin Olson, l\u2019h\u00e9ro\u00efne du remake am\u00e9ricain de \u00ab\u00a0HPI\u00a0\u00bb ?<\/p>\n<p><\/a><\/li>\n<\/ul>\n<p>\u00ab\u00a0You\u00a0\u00bb<\/p>\n<p data-module=\"article-paragraph\" class=\"jsx-362436225 Paragraph\">Cette fois-ci, c\u2019est la bonne. <a href=\"https:\/\/www.tf1info.fr\/culture\/you-serie-netflix-saison-4-penn-badgley-s-exile-a-londres-pour-une-saison-4-facon-agatha-christie-2247421.html\" target=\"_blank\" rel=\"noopener\">Apr\u00e8s cinq saisons \u00e0 torturer les femmes dont il tombe amoureux<\/a>, le stalkeur-meurtrier le plus c\u00e9l\u00e8bre de Netflix signe enfin son chant du cygne. Joe Goldberg, le h\u00e9ros de la s\u00e9rie You, s\u2019offre un dernier tour de piste pour le plus grand bonheur de son interpr\u00e8te Penn Badgley. De retour \u00e0 New York, le libraire d\u00e9sormais mari\u00e9 \u00e0 sa riche Anglaise Kate a-t-il enfin \u00e9teint le monstre qui sommeille en lui ? R\u00e9ponse \u00e0 l\u2019issue des 10 nouveaux \u00e9pisodes qui valent avant tout pour la performance d\u2019Anna Camp (Pitch Perfect), parfaite dans le r\u00f4le de jumelles aussi t\u00eates \u00e0 claques l\u2019une que l\u2019autre.<\/p>\n<p data-module=\"article-paragraph\" class=\"jsx-362436225 Paragraph Paragraph__End\"><strong>Sur Netflix.<\/strong><\/p>\n<p>\u00ab\u00a0Good American Family\u00a0\u00bb<\/p>\n<p data-module=\"article-paragraph\" class=\"jsx-362436225 Paragraph\">Ellen Pompeo raccroche la blouse de m\u00e9decin qu\u2019elle porte depuis 20 ans<a href=\"https:\/\/www.tf1info.fr\/culture\/programme-tv-streaming-good-american-family-disney-plus-ellen-pompeo-s-eloigne-de-grey-s-anatomy-avec-un-role-tres-intense-2365078.html\" target=\"_blank\" rel=\"noopener\"> le temps d\u2019une mini-s\u00e9rie d\u00e9rangeante<\/a>. La faute \u00e0 sa source d\u2019inspiration, <a href=\"https:\/\/www.tf1info.fr\/culture\/on-la-surnommait-la-naine-psychopathe-qui-est-natalia-grace-la-vraie-heroine-de-la-serie-good-american-family-2365494.html\" target=\"_blank\" rel=\"noopener\">un sombre fait divers qui<\/a> continue \u00e0 passionner l\u2019Am\u00e9rique des ann\u00e9es apr\u00e8s. La star de Grey\u2019s Anatomy joue une m\u00e8re de famille persuad\u00e9e que la fillette qu\u2019elle a adopt\u00e9e est en fait une adulte manipulatrice voulant la tuer. Les huit \u00e9pisodes m\u00ealent les diff\u00e9rents points de vue pour brouiller les pistes sans jamais prendre parti. Les fans de Meredith Grey risquent bien d&rsquo;\u00eatre d\u00e9sar\u00e7onn\u00e9s face \u00e0 leur actrice favorite qu&rsquo;ils adoreront d\u00e9tester sans doute pour la premi\u00e8re fois en deux d\u00e9cennies.<\/p>\n<p data-module=\"article-paragraph\" class=\"jsx-362436225 Paragraph Paragraph__End\"><strong>Sur Disney+.<\/strong><\/p>\n<ul class=\"jsx-658110588 ReadMoreArticle__List flex flex-column\">\n<li class=\"jsx-658110588\"><a href=\"https:\/\/www.tf1info.fr\/culture\/programme-tv-streaming-good-american-family-disney-plus-ellen-pompeo-s-eloigne-de-grey-s-anatomy-avec-un-role-tres-intense-2365078.html\" rel=\"noopener\" class=\"jsx-4233824444 Link flex\" target=\"_blank\"><img decoding=\"async\" src=\"https:\/\/www.europesays.com\/fr\/wp-content\/uploads\/2025\/04\/ellen-pompeo-good-american-family-1f9b81-0@1x.jpeg\" alt=\"L'actrice am\u00e9ricaine Ellen Pompeo en interview pour TF1info, mars 2025.\" loading=\"lazy\" importance=\"low\" fetchpriority=\"low\" class=\"\" copyright=\"TF1info\"\/>\n<p class=\"jsx-658110588 ReadMoreArticle__Title\">Lire aussi<\/p>\n<p class=\"jsx-658110588\">INTERVIEW &#8211; \u00ab\u00a0Good American Family\u00a0\u00bb : Ellen Pompeo s&rsquo;\u00e9loigne de \u00ab\u00a0Grey&rsquo;s Anatomy\u00a0\u00bb avec un r\u00f4le \u00ab\u00a0tr\u00e8s intense\u00a0\u00bb<\/p>\n<p><\/a><\/li>\n<\/ul>\n<p>\u00ab\u00a0La rivi\u00e8re des disparues\u00a0\u00bb<\/p>\n<p data-module=\"article-paragraph\" class=\"jsx-362436225 Paragraph\">Amanda Seyfried n\u2019avait encore \u00ab\u00a0jamais eu l\u2019opportunit\u00e9 de jouer un policier\u00a0\u00bb. C\u2019est d\u00e9sormais chose faite avec <a href=\"https:\/\/www.tf1info.fr\/culture\/series-streaming-interview-avant-la-riviere-des-disparues-sur-max-amanda-seyfried-n-avait-jamais-eu-l-opportunite-de-jouer-un-policier-2361758.html\" target=\"_blank\" rel=\"noopener\">ce thriller sous tension<\/a> adapt\u00e9 du best-seller Long Bright River de Liz Moore. La star de Mamma Mia incarne avec force une patrouilleuse de la police de Philadelphie qui traque l\u2019auteur d\u2019une s\u00e9rie de meurtres de jeunes toxicomanes sans domicile. Une fiction puissante qui tient en haleine pendant huit \u00e9pisodes.<\/p>\n<p data-module=\"article-paragraph\" class=\"jsx-362436225 Paragraph Paragraph__End\"><strong>Sur Max.<\/strong><\/p>\n<p>\u00ab\u00a0Adolescence\u00a0\u00bb<\/p>\n<p data-module=\"article-paragraph\" class=\"jsx-362436225 Paragraph\">Le ph\u00e9nom\u00e8ne de ce d\u00e9but d\u2019ann\u00e9e tient en un mot. Cr\u00e9ation anglaise en quatre \u00e9pisodes, Adolescence s\u2019est impos\u00e9e en un rien de temps \u00e0 la troisi\u00e8me place des s\u00e9ries les plus vues de l\u2019histoire de Netflix, d\u00e9logeant du podium<a href=\"https:\/\/www.tf1info.fr\/culture\/dahmer-sur-netflix-un-succes-monstre-et-une-fascination-malsaine-sur-les-reseaux-sociaux-tik-tok-2235172.html\" target=\"_blank\" rel=\"noopener\"> le serial killer cannibale Dahmer<\/a>. Le quotidien d\u2019une famille de classe moyenne du nord de l\u2019Angleterre est totalement chamboul\u00e9 quand <a href=\"https:\/\/www.tf1info.fr\/culture\/qui-est-acteur-owen-cooper-la-revelation-de-la-serie-adolescence-sur-netflix-2361596.html\" target=\"_blank\" rel=\"noopener\">un adolescent de 13 ans est accus\u00e9 du meurtre d\u2019une camarade de classe<\/a>.\u00a0<\/p>\n<p data-module=\"article-paragraph\" class=\"jsx-362436225 Paragraph\">S\u2019attaquant avec brio \u00e0 des th\u00e9matiques soci\u00e9tales cl\u00e9s, cette fiction brille surtout par sa mise en sc\u00e8ne exceptionnelle, chaque \u00e9pisode d\u2019une heure se composant d\u2019un seul plan-s\u00e9quence film\u00e9 en temps r\u00e9el. M\u00eame le Premier ministre britannique Keir Starmer a \u00e9t\u00e9 frapp\u00e9 en plein coeur, assurant que la production serait montr\u00e9e<a href=\"https:\/\/www.tf1info.fr\/culture\/adolescence-la-serie-phenomene-va-etre-diffusee-dans-les-colleges-et-lycees-du-royaume-uni-2362474.html\" target=\"_blank\" rel=\"noopener\"> dans les \u00e9coles britanniques<\/a>.<\/p>\n<p data-module=\"article-paragraph\" class=\"jsx-362436225 Paragraph Paragraph__End\"><strong>Sur Netflix.<\/strong><\/p>\n<p>\u00ab\u00a0Severance\u00a0\u00bb<\/p>\n<p data-module=\"article-paragraph\" class=\"jsx-362436225 Paragraph\">Fascinante, d\u00e9routante, \u00e9nigmatique. Les mots manquent pour qualifier <a href=\"https:\/\/www.tf1info.fr\/culture\/programme-tv-streaming-severance-saison-deux-appletv-plus-fascinante-enigmatique-et-deroutante-la-serie-qui-va-vous-faire-preferer-le-teletravail-2345011.html\" target=\"_blank\" rel=\"noopener\">ce petit bijou t\u00e9l\u00e9visuel fa\u00e7onn\u00e9 par Ben Stiller <\/a>qui vous fera pr\u00e9f\u00e9rer le t\u00e9l\u00e9travail. Cette remarquable s\u00e9rie port\u00e9e par Adam Scott, Patricia Arquette ou encore Christopher Walken suit le myst\u00e9rieux quotidien d\u2019employ\u00e9s ayant sciemment accept\u00e9 de subir une op\u00e9ration permettant de s\u00e9parer leur vie professionnelle de leur vie priv\u00e9e. Difficile pour tout salari\u00e9 de ne pas se reconna\u00eetre dans au moins l\u2019un des h\u00e9ros sous haute surveillance finissant par questionner leur rapport au travail, qui n\u2019est \u00e0 l\u2019\u00e9cran pas vraiment synonyme d\u2019\u00e9panouissement. Un bijou, on vous dit !<\/p>\n<p data-module=\"article-paragraph\" class=\"jsx-362436225 Paragraph Paragraph__End\"><strong>Sur AppleTV+.<\/strong><\/p>\n<p>\u00ab\u00a0The White Lotus\u00a0\u00bb<\/p>\n<p data-module=\"article-paragraph\" class=\"jsx-362436225 Paragraph\">Si vous ne comprenez pas tous ceux qui hurlent \u00ab\u00a0Piper, noooo !\u00a0\u00bb sur les r\u00e9seaux sociaux depuis des semaines, il est encore temps d\u2019embarquer pour la Tha\u00eflande o\u00f9 se d\u00e9roule <a href=\"https:\/\/www.tf1info.fr\/culture\/programme-tv-streaming-series-the-white-lotus-saison-3-le-phenomene-rouvre-ses-portes-pour-une-saison-absolument-jubilatoire-sur-max-2351133.html\" target=\"_blank\" rel=\"noopener\">la troisi\u00e8me saison de The White Lotus<\/a>. Apr\u00e8s Hawa\u00ef et la Sicile, la s\u00e9rie d\u00e9j\u00e0 culte de HBO continue \u00e0 r\u00e9v\u00e9ler le pire de ses personnages pris au pi\u00e8ge de vacances litt\u00e9ralement mortelles. Un savoureux m\u00e9lange de whodunnit \u00e0 la Agatha Christie et de lutte des classes aussi jubilatoire qu\u2019immanquable.<\/p>\n<p data-module=\"article-paragraph\" class=\"jsx-362436225 Paragraph Paragraph__End\"><strong>Sur Max.<\/strong><\/p>\n<ul class=\"jsx-658110588 ReadMoreArticle__List flex flex-column\">\n<li class=\"jsx-658110588\"><a href=\"https:\/\/www.tf1info.fr\/culture\/programme-tv-series-streaming-the-white-lotus-saison-3-dans-la-famille-schwarzenegger-voici-patrick-le-fils-prodige-va-vous-surprendre-2351332.html\" rel=\"noopener\" class=\"jsx-4233824444 Link flex\" target=\"_blank\"><img decoding=\"async\" src=\"https:\/\/www.europesays.com\/fr\/wp-content\/uploads\/2025\/04\/patrick-schwarznegger-the-white-lotus-saison-3-bafeeb-0@1x.jpeg\" alt=\"Lire aussi\" loading=\"lazy\" importance=\"low\" fetchpriority=\"low\" class=\"\" copyright=\"HBO\"\/>\n<p class=\"jsx-658110588 ReadMoreArticle__Title\">Lire aussi<\/p>\n<p class=\"jsx-658110588\">Dans la famille Schwarzenegger, voici Patrick : le fils prodige va vous surprendre dans \u00ab\u00a0The White Lotus\u00a0\u00bb<\/p>\n<p><\/a><\/li>\n<\/ul>\n<p>\u00ab\u00a0The Studio\u00a0\u00bb<\/p>\n<p>\u00ab\u00a0The Studio\u00a0\u00bb : la bande-annonce de et avec Seth Rogen qui tacle HollywoodSource : TF1 Info<\/p>\n<p><img decoding=\"async\" src=\"https:\/\/www.europesays.com\/fr\/wp-content\/uploads\/2025\/04\/the-studio-la-bande-annonce-de-et-avec-seth-rogen-qui-tacle-hollywood-f24418-0@1x.jpeg\" alt=\"&quot;The Studio&quot; : la bande-annonce de et avec Seth Rogen qui tacle Hollywood\" loading=\"lazy\" importance=\"low\" fetchpriority=\"low\" class=\"\"\/><img decoding=\"async\" src=\"https:\/\/www.europesays.com\/fr\/wp-content\/uploads\/2025\/04\/player-logo-play.svg.svg+xml\" alt=\"Logo lecture\" class=\"jsx-d0de44c05fe3042c PlayerLazyload__Play\"\/><\/p>\n<p data-module=\"article-paragraph\" class=\"jsx-362436225 Paragraph\">La s\u00e9rie qui nous a le plus fait rire cette ann\u00e9e sort tout droit de la caverne aux merveilles d\u2019AppleTV+. Seth Rogen \u00e9crit, r\u00e9alise et tient le premier r\u00f4le <a href=\"https:\/\/www.tf1info.fr\/culture\/series-streaming-the-studio-sur-appletv-de-et-avec-seth-rogen-un-tresor-de-comedie-qui-moque-hollywood-sans-aucun-filtre-2360967.html\" target=\"_blank\" rel=\"noopener\">d\u2019une formidable s\u00e9rie aux faux airs de Dix pour cent<\/a>. The Studio s\u2019immisce en dix \u00e9pisodes dans les coulisses d\u2019un studio de cin\u00e9ma hollywoodien sur le d\u00e9clin, contraint \u00e0 toutes les excentricit\u00e9s pour sortir la t\u00eate hors de l\u2019eau. M\u00eame Martin Scorsese et le patron du concurrent Netflix ont accept\u00e9 de jouer le jeu dans ce qui restera l\u2019une des meilleures s\u00e9ries de 2025. Un tr\u00e9sor pur de com\u00e9die sans aucun filtre qui fait beaucoup de bien.<\/p>\n<p data-module=\"article-paragraph\" class=\"jsx-362436225 Paragraph Paragraph__End\"><strong>Sur AppleTV+, un \u00e9pisode chaque mercredi.<\/strong><\/p>\n<p>\u00ab\u00a0De parfaites demoiselles\u00a0\u00bb<\/p>\n<p data-module=\"article-paragraph\" class=\"jsx-362436225 Paragraph\"><a href=\"https:\/\/www.tf1info.fr\/culture\/programme-tv-netflix-streaming-la-chronique-des-bridgerton-profite-de-la-saint-valentin-pour-devoiler-les-premieres-images-de-sa-saison-4-2350923.html\" target=\"_blank\" rel=\"noopener\">Bridgerton <\/a>vous manque et vous ne pouvez pas attendre juin pour d\u00e9couvrir<a href=\"https:\/\/www.tf1info.fr\/culture\/the-buccaneers-sur-apple-tv-plus-la-serie-qui-vous-fera-patienter-jusqu-au-retour-de-bridgerton-sur-netflix-2276995.html\" target=\"_blank\" rel=\"noopener\"> la suite de The Buccaneers<\/a> ? Votre salut viendra d\u2019une p\u00e9tillante romance venue d\u2019Espagne pass\u00e9e un peu sous les radars. Dans le Madrid de 1880, la dame de compagnie la plus courue de la capitale est engag\u00e9e pour marier les trois filles d\u2019un riche veuf. Ses m\u00e9thodes, mais aussi son c\u0153ur, seront mis \u00e0 rudes \u00e9preuves par les s\u0153urs et leur charmant cousin qui ne la laissera pas insensible. Une fiction dr\u00f4le et moderne, rythm\u00e9e par les plus grands tubes de la pop mondiale.<\/p>\n<p data-module=\"article-paragraph\" class=\"jsx-362436225 Paragraph Paragraph__End\"><strong>Sur Netflix.<\/strong><\/p>\n<p>\u00ab\u00a0The Pitt\u00a0\u00bb<\/p>\n<p data-module=\"article-paragraph\" class=\"jsx-362436225 Paragraph\">Seize ans apr\u00e8s l\u2019arr\u00eat d&rsquo;Urgences, deux de ses producteurs s\u2019allient pour une fiction absolument fantastique se d\u00e9roulant en temps r\u00e9el. La premi\u00e8re saison de The Pitt suit l\u2019int\u00e9gralit\u00e9 d\u2019une garde des m\u00e9decins urgentistes d\u2019un h\u00f4pital de Pittsburg <a href=\"https:\/\/www.tf1info.fr\/culture\/serie-hbo-max-the-pitt-noah-wyle-de-retour-aux-urgences-pour-le-24-heures-chrono-des-series-medicales-2343936.html\" target=\"_blank\" rel=\"noopener\">\u00e0 la fa\u00e7on de 24 Heures Chrono<\/a>. Quinze \u00e9pisodes et quinze heures pour \u00e9voquer les failles du syst\u00e8me de sant\u00e9 am\u00e9ricain avec \u00e0 la t\u00eate de l\u2019\u00e9quipe Noah Wyle, l\u2019inoubliable interpr\u00e8te du docteur Carter. Une saison 2 est d\u00e9j\u00e0 en cours de tournage.<\/p>\n<p data-module=\"article-paragraph\" class=\"jsx-362436225 Paragraph Paragraph__End\"><strong>Sur Max.<\/strong><\/p>\n<p>\u00ab\u00a0\u00c9toile\u00a0\u00bb<\/p>\n<p data-module=\"article-paragraph\" class=\"jsx-362436225 Paragraph\">C\u2019est sa toute premi\u00e8re s\u00e9rie am\u00e9ricaine. Charlotte Gainsbourg se l\u00e2che comme rarement \u00e0 l\u2019\u00e9cran dans un r\u00f4le qui ne lui \u00e9tait au d\u00e9part pas destin\u00e9.<a href=\"https:\/\/www.tf1info.fr\/culture\/interview-charlotte-gainsbourg-mene-la-danse-avec-humour-dans-la-serie-etoile-j-ai-adore-mon-personnage-2366842.html\" target=\"_blank\" rel=\"noopener\"> Dans \u00c9toile<\/a>, la nouvelle s\u00e9rie des cr\u00e9ateurs de Gilmore Girls et<a href=\"https:\/\/www.tf1info.fr\/culture\/serie-la-fabuleuse-mme-maisel-prime-video-rachel-brosnahan-la-femme-au-foyer-la-plus-drole-d-amerique-est-enfin-de-retour-2211141.html\" target=\"_blank\" rel=\"noopener\"> La Fabuleuse Mme Maisel<\/a>, elle se glisse. dans les chaussons de la directrice d&rsquo;une compagnie de danse parisienne pr\u00eate \u00e0 toutes les folies pour sauver son institution. Son association avec Luke Kirby et Lou de La\u00e2ge fait tellement d\u2019\u00e9tincelles qu\u2019on est pr\u00eats \u00e0 poursuivre ce pas de deux pendant encore de nombreuses saisons.<\/p>\n<p data-module=\"article-paragraph\" class=\"jsx-362436225 Paragraph Paragraph__End\"><strong>Sur Prime Video.<\/strong><\/p>\n<ul class=\"jsx-658110588 ReadMoreArticle__List flex flex-column\">\n<li class=\"jsx-658110588\"><a href=\"https:\/\/www.tf1info.fr\/culture\/interview-charlotte-gainsbourg-mene-la-danse-avec-humour-dans-la-serie-etoile-j-ai-adore-mon-personnage-2366842.html\" rel=\"noopener\" class=\"jsx-4233824444 Link flex\" target=\"_blank\"><img decoding=\"async\" src=\"https:\/\/www.europesays.com\/fr\/wp-content\/uploads\/2025\/04\/charlotte-gainsbourg-etoile-prime-video-475791-0@1x.jpeg\" alt=\"Charlotte Gainsbourg dans la s\u00e9rie &quot;\u00c9toile&quot;, en ligne le 24 avril 2025 sur Prime Video.\" loading=\"lazy\" importance=\"low\" fetchpriority=\"low\" class=\"\" copyright=\"Philippe Antonello\/Prime Video\"\/>\n<p class=\"jsx-658110588 ReadMoreArticle__Title\">Lire aussi<\/p>\n<p class=\"jsx-658110588\">Charlotte Gainsbourg m\u00e8ne la danse avec humour dans la s\u00e9rie \u00ab\u00a0\u00c9toile\u00a0\u00bb : \u00ab\u00a0J&rsquo;ai ador\u00e9 mon personnage\u00a0\u00bb<\/p>\n<p><\/a><\/li>\n<\/ul>\n<p>\u00ab\u00a0Pulse\u00a0\u00bb<\/p>\n<p data-module=\"article-paragraph\" class=\"jsx-362436225 Paragraph\">Comme un ouragan, cette s\u00e9rie m\u00e9dicale a tout emport\u00e9. Surtout ses personnages qui font litt\u00e9ralement leur d\u00e9but en pleine temp\u00eate. Qu\u2019elle soit m\u00e9t\u00e9orologique ou personnelle. La jeune Danny Sims est nomm\u00e9e chef des internes en catastrophe apr\u00e8s la suspension de son sup\u00e9rieur, avec qui elle entretiendrait une liaison \u00e0 en croire les rumeurs qui courent dans les couloirs de ce centre de traumatologie le plus fr\u00e9quent\u00e9 de Miami. Avec Pulse, Netflix d\u00e9gaine sa r\u00e9ponse \u00e0 Grey\u2019s Anatomy en m\u00ealant m\u00e9dical et romance. Si la fiction n\u2019a pour l\u2019instant pas les jambes pour durer 20 ans, elle se laisse ausculter sans d\u00e9plaisir.<\/p>\n<p data-module=\"article-paragraph\" class=\"jsx-362436225 Paragraph Paragraph__End\"><strong>Sur Netflix.<\/strong><\/p>\n<p>\u00ab\u00a0Le Sens des choses\u00a0\u00bb<\/p>\n<ul class=\"jsx-658110588 ReadMoreArticle__List flex flex-column\">\n<li class=\"jsx-658110588\"><a href=\"https:\/\/www.tf1info.fr\/culture\/series-streaming-le-sens-des-choses-sur-plateforme-max-rabbine-en-formation-cherche-reponses-a-vos-questions-2361407.html\" rel=\"noopener\" class=\"jsx-4233824444 Link flex\" target=\"_blank\"><img decoding=\"async\" src=\"https:\/\/www.europesays.com\/fr\/wp-content\/uploads\/2025\/04\/le-sens-des-choses-serie-max-689ab6-0@1x.jpeg\" alt=\"Elsa Guedj incarne L\u00e9a, une jeune rabbine dans la s\u00e9rie &quot;Le Sens des choses&quot;, librement adapt\u00e9e d'un livre de Delphine Horvilleur.\" loading=\"lazy\" importance=\"low\" fetchpriority=\"low\" class=\"\" copyright=\"MAX\"\/>\n<p class=\"jsx-658110588 ReadMoreArticle__Title\">Lire aussi<\/p>\n<p class=\"jsx-658110588\">\u00ab\u00a0Le Sens des choses\u00a0\u00bb sur Max : rabbine en formation cherche r\u00e9ponses \u00e0 vos questions<\/p>\n<p><\/a><\/li>\n<\/ul>\n<p data-module=\"article-paragraph\" class=\"jsx-362436225 Paragraph\">Librement adapt\u00e9e du roman Vivre avec nos morts de la rabbine Delphine Horvilleur, cette tendre com\u00e9die disponible ce vendredi suit les d\u00e9buts chahut\u00e9s de L\u00e9a, 28 ans, tout juste nomm\u00e9e rabbine dans une synagogue de Strasbourg. Huit \u00e9pisodes de 30 minutes o\u00f9 la crise de foi d\u00e9passe largement le cadre religieux pour faire \u00e9cho en chacun de nous, croyants ou non. Exceptionnelle de d\u00e9licatesse et de sensibilit\u00e9, Elsa Guedj (Dr\u00f4le) est une r\u00e9v\u00e9lation (assur\u00e9ment divine).<\/p>\n<p data-module=\"article-paragraph\" class=\"jsx-362436225 Paragraph Paragraph__End\"><strong>Sur Max.<\/strong><\/p>\n<p>Delphine DE FREITAS<\/p>\n","protected":false},"excerpt":{"rendered":"Avec trois jeudis f\u00e9ri\u00e9s et autant de possibilit\u00e9s de week-ends prolong\u00e9s, le mois de mai vous verra peut-\u00eatre&hellip;\n","protected":false},"author":2,"featured_media":58151,"comment_status":"","ping_status":"","sticky":false,"template":"","format":"standard","meta":{"footnotes":""},"categories":[1356],"tags":[1111,11,1921,10498,58,59,1011,27,2137,1922,2041,973,473,4280,128,252,1364,133,2040],"class_list":{"0":"post-58150","1":"post","2":"type-post","3":"status-publish","4":"format-standard","5":"has-post-thumbnail","7":"category-television","8":"tag-actu","9":"tag-actualites","10":"tag-article-video","11":"tag-charlotte-gainsbourg","12":"tag-divertissement","13":"tag-entertainment","14":"tag-fr","15":"tag-france","16":"tag-hollywood","17":"tag-info","18":"tag-medias-et-divertissement","19":"tag-people","20":"tag-royaume-uni","21":"tag-series-tele","22":"tag-streaming","23":"tag-television","24":"tag-tv","25":"tag-video","26":"tag-video-culture"},"share_on_mastodon":{"url":"https:\/\/pubeurope.com\/@fr\/114413100478376738","error":""},"_links":{"self":[{"href":"https:\/\/www.europesays.com\/fr\/wp-json\/wp\/v2\/posts\/58150","targetHints":{"allow":["GET"]}}],"collection":[{"href":"https:\/\/www.europesays.com\/fr\/wp-json\/wp\/v2\/posts"}],"about":[{"href":"https:\/\/www.europesays.com\/fr\/wp-json\/wp\/v2\/types\/post"}],"author":[{"embeddable":true,"href":"https:\/\/www.europesays.com\/fr\/wp-json\/wp\/v2\/users\/2"}],"replies":[{"embeddable":true,"href":"https:\/\/www.europesays.com\/fr\/wp-json\/wp\/v2\/comments?post=58150"}],"version-history":[{"count":0,"href":"https:\/\/www.europesays.com\/fr\/wp-json\/wp\/v2\/posts\/58150\/revisions"}],"wp:featuredmedia":[{"embeddable":true,"href":"https:\/\/www.europesays.com\/fr\/wp-json\/wp\/v2\/media\/58151"}],"wp:attachment":[{"href":"https:\/\/www.europesays.com\/fr\/wp-json\/wp\/v2\/media?parent=58150"}],"wp:term":[{"taxonomy":"category","embeddable":true,"href":"https:\/\/www.europesays.com\/fr\/wp-json\/wp\/v2\/categories?post=58150"},{"taxonomy":"post_tag","embeddable":true,"href":"https:\/\/www.europesays.com\/fr\/wp-json\/wp\/v2\/tags?post=58150"}],"curies":[{"name":"wp","href":"https:\/\/api.w.org\/{rel}","templated":true}]}}