{"id":581504,"date":"2025-12-06T06:19:21","date_gmt":"2025-12-06T06:19:21","guid":{"rendered":"https:\/\/www.europesays.com\/fr\/581504\/"},"modified":"2025-12-06T06:19:21","modified_gmt":"2025-12-06T06:19:21","slug":"bordeaux-dinan-lehon-la-composition-dequipe-probable-des-girondins","status":"publish","type":"post","link":"https:\/\/www.europesays.com\/fr\/581504\/","title":{"rendered":"Bordeaux-Dinan L\u00e9hon : la composition d&rsquo;\u00e9quipe probable des Girondins"},"content":{"rendered":"<p><img decoding=\"async\" src=\"https:\/\/www.europesays.com\/fr\/wp-content\/uploads\/2025\/08\/671_21d7cbef58ae00a7868bfeff61f4c506.jpg\" alt=\"Bordeaux-Dinan L\u00e9hon : la composition d'\u00e9quipe probable des Girondins\" class=\"img-responsive mt-3\"\/><\/p>\n<p class=\"text-center mb-3\" style=\"font-size: 14px\">\u00a9 Iconsport<\/p>\n<p>      <strong>Bordeaux-Dinan L\u00e9hon : le 11 probable des Girondins face Dinan L\u00e9hon<\/strong><\/p>\n<p style=\"text-align: justify;\">Le groupe de joueurs retenus par Bruno Irl\u00e8s n&rsquo;a pas \u00e9t\u00e9 communiqu\u00e9 au moment ou nous publions cet article. Hier soir, La Roche a pris la t\u00eate du classsement de la poule A de N2 (<a href=\"https:\/\/www.webgirondins.com\/actualite-girondins-n2-la-roche-sur-yon-nouveau-leader-bayonne-tombe-aux-herbiers-131392\" target=\"_blank\" rel=\"noopener\">voir ici<\/a>).<\/p>\n<p style=\"text-align: justify;\">Voici le 11 probable des Girondins face \u00e0 Dinan L\u00e9hon :<\/p>\n<p style=\"text-align: justify;\"><img decoding=\"async\" src=\"https:\/\/www.europesays.com\/fr\/wp-content\/uploads\/2025\/12\/4-4-2 (68).jpg\" alt=\"4-4-2 (68).jpg (75 KB)\" style=\"width:700px;max-width:100%;\"\/><\/p>\n<p style=\"text-align: justify;\">\u00a0<\/p>\n<p style=\"text-align: justify;\">\u00c0 lire &gt;&gt; <strong><a href=\"https:\/\/www.webgirondins.com\/actualite-girondins-bordeaux-les-girondins-presentent-leur-troisieme-maillot-signe-hummel-131390\" target=\"_blank\" rel=\"noopener\">les Girondins pr\u00e9sentent leur troisi\u00e8me maillot, sign\u00e9 Hummel<\/a><\/strong><\/p>\n<p style=\"text-align: justify;\">\u00c9coutez dans le podcast court sur l&rsquo;actu des Girondins :<\/p>\n","protected":false},"excerpt":{"rendered":"\u00a9 Iconsport Bordeaux-Dinan L\u00e9hon : le 11 probable des Girondins face Dinan L\u00e9hon Le groupe de joueurs retenus&hellip;\n","protected":false},"author":2,"featured_media":291079,"comment_status":"","ping_status":"","sticky":false,"template":"","format":"standard","meta":{"footnotes":""},"categories":[2817],"tags":[1111,11,3987,2865,1997,3984,3474,3472,2263,1777,674,1011,27,1987,3465,3473,12,2219,471,12142,25,3982,2858],"class_list":{"0":"post-581504","1":"post","2":"type-post","3":"status-publish","4":"format-standard","5":"has-post-thumbnail","7":"category-bordeaux","8":"tag-actu","9":"tag-actualites","10":"tag-affronter","11":"tag-atlantique","12":"tag-bordeaux","13":"tag-composition","14":"tag-decouvrez","15":"tag-dinan","16":"tag-equipe","17":"tag-eu","18":"tag-europe","19":"tag-fr","20":"tag-france","21":"tag-girondins","22":"tag-journee","23":"tag-lehon","24":"tag-news","25":"tag-nouvelle-aquitaine","26":"tag-pour","27":"tag-probable","28":"tag-republique-francaise","29":"tag-samedi","30":"tag-stade"},"share_on_mastodon":{"url":"https:\/\/pubeurope.com\/@fr\/115671176023318483","error":""},"_links":{"self":[{"href":"https:\/\/www.europesays.com\/fr\/wp-json\/wp\/v2\/posts\/581504","targetHints":{"allow":["GET"]}}],"collection":[{"href":"https:\/\/www.europesays.com\/fr\/wp-json\/wp\/v2\/posts"}],"about":[{"href":"https:\/\/www.europesays.com\/fr\/wp-json\/wp\/v2\/types\/post"}],"author":[{"embeddable":true,"href":"https:\/\/www.europesays.com\/fr\/wp-json\/wp\/v2\/users\/2"}],"replies":[{"embeddable":true,"href":"https:\/\/www.europesays.com\/fr\/wp-json\/wp\/v2\/comments?post=581504"}],"version-history":[{"count":0,"href":"https:\/\/www.europesays.com\/fr\/wp-json\/wp\/v2\/posts\/581504\/revisions"}],"wp:featuredmedia":[{"embeddable":true,"href":"https:\/\/www.europesays.com\/fr\/wp-json\/wp\/v2\/media\/291079"}],"wp:attachment":[{"href":"https:\/\/www.europesays.com\/fr\/wp-json\/wp\/v2\/media?parent=581504"}],"wp:term":[{"taxonomy":"category","embeddable":true,"href":"https:\/\/www.europesays.com\/fr\/wp-json\/wp\/v2\/categories?post=581504"},{"taxonomy":"post_tag","embeddable":true,"href":"https:\/\/www.europesays.com\/fr\/wp-json\/wp\/v2\/tags?post=581504"}],"curies":[{"name":"wp","href":"https:\/\/api.w.org\/{rel}","templated":true}]}}