{"id":581507,"date":"2025-12-06T06:21:15","date_gmt":"2025-12-06T06:21:15","guid":{"rendered":"https:\/\/www.europesays.com\/fr\/581507\/"},"modified":"2025-12-06T06:21:15","modified_gmt":"2025-12-06T06:21:15","slug":"municipales-2026-a-toulouse-lgv-et-a-69-les-deux-dossiers-chauds-qui-fachent-les-gauches","status":"publish","type":"post","link":"https:\/\/www.europesays.com\/fr\/581507\/","title":{"rendered":"Municipales 2026 \u00e0 Toulouse\u00a0: LGV et A 69, les deux dossiers chauds qui f\u00e2chent les gauches"},"content":{"rendered":"<p>\n                                                                    l&rsquo;essentiel<br \/>\n                                                                En pr\u00e9sentant ses nouveaux soutiens hier, Fran\u00e7ois Piquemal (LFI) a pris soin de ne pas \u00e9gratigner la liste rivale \u00e0 gauche, celle des socialistes et \u00e9cologistes. Au c\u0153ur des divisions\u00a0: la LGV et l\u2019A 69.\n                            <\/p>\n<p>Ne pas trop \u00e9gratigner l\u2019autre gauche, celle qui, autour du Parti socialiste et de Fran\u00e7ois Brian\u00e7on, a d\u00e9cid\u00e9 de partir aux municipales sur une liste distincte. Car au second tour, lors de la finale contre Jean-Luc Moudenc, il faudra s\u2019unir. C\u2019est ce chemin de cr\u00eate que Fran\u00e7ois Piquemal (LFI) s\u2019est impos\u00e9 hier lors d\u2019une courte conf\u00e9rence de presse ramen\u00e9e \u00e0 une prise de parole sans s\u00e9ance de questions pour les journalistes. \u00c0 l\u2019exception d\u2019une seule autoris\u00e9e par le candidat peu habitu\u00e9 \u00e0 rester silencieux.<\/p>\n<p>En mettant en sc\u00e8ne ses nouveaux soutiens, au caf\u00e9 Les Chim\u00e8res, pr\u00e8s de sa permanence de d\u00e9put\u00e9, Fran\u00e7ois Piquemal a surtout pens\u00e9 \u00e0 ceux qui n\u2019\u00e9taient pas autour de la table et qui ont annonc\u00e9 leur alliance\u00a0: le PS, G\u00e9n\u00e9rations, Place Publique, le PCF, le PRG et le MRC, rejoints par les \u00c9cologistes, Archipel Citoyen et Nouvelle Donne. Soit \u00ab\u00a0la gauche unie\u00a0\u00bb comme ils se sont baptis\u00e9s. D\u2019o\u00f9 cette prise de parole cadr\u00e9e, centr\u00e9e sur le projet, sans petites phrases qui auraient d\u00e9tourn\u00e9 l\u2019attention vers des rivalit\u00e9s \u00e0 occulter.<\/p>\n<p>100\u00a0% sans LGV et A 69<\/p>\n<p>Autour du candidat qui, lui aussi s\u2019est converti au costume-cravate, plusieurs nouvelles figures viennent conforter sa liste. L\u2019Assembl\u00e9e des quartiers \u00e9tait pr\u00e9sente comme les jeunes Insoumis. Voici \u00e0 pr\u00e9sent\u00a0: un \u00c9cologiste, des Archip\u00e9liens, le mouvement Tous pour Toulouse et le NPA.<\/p>\n<p>        <img decoding=\"async\" class=\"std-img__img responsive-img\" src=\"https:\/\/www.europesays.com\/fr\/wp-content\/uploads\/2025\/12\/1765002075_271_image.jpg\" alt=\"Fran\u00e7ois Piquemal entour\u00e9 par ses alli\u00e9s de l\u2019Assembl\u00e9e des quartiers rejoints par le NPA, Tous pour Toulouse, un \u00c9cologiste et des Archip\u00e9liens.\"\/><\/p>\n<p>                Fran\u00e7ois Piquemal entour\u00e9 par ses alli\u00e9s de l\u2019Assembl\u00e9e des quartiers rejoints par le NPA, Tous pour Toulouse, un \u00c9cologiste et des Archip\u00e9liens.<br \/>\n                                    DDM &#8211; FREDERIC SCHEIBER<\/p>\n<p>\u00ab\u00a0C\u2019est nous le grand Toulouse\u00a0\u00bb, a lanc\u00e9 Fran\u00e7ois Piquemal dans un parall\u00e8le \u00e9vident avec l\u2019autre liste de gauche. \u00ab\u00a0Nous sommes Toulouse et nous avons une vision \u00e0 long terme\u00a0\u00bb, a-t-il ajout\u00e9, visant cette fois-ci le locataire du Capitole, candidat \u00e0 sa succession. Et en \u00e9grenant des grands th\u00e8mes de son programme.<\/p>\n<p>Deux de ces sujets n\u2019ont pas \u00e9t\u00e9 cit\u00e9s\u00a0: l\u2019A 69 et la LGV. Ils sont pourtant au c\u0153ur de la bataille des deux gauches et ont pes\u00e9 dans le choix de ceux qui ont fait dissidence avec les \u00c9cologistes et Archipel. \u00ab\u00a0Nous avons une liste\u00a0100\u00a0% NFP\u00a0\u00bb, a soulign\u00e9 Fran\u00e7ois Piquemal sollicit\u00e9 sur ce sujet. C\u2019est-\u00e0-dire 100\u00a0% sans A 69 et LGV. Ce qui a autoris\u00e9 le candidat \u00e0 sa seule pique\u00a0: \u00ab\u00a0nous avons besoin d\u2019une gauche responsable qui refuse les projets \u00e9cocides sans exception. Nous sommes constants et responsables. J\u2019appelle tout le monde \u00e0 assumer cette m\u00eame responsabilit\u00e9.\u00a0\u00bb<\/p>\n<p>Fran\u00e7ois Brian\u00e7on (PS) et R\u00e9gis Godec (\u00c9cologistes) ont partiellement r\u00e9pondu jeudi. Sur l\u2019A 69, ils n\u2019ont pas h\u00e9sit\u00e9 \u00e0 afficher leur d\u00e9saccord. Mais un d\u00e9saccord surmont\u00e9 \u00ab\u00a0car le sujet n\u2019est pas toulousain\u00a0\u00bb. \u00ab\u00a0Cette autoroute ne re\u00e7oit de financement ni de la ville, ni de la M\u00e9tropole\u00a0\u00bb, rench\u00e9rit Fran\u00e7ois Brian\u00e7on qui estime qu\u2019il a quasiment autant d\u2019anti-A 69 sur sa liste que Fran\u00e7ois Piquemal.<\/p>\n<p>Le sujet de la LGV est plus complexe. Les \u00c9cologistes ont \u00e9t\u00e9 constants dans leur opposition. La d\u00e9put\u00e9e Christine Arrighi en a fait un de ses chevaux de bataille. La liste Brian\u00e7on-Godec a pr\u00e9vu de \u00ab\u00a0communiquer en janvier\u00a0\u00bb sa position. Voire avant car il semble urgent de d\u00e9nouer une ambigu\u00eft\u00e9 qui n\u2019en est vraisemblablement plus une\u00a0: les \u00c9cologistes pourraient ne pas revenir sur un projet dont les travaux ont d\u00e9marr\u00e9 et qui est n\u00e9cessaire pour un futur RER.<\/p>\n","protected":false},"excerpt":{"rendered":"l&rsquo;essentiel En pr\u00e9sentant ses nouveaux soutiens hier, Fran\u00e7ois Piquemal (LFI) a pris soin de ne pas \u00e9gratigner la&hellip;\n","protected":false},"author":2,"featured_media":581508,"comment_status":"","ping_status":"","sticky":false,"template":"","format":"standard","meta":{"footnotes":""},"categories":[2816],"tags":[1111,11,1777,674,1011,27,329,2722,3434,12,2680,316,25,2312,37919],"class_list":{"0":"post-581507","1":"post","2":"type-post","3":"status-publish","4":"format-standard","5":"has-post-thumbnail","7":"category-toulouse","8":"tag-actu","9":"tag-actualites","10":"tag-eu","11":"tag-europe","12":"tag-fr","13":"tag-france","14":"tag-france-monde","15":"tag-haute-garonne","16":"tag-municipales-2026","17":"tag-news","18":"tag-occitanie","19":"tag-politique","20":"tag-republique-francaise","21":"tag-toulouse","22":"tag-u00c9lections"},"share_on_mastodon":{"url":"https:\/\/pubeurope.com\/@fr\/115671184450095783","error":""},"_links":{"self":[{"href":"https:\/\/www.europesays.com\/fr\/wp-json\/wp\/v2\/posts\/581507","targetHints":{"allow":["GET"]}}],"collection":[{"href":"https:\/\/www.europesays.com\/fr\/wp-json\/wp\/v2\/posts"}],"about":[{"href":"https:\/\/www.europesays.com\/fr\/wp-json\/wp\/v2\/types\/post"}],"author":[{"embeddable":true,"href":"https:\/\/www.europesays.com\/fr\/wp-json\/wp\/v2\/users\/2"}],"replies":[{"embeddable":true,"href":"https:\/\/www.europesays.com\/fr\/wp-json\/wp\/v2\/comments?post=581507"}],"version-history":[{"count":0,"href":"https:\/\/www.europesays.com\/fr\/wp-json\/wp\/v2\/posts\/581507\/revisions"}],"wp:featuredmedia":[{"embeddable":true,"href":"https:\/\/www.europesays.com\/fr\/wp-json\/wp\/v2\/media\/581508"}],"wp:attachment":[{"href":"https:\/\/www.europesays.com\/fr\/wp-json\/wp\/v2\/media?parent=581507"}],"wp:term":[{"taxonomy":"category","embeddable":true,"href":"https:\/\/www.europesays.com\/fr\/wp-json\/wp\/v2\/categories?post=581507"},{"taxonomy":"post_tag","embeddable":true,"href":"https:\/\/www.europesays.com\/fr\/wp-json\/wp\/v2\/tags?post=581507"}],"curies":[{"name":"wp","href":"https:\/\/api.w.org\/{rel}","templated":true}]}}