{"id":581509,"date":"2025-12-06T06:22:14","date_gmt":"2025-12-06T06:22:14","guid":{"rendered":"https:\/\/www.europesays.com\/fr\/581509\/"},"modified":"2025-12-06T06:22:14","modified_gmt":"2025-12-06T06:22:14","slug":"a-deux-heures-de-lille-decouvrez-la-capitale-europeenne-de-noel-et-ses-installations-majestueuses","status":"publish","type":"post","link":"https:\/\/www.europesays.com\/fr\/581509\/","title":{"rendered":"A deux heures de Lille, d\u00e9couvrez la \u00ab\u00a0capitale europ\u00e9enne de No\u00ebl\u00a0\u00bb et ses installations majestueuses"},"content":{"rendered":"<p>                    Par<br \/>\n        <strong><br \/>\n            <a href=\"https:\/\/actu.fr\/auteur\/nicolas-demollien\" title=\"Consulter tous les articles de Nicolas Demollien\" target=\"_blank\" rel=\"noopener\">Nicolas Demollien<\/a><br \/>\n                    <\/strong><\/p>\n<p>        Publi\u00e9 le<\/p>\n<p>            6 d\u00e9c. 2025 \u00e0 6h54        <\/p>\n<p>Ce n\u2019est pas un hasard si <b>pr\u00e8s de 2 millions de personnes<\/b> s\u2019y pressent chaque ann\u00e9e ! A <b>deux heures<\/b> de <a href=\"https:\/\/actu.fr\/hauts-de-france\/lille_59350\" target=\"_blank\" rel=\"noopener\">Lille<\/a> (Nord), d\u00e9couvrez <b>Li\u00e8ge<\/b>, en <a href=\"https:\/\/actu.fr\/tag\/belgique\" target=\"_blank\" rel=\"noopener\">Belgique<\/a>. La ville rappelle qu\u2019elle a \u00e9t\u00e9 nomm\u00e9e \u00ab\u00a0<b>capitale europ\u00e9enne de No\u00ebl<\/b>\u00a0\u00bb par le pass\u00e9 et son <b>village<\/b> de <a href=\"https:\/\/actu.fr\/tag\/noel\" target=\"_blank\" rel=\"noopener\">No\u00ebl<\/a> est le <b>plus grand et le plus ancien march\u00e9 du genre<\/b> chez nos voisins belges.<\/p>\n<p>A deux heures de Lille, le plus vieux ancien march\u00e9 de No\u00ebl de Belgique<\/p>\n<p class=\" wall-content\"><b>\u00ab\u00a0Fond\u00e9 il y a pr\u00e8s de 40 ans<\/b>, il est devenu le <b>plus important march\u00e9 de No\u00ebl du pays en termes de taille, de dur\u00e9e et d\u2019esprit<\/b>. C\u2019est un \u00e9v\u00e9nement folklorique et populaire sans \u00e9quivalent\u00a0\u00bb, insistent d\u2019embl\u00e9e les organisateurs.<\/p>\n<p class=\" wall-content\">Mais malgr\u00e9 son \u00ab\u00a0grand \u00e2ge\u00a0\u00bb, l\u2019\u00e9v\u00e9nement a su \u00e9voluer pour aujourd\u2019hui se d\u00e9marquer de ses plus grands concurrents. Du c\u00f4t\u00e9 de la municipalit\u00e9 li\u00e9geoise, on explique : \u00ab\u00a0Fid\u00e8le \u00e0 la longue tradition germanique des march\u00e9s de No\u00ebl, le Village de No\u00ebl de Li\u00e8ge recr\u00e9e au c\u0153ur de la ville l\u2019esprit si particulier et plein de magie et de f\u00e9\u00e9rie des f\u00eates de No\u00ebl. Mais fid\u00e8le \u00e0 son caract\u00e8re latin, le Village de No\u00ebl a innov\u00e9 par une ambiance festive et conviviale, qui en fait sa sp\u00e9cificit\u00e9 principale en le d\u00e9marquant de ses confr\u00e8res germaniques et alsaciens\u00a0\u00bb.<\/p>\n<p class=\" wall-content\">Plus concr\u00e8tement, vous trouverez sur place, au centre des <b>centaines de superbes illuminations<\/b>, mais aussi une magnifique et tr\u00e8s r\u00e9put\u00e9e <b>patinoire<\/b>, la <b>grande roue<\/b> ou encore une<b> piste de luge<\/b>.\u00a0<\/p>\n<p class=\" wall-content\">Et bien entendu des <b>chalets par dizaines<\/b> qui vous r\u00e9serveront surprises et gourmandises dans une ambiance particuli\u00e8rement chaleureuse.<\/p>\n<p class=\" wall-content\">Vous l\u2019aurez compris, on vous conseille vivement de d\u00e9couvrir les lieux !<\/p>\n<p>    <a href=\"https:\/\/www.facebook.com\/plugins\/post.php?href=https%3A%2F%2Fwww.facebook.com%2FLeVillageDeNoelDeLiege%2Fposts%2Fpfbid0MQRVR1TD1i2qymk4uzMyokXgyHoJa6j8jDZHENibBWvcckhmtgBXvV8tauRjzcUMl&amp;show_text=true&amp;width=350\" title=\"Ouvrie le lien\" target=\"_blank\" rel=\"noopener\">Cliquez ici pour visualiser le contenu<\/a><\/p>\n<p>Votre r\u00e9gion, votre actu !<\/p>\n<p>Recevez chaque jour les infos qui comptent pour vous.<\/p>\n<p>\t<a href=\"https:\/\/actu.fr\/newsletter\" class=\"ac-btn ac-btn--corner ac-btn--medium ac-btn--blue800\" target=\"_blank\" rel=\"noopener\">S&rsquo;incrire<\/a><\/p>\n<p class=\" wall-content\">Plus d\u2019infos sur le site <a href=\"https:\/\/www.villagedenoel.be\/\" target=\"_blank\" rel=\"noopener\">villagedenoel.be<\/a><\/p>\n<p class=\" wall-content\">Personnalisez votre actualit\u00e9 en ajoutant vos villes et m\u00e9dias en favori avec <a href=\"https:\/\/moncompte.actu.fr\" title=\"D\u00e9couvez Mon Actu\" rel=\"nofollow noopener\" data-trk=\"{&quot;cta&quot;:{&quot;action&quot;:&quot;https:\\\/\\\/moncompte.actu.fr&quot;,&quot;category&quot;:&quot;mon compte&quot;,&quot;from&quot;:&quot;article footer&quot;,&quot;name&quot;:&quot;Mon actu&quot;,&quot;type&quot;:&quot;cta&quot;}}\" target=\"_blank\">Mon Actu<\/a>.<\/p>\n","protected":false},"excerpt":{"rendered":"Par Nicolas Demollien Publi\u00e9 le 6 d\u00e9c. 2025 \u00e0 6h54 Ce n\u2019est pas un hasard si pr\u00e8s de&hellip;\n","protected":false},"author":2,"featured_media":581510,"comment_status":"","ping_status":"","sticky":false,"template":"","format":"standard","meta":{"footnotes":""},"categories":[2815],"tags":[1111,11,828,1777,674,1011,27,811,1307,1652,12,15830,25],"class_list":{"0":"post-581509","1":"post","2":"type-post","3":"status-publish","4":"format-standard","5":"has-post-thumbnail","7":"category-lille","8":"tag-actu","9":"tag-actualites","10":"tag-belgique","11":"tag-eu","12":"tag-europe","13":"tag-fr","14":"tag-france","15":"tag-hauts-de-france","16":"tag-lille","17":"tag-loisirs-culture","18":"tag-news","19":"tag-noel","20":"tag-republique-francaise"},"share_on_mastodon":{"url":"https:\/\/pubeurope.com\/@fr\/115671187018845300","error":""},"_links":{"self":[{"href":"https:\/\/www.europesays.com\/fr\/wp-json\/wp\/v2\/posts\/581509","targetHints":{"allow":["GET"]}}],"collection":[{"href":"https:\/\/www.europesays.com\/fr\/wp-json\/wp\/v2\/posts"}],"about":[{"href":"https:\/\/www.europesays.com\/fr\/wp-json\/wp\/v2\/types\/post"}],"author":[{"embeddable":true,"href":"https:\/\/www.europesays.com\/fr\/wp-json\/wp\/v2\/users\/2"}],"replies":[{"embeddable":true,"href":"https:\/\/www.europesays.com\/fr\/wp-json\/wp\/v2\/comments?post=581509"}],"version-history":[{"count":0,"href":"https:\/\/www.europesays.com\/fr\/wp-json\/wp\/v2\/posts\/581509\/revisions"}],"wp:featuredmedia":[{"embeddable":true,"href":"https:\/\/www.europesays.com\/fr\/wp-json\/wp\/v2\/media\/581510"}],"wp:attachment":[{"href":"https:\/\/www.europesays.com\/fr\/wp-json\/wp\/v2\/media?parent=581509"}],"wp:term":[{"taxonomy":"category","embeddable":true,"href":"https:\/\/www.europesays.com\/fr\/wp-json\/wp\/v2\/categories?post=581509"},{"taxonomy":"post_tag","embeddable":true,"href":"https:\/\/www.europesays.com\/fr\/wp-json\/wp\/v2\/tags?post=581509"}],"curies":[{"name":"wp","href":"https:\/\/api.w.org\/{rel}","templated":true}]}}