{"id":581513,"date":"2025-12-06T06:24:24","date_gmt":"2025-12-06T06:24:24","guid":{"rendered":"https:\/\/www.europesays.com\/fr\/581513\/"},"modified":"2025-12-06T06:24:24","modified_gmt":"2025-12-06T06:24:24","slug":"a-marseille-cet-immense-projet-urbain-avec-travaux-divise-les-habitants-du-quartier","status":"publish","type":"post","link":"https:\/\/www.europesays.com\/fr\/581513\/","title":{"rendered":"\u00c0 Marseille, cet immense projet urbain avec travaux divise les habitants du quartier"},"content":{"rendered":"<p>                    Par<br \/>\n        <strong><br \/>\n            <a href=\"https:\/\/actu.fr\/auteur\/thibault-nadal-actu-fr\" title=\"Consulter tous les articles de Thibault Nadal\" target=\"_blank\" rel=\"noopener\">Thibault Nadal<\/a><br \/>\n                    <\/strong><\/p>\n<p>        Publi\u00e9 le<\/p>\n<p>            6 d\u00e9c. 2025 \u00e0 6h34        <\/p>\n<p>Au <strong>rond-point de La Gaye<\/strong> dans le 9e arrondissement de <a href=\"https:\/\/actu.fr\/marseille\/\" target=\"_blank\" rel=\"noopener\">Marseille<\/a>, difficile de rester insensible face au concert de klaxons et aux flots d\u2019insultes \u00e9chang\u00e9s entre <a href=\"https:\/\/actu.fr\/tag\/automobile\" target=\"_blank\" rel=\"noopener\">les automobilistes<\/a>. \u00ab\u2009Et encore, vous n\u2019\u00eates pas venu en heure de pointe\u2009\u00bb, glisse avec le sourire une riveraine. Pour d\u00e9congestionner ce carrefour coinc\u00e9 entre plusieurs boulevards majeurs et mettre fin \u00e0 plusieurs ann\u00e9es de cauchemar, la M\u00e9tropole lance ce lundi 8\u00a0d\u00e9cembre 2025 une nouvelle phase de <a href=\"https:\/\/actu.fr\/tag\/travaux\" target=\"_blank\" rel=\"noopener\">travaux<\/a>. Ils doivent <strong>durer dix mois<\/strong> et s\u2019inscrivent dans le cadre du tr\u00e8s d\u00e9cri\u00e9 projet du <a href=\"https:\/\/actu.fr\/provence-alpes-cote-d-azur\/marseille_13055\/marseille-c-est-quoi-ce-boulevard-urbain-sud-voulu-par-la-metropole-et-boude-par-benoit-payan_62810771.html\" target=\"_blank\" rel=\"noopener\">Boulevard Urbain Sud<\/a> (BUS). Avant les premiers coups de pioche, actu Marseille est all\u00e9 \u00e0 la rencontre des habitants et des commer\u00e7ants du quartier du Cabot.<\/p>\n<p>\u00ab\u2009Je me languis que \u00e7a se finisse\u2009\u00bb<\/p>\n<p class=\" wall-content\">C\u2019est sans doute le plus vieux serpent de mer de Marseille. \u00ab\u2009J\u2019ai l\u2019impression d\u2019\u00eatre n\u00e9e avec\u2009\u00bb, ironise une habitante, pourtant pas toute jeune. Le Boulevard Urbain Sud, tel qu\u2019il est pr\u00e9sent\u00e9 par la M\u00e9tropole, doit permettre de <strong>\u00ab\u2009faciliter le contournement de la ville\u2009\u00bb<\/strong>.<\/p>\n<p class=\" wall-content\">Une premi\u00e8re phase de travaux a \u00e9t\u00e9 men\u00e9e entre l\u2019\u00e9changeur Florian (10e) et le boulevard de la Gaye. Mais depuis rien n\u2019a \u00e9volu\u00e9 et le \u00ab\u2009BUS\u2009\u00bb s\u2019arr\u00eate net sur le rond-point entre les boulevards Sainte-Marguerite, de La Gaye et du Redon, provoquant une circulation infernale. <strong>\u00ab\u2009Le quartier est bouch\u00e9 depuis cinq ans\u2009\u00bb<\/strong>, regrette Ruben. \u00ab\u2009Il y a trop de voitures et tout le monde est \u00e9nerv\u00e9\u2009\u00bb, abonde Emily.<\/p>\n<p>    <a href=\"https:\/\/www.google.com\/maps\/embed?pb=!1m14!1m12!1m3!1d726.3931099433586!2d5.41577897454895!3d43.26038190390123!2m3!1f0!2f0!3f0!3m2!1i1024!2i768!4f13.1!5e0!3m2!1sfr!2sfr!4v1764856782035!5m2!1sfr!2sfr\" title=\"Ouvrie le lien\" target=\"_blank\" rel=\"noopener\">Cliquez ici pour visualiser le contenu<\/a><\/p>\n<p class=\" wall-content\">De l\u2019avis des habitants du Redon, il faut enfin en finir avec ce chantier. \u00ab\u2009On se languit\u2009\u00bb, commente Olivier, commer\u00e7ant dans le quartier. \u00ab\u2009Le probl\u00e8me actuel, c\u2019est que toutes les voitures arrivent dans le Cabot\u2009\u00bb, regrette-t-il.<\/p>\n<p>Le \u00ab\u2009BUS\u2009\u00bb, un gain de temps\u2009?<\/p>\n<p class=\" wall-content\">Partisan du projet, il explique pourquoi\u2009: \u00ab\u2009J\u2019habite \u00e0 <a href=\"https:\/\/actu.fr\/provence-alpes-cote-d-azur\/allauch_13002\" target=\"_blank\" rel=\"noopener\">Allauch<\/a> (<a href=\"https:\/\/actu.fr\/provence-alpes-cote-d-azur\/bouches-du-rhone_13\" target=\"_blank\" rel=\"noopener\">Bouches-du-Rh\u00f4ne<\/a>) \u00e0 17 kilom\u00e8tres de mon commerce. Pour venir, je mets 15\u00a0minutes contre 35 auparavant gr\u00e2ce au Boulevard Urbain Sud. Donc chaque jour, je gagne plus de 30\u00a0minutes.\u2009\u00bb<\/p>\n<p class=\" wall-content\">Un constat partag\u00e9 par Ruben, install\u00e9 dans le coin depuis plus de dix ans. \u00ab\u2009<strong>Avant, on mettait entre 30 et 45\u00a0minutes pour rejoindre l\u2019autoroute<\/strong>. On doit offrir aux habitants la possibilit\u00e9 de se d\u00e9placer avec le mode de leur choix.\u2009\u00bb Pour lui, ces travaux sont donc \u00ab\u2009une bonne chose\u2009\u00bb, m\u00eame s\u2019il reconna\u00eet qu\u2019ils vont \u00ab\u2009avoir des cons\u00e9quences sur le quartier\u2009\u00bb durant quelques mois.<\/p>\n<p>Votre r\u00e9gion, votre actu !<\/p>\n<p>Recevez chaque jour les infos qui comptent pour vous.<\/p>\n<p>\t<a href=\"https:\/\/actu.fr\/newsletter\" class=\"ac-btn ac-btn--corner ac-btn--medium ac-btn--blue800\" target=\"_blank\" rel=\"noopener\">S&rsquo;incrire<\/a><\/p>\n<blockquote class=\"ac-article-quote wall-content\">\n<p>Ici \u00e0 Marseille, tout le monde parle de son quartier comme d&rsquo;un village. Mais nous sommes la deuxi\u00e8me ville de France. On doit pouvoir parler en rue ou en avenue. Le Boulevard Urbain Sud est n\u00e9cessaire pour op\u00e9rer ce changement.<\/p>\n<p>    <strong>Ruben<\/strong><br \/>\n        Habitant du Redon    <\/p><\/blockquote>\n<p class=\" wall-content\">Travailleur dans le centre-ville, il regrette que certains de ses coll\u00e8gues <strong>ne connaissent pas le quartier du Cabot<\/strong>. \u00ab\u2009Ce n\u2019est pas normal, souffle-t-il. Le\u2009\u00bb BUS \u00ab\u2009va permettre d\u2019attirer une nouvelle client\u00e8le pour les commerces du quartier\u2009\u00bb, esp\u00e8re-t-il.<\/p>\n<p>    <img   decoding=\"async\" loading=\"lazy\" src=\"https:\/\/www.europesays.com\/fr\/wp-content\/uploads\/2025\/12\/design-sans-titre-85-960x640.png\" alt=\"Chaque jour, surtout aux heures de pointe, le carefour de La Gaye (9e) est bouch\u00e9.\" width=\"960\" height=\"640\"\/><br \/>\n    Chaque jour, surtout aux heures de pointe, le carrefour de La Gaye (9e) est bouch\u00e9. (\u00a9TN \/ actu Marseille)\u00ab\u2009C\u2019est tr\u00e8s dangereux pour les cyclistes\u2009\u00bb<\/p>\n<p class=\" wall-content\">Emily et son mari, eux, se sont install\u00e9s, il y a seulement un an et demi au Cabot. Elle explique \u00eatre tiraill\u00e9e entre plusieurs sentiments concernant le projet du Boulevard Urbain Sud. Elle se montre d\u2019abord satisfaite \u00ab\u2009d\u2019enfin voir quelque chose de fait pour la circulation\u2009\u00bb. \u00ab\u2009D\u00e8s qu\u2019on sort de chez nous, <strong>on perd vraiment beaucoup de temps \u00e0 cause des bouchons<\/strong>.\u2009\u00bb<\/p>\n<p class=\" wall-content\">Face \u00e0 cette situation, le couple a adopt\u00e9 une solution radicale depuis de longs mois\u2009:<\/p>\n<blockquote class=\"ac-article-quote wall-content\">\n<p>Nous avons achet\u00e9 des v\u00e9los et on a constat\u00e9 qu&rsquo;on allait deux fois plus vite qu&rsquo;en voiture ou en bus.<\/p>\n<p>    <strong>Emily<\/strong><br \/>\n        Habitante du quartier du Cabot \u00e0 Marseille    <\/p><\/blockquote>\n<p class=\" wall-content\">La m\u00e8re d\u2019un tout jeune gar\u00e7on conc\u00e8de toutefois que<strong> \u00ab\u2009c\u2019est tr\u00e8s dangereux pour les cyclistes\u2009\u00bb<\/strong>. Elle souhaite qu\u2019une \u00ab\u2009belle <a href=\"https:\/\/actu.fr\/tag\/pistes-cyclables\" target=\"_blank\" rel=\"noopener\">piste cyclable<\/a> s\u00e9curis\u00e9e\u2009\u00bb puisse voir le jour.<\/p>\n<p>Un enjeu environnemental<\/p>\n<p class=\" wall-content\">Apr\u00e8s ses points positifs, Emily se montre \u00ab\u2009inqui\u00e8te\u2009\u00bb en raison de \u00ab\u2009la pollution\u2009\u00bb li\u00e9e aux voitures sur la future route. \u00ab\u2009On esp\u00e8re que <strong>la vitesse sera limit\u00e9e<\/strong>.\u2009\u00bb<\/p>\n<p class=\" wall-content\">Mais c\u2019est davantage <strong>le devenir du jardin de la Mathilde<\/strong> qui est au c\u0153ur des pr\u00e9occupations. Un parc r\u00e9cemment r\u00e9nov\u00e9 qui devrait p\u00e2tir du futur trac\u00e9 du Boulevard Urbain Sud. \u00ab\u2009Il est grand et tr\u00e8s beau, donc c\u2019est parfait avec les enfants\u2009\u00bb, affirme Emily.<\/p>\n<p class=\" wall-content\">\u00ab\u2009C\u2019est regrettable, mais n\u00e9cessaire\u2009\u00bb, ajoute Ruben de son c\u00f4t\u00e9.<\/p>\n<p>    <img   decoding=\"async\" loading=\"lazy\" src=\"https:\/\/www.europesays.com\/fr\/wp-content\/uploads\/2025\/12\/whatsapp-image-2025-12-04-at-133839-1-960x640.jpeg\" alt=\"Cette partie du jardin Mathilde pourrait \u00eatre d\u00e9truite par le prolongement du \" width=\"960\" height=\"640\"\/><br \/>\n    Cette partie du jardin Mathilde pourrait \u00eatre d\u00e9truite par le prolongement du \u00ab\u2009BUS\u2009\u00bb. (\u00a9TN \/ actu Marseille)<\/p>\n<p class=\" wall-content\">Marie-Christine est la seule habitante interrog\u00e9e \u00e0 s\u2019opposer au projet. Elle souscrit aux arguments de la majorit\u00e9 de <a href=\"https:\/\/actu.fr\/tag\/benoit-payan\" target=\"_blank\" rel=\"noopener\">Beno\u00eet Payan<\/a> et des associations qui <a href=\"https:\/\/actu.fr\/provence-alpes-cote-d-azur\/marseille_13055\/marseille-c-est-quoi-cette-manifestation-qui-va-perturber-la-circulation-sur-cet-axe-tres-frequente_63484748.html\" target=\"_blank\" rel=\"noopener\">manifestent r\u00e9guli\u00e8rement<\/a>.<\/p>\n<blockquote class=\"ac-article-quote wall-content\">\n<p>Ce n&rsquo;est pas marrant de bousiller des arbres. Il y a d\u00e9j\u00e0 tr\u00e8s peu de verdure \u00e0 Marseille, je trouve \u00e7a dommage d&rsquo;en enlever encore.<\/p>\n<p>    <strong>Marie-Christine<\/strong><br \/>\n        Opposante au Boulevard Urbain Sud    <\/p><\/blockquote>\n<p class=\" wall-content\">Elle appelle les pouvoirs publics \u00e0 \u00ab\u2009prioriser les mobilit\u00e9s douces\u2009\u00bb en cr\u00e9ant \u00ab\u2009des couloirs s\u00e9curis\u00e9s pour les bus ou des pistes cyclables plut\u00f4t que des voies de voiture\u2009\u00bb.<\/p>\n<p>De nouvelles \u00e9tudes d\u00e9but 2026<\/p>\n<p class=\" wall-content\">Face \u00e0 la pression des associations et de la mairie, le projet a \u00e9t\u00e9 modifi\u00e9 ces derni\u00e8res ann\u00e9es. L\u2019option privil\u00e9gi\u00e9e aujourd\u2019hui apr\u00e8s cette phase de travaux est de cr\u00e9er <strong>un \u00ab\u2009Boulevard Urbain vert\u2009\u00bb<\/strong> entre le chemin du Roy d\u2019Espagne (9e) et la traverse Parangon (8e), avec notamment 70 arbres plant\u00e9s.<\/p>\n<p>    <img   decoding=\"async\" loading=\"lazy\" src=\"https:\/\/www.europesays.com\/fr\/wp-content\/uploads\/2025\/12\/piste-vert-960x611.jpg\" alt=\"De nombreux am\u00e9nagements sont pr\u00e9vus entre la Pointe-Rouge et le Roy d'Espagne.\" width=\"960\" height=\"611\"\/><br \/>\n    De nombreux am\u00e9nagements sont pr\u00e9vus entre la Pointe-Rouge et le Roy d\u2019Espagne. (\u00a9M\u00e9tropole Aix-Marseille)<\/p>\n<p class=\" wall-content\">Pour cela, de nouvelles \u00e9tudes doivent \u00eatre men\u00e9es \u00ab\u2009d\u00e9but 2026 apr\u00e8s sectorisation op\u00e9rationnelle du projet\u2009\u00bb, fait savoir la M\u00e9tropole, contact\u00e9e par actu Marseille. L\u2019objectif de pouvoir lancer un appel d\u2019offres d\u00e9but <strong>2027<\/strong> et de d\u00e9marrer les travaux dans le courant de cette m\u00eame ann\u00e9e.<\/p>\n<p class=\" wall-content\">\u00c0 moins que d\u2019autres changements ne viennent bouleverser ce calendrier. La Ville a par exemple engag\u00e9 plusieurs recours en <a href=\"https:\/\/actu.fr\/tag\/justice\" target=\"_blank\" rel=\"noopener\">justice<\/a>.<\/p>\n<p class=\" wall-content\">Personnalisez votre actualit\u00e9 en ajoutant vos villes et m\u00e9dias en favori avec <a href=\"https:\/\/moncompte.actu.fr\" title=\"D\u00e9couvez Mon Actu\" rel=\"nofollow noopener\" data-trk=\"{&quot;cta&quot;:{&quot;action&quot;:&quot;https:\\\/\\\/moncompte.actu.fr&quot;,&quot;category&quot;:&quot;mon compte&quot;,&quot;from&quot;:&quot;article footer&quot;,&quot;name&quot;:&quot;Mon actu&quot;,&quot;type&quot;:&quot;cta&quot;}}\" target=\"_blank\">Mon Actu<\/a>.<\/p>\n","protected":false},"excerpt":{"rendered":"Par Thibault Nadal Publi\u00e9 le 6 d\u00e9c. 2025 \u00e0 6h34 Au rond-point de La Gaye dans le 9e&hellip;\n","protected":false},"author":2,"featured_media":581514,"comment_status":"","ping_status":"","sticky":false,"template":"","format":"standard","meta":{"footnotes":""},"categories":[2814],"tags":[1111,11,646,1777,674,1011,27,884,12,4798,882,25,104,2086],"class_list":{"0":"post-581513","1":"post","2":"type-post","3":"status-publish","4":"format-standard","5":"has-post-thumbnail","7":"category-marseille","8":"tag-actu","9":"tag-actualites","10":"tag-automobile","11":"tag-eu","12":"tag-europe","13":"tag-fr","14":"tag-france","15":"tag-marseille","16":"tag-news","17":"tag-pistes-cyclables","18":"tag-provence-alpes-cote-dazur","19":"tag-republique-francaise","20":"tag-societe","21":"tag-travaux"},"share_on_mastodon":{"url":"https:\/\/pubeurope.com\/@fr\/115671196138536542","error":""},"_links":{"self":[{"href":"https:\/\/www.europesays.com\/fr\/wp-json\/wp\/v2\/posts\/581513","targetHints":{"allow":["GET"]}}],"collection":[{"href":"https:\/\/www.europesays.com\/fr\/wp-json\/wp\/v2\/posts"}],"about":[{"href":"https:\/\/www.europesays.com\/fr\/wp-json\/wp\/v2\/types\/post"}],"author":[{"embeddable":true,"href":"https:\/\/www.europesays.com\/fr\/wp-json\/wp\/v2\/users\/2"}],"replies":[{"embeddable":true,"href":"https:\/\/www.europesays.com\/fr\/wp-json\/wp\/v2\/comments?post=581513"}],"version-history":[{"count":0,"href":"https:\/\/www.europesays.com\/fr\/wp-json\/wp\/v2\/posts\/581513\/revisions"}],"wp:featuredmedia":[{"embeddable":true,"href":"https:\/\/www.europesays.com\/fr\/wp-json\/wp\/v2\/media\/581514"}],"wp:attachment":[{"href":"https:\/\/www.europesays.com\/fr\/wp-json\/wp\/v2\/media?parent=581513"}],"wp:term":[{"taxonomy":"category","embeddable":true,"href":"https:\/\/www.europesays.com\/fr\/wp-json\/wp\/v2\/categories?post=581513"},{"taxonomy":"post_tag","embeddable":true,"href":"https:\/\/www.europesays.com\/fr\/wp-json\/wp\/v2\/tags?post=581513"}],"curies":[{"name":"wp","href":"https:\/\/api.w.org\/{rel}","templated":true}]}}