{"id":581519,"date":"2025-12-06T06:27:13","date_gmt":"2025-12-06T06:27:13","guid":{"rendered":"https:\/\/www.europesays.com\/fr\/581519\/"},"modified":"2025-12-06T06:27:13","modified_gmt":"2025-12-06T06:27:13","slug":"lyon-une-boutique-de-noel-a-prix-casses-a-ouvert-au-centre-commercial-part-dieu","status":"publish","type":"post","link":"https:\/\/www.europesays.com\/fr\/581519\/","title":{"rendered":"Lyon. Une boutique de No\u00ebl \u00e0 prix cass\u00e9s a ouvert au centre commercial Part-Dieu"},"content":{"rendered":"<p>                    Par<br \/>\n        <strong><br \/>\n            <a href=\"https:\/\/actu.fr\/auteur\/anthony-soudani\" title=\"Consulter tous les articles de Anthony Soudani\" target=\"_blank\" rel=\"noopener\">Anthony Soudani<\/a><br \/>\n                    <\/strong><\/p>\n<p>        Publi\u00e9 le<\/p>\n<p>            6 d\u00e9c. 2025 \u00e0 7h02        <\/p>\n<p>La <a href=\"https:\/\/actu.fr\/auvergne-rhone-alpes\/lyon_69123\/lyon-cette-boutique-de-noel-speciale-revient-a-la-part-dieu-des-cadeaux-pas-chers_63410059.html\" target=\"_blank\" rel=\"noopener\">Fabrique de No\u00ebl<\/a> est de retour pour la sixi\u00e8me ann\u00e9e cons\u00e9cutive au <strong>centre commercial Westfield de Lyon Part-Dieu<\/strong>. Des centaines de cadeaux peuvent \u00eatre faits \u00e0 petits prix gr\u00e2ce \u00e0 cette boutique \u00e9ph\u00e9m\u00e8re de 150 m\u00b2 ouverte jusqu\u2019au 31 d\u00e9cembre 2025.<\/p>\n<p class=\" wall-content\">Le magasin fait la part belle \u00e0 l\u2019\u00e9conomie circulaire et \u00e0 l\u2019insertion professionnelle. Par exemple, <a href=\"https:\/\/actu.fr\/auvergne-rhone-alpes\/lyon_69123\/lyon-cyril-travaille-mais-il-est-sdf-je-cherche-un-logement-pour-avoir-un-avenir_63530496.html\" target=\"_blank\" rel=\"noopener\">Cyril, sans-abri, y travaille quelques jours<\/a>.<\/p>\n<p>En face de Foot Locker<\/p>\n<p class=\" wall-content\">Install\u00e9e au niveau 1, en face de Foot Locker, La Fabrique de No\u00ebl propose tout au long du mois de d\u00e9cembre une large s\u00e9lection d\u2019id\u00e9es-cadeaux responsables, revaloris\u00e9s ou faits main.<\/p>\n<p class=\" wall-content\">L\u2019objectif : offrir aux visiteurs la possibilit\u00e9 de (se) <strong>faire plaisir pour\u00a0No\u00ebl<\/strong>\u00a0tout en soutenant des \u00ab\u00a0initiatives locales et engag\u00e9es\u00a0\u00bb et en faisant \u00ab\u00a0rayonner les initiatives locales et porteuses de sens\u00a0\u00bb, avance le groupe Westfield.<\/p>\n<p class=\" wall-content\">Il y a des jouets seconde main, des produits locaux ou issus de l\u2019artisanat, des v\u00eatements, d\u00e9corations, des v\u00e9los\u2026 le choix est plut\u00f4t large.<\/p>\n<p>Un roulement au sein du magasin<\/p>\n<p class=\" wall-content\">Du c\u00f4t\u00e9 des associations repr\u00e9sent\u00e9es, un roulement va s\u2019op\u00e9rer pendant le mois : du 1\u1d49\u02b3 au 14 d\u00e9cembre, le public pourra d\u00e9couvrir les cr\u00e9ations r\u00e9alis\u00e9es par les salari\u00e9s en insertion de AIDEN, AJD-MIRLY, l\u2019Arm\u00e9e du Salut et Tremplin.<\/p>\n<p>Votre r\u00e9gion, votre actu !<\/p>\n<p>Recevez chaque jour les infos qui comptent pour vous.<\/p>\n<p>\t<a href=\"https:\/\/actu.fr\/newsletter\" class=\"ac-btn ac-btn--corner ac-btn--medium ac-btn--blue800\" target=\"_blank\" rel=\"noopener\">S&rsquo;incrire<\/a><\/p>\n<p class=\" wall-content\">Puis,\u00a0du 15 au 31 d\u00e9cembre, la boutique mettra \u00e0 l\u2019honneur les entrepreneurs et porteurs de projets accompagn\u00e9s par des organisations comme Cit\u00e9sLab, l\u2019ADIE, Positiv, Graine de Sol et Singa.<\/p>\n<p>Pour rappel, le centre Part-Dieu sera\u00a0exceptionnellement ouvert tous les dimanches\u00a0avant No\u00ebl, soit le 8, le 15 et le 22 d\u00e9cembre, de 10h \u00e0 19h.<\/p>\n<p class=\" wall-content\">Personnalisez votre actualit\u00e9 en ajoutant vos villes et m\u00e9dias en favori avec <a href=\"https:\/\/moncompte.actu.fr\" title=\"D\u00e9couvez Mon Actu\" rel=\"nofollow noopener\" data-trk=\"{&quot;cta&quot;:{&quot;action&quot;:&quot;https:\\\/\\\/moncompte.actu.fr&quot;,&quot;category&quot;:&quot;mon compte&quot;,&quot;from&quot;:&quot;article footer&quot;,&quot;name&quot;:&quot;Mon actu&quot;,&quot;type&quot;:&quot;cta&quot;}}\" target=\"_blank\">Mon Actu<\/a>.<\/p>\n","protected":false},"excerpt":{"rendered":"Par Anthony Soudani Publi\u00e9 le 6 d\u00e9c. 2025 \u00e0 7h02 La Fabrique de No\u00ebl est de retour pour&hellip;\n","protected":false},"author":2,"featured_media":581520,"comment_status":"","ping_status":"","sticky":false,"template":"","format":"standard","meta":{"footnotes":""},"categories":[1889],"tags":[1111,11,2430,130,1777,674,1011,27,2428,6178,12,15830,25,104],"class_list":{"0":"post-581519","1":"post","2":"type-post","3":"status-publish","4":"format-standard","5":"has-post-thumbnail","7":"category-lyon","8":"tag-actu","9":"tag-actualites","10":"tag-auvergne-rhone-alpes","11":"tag-consommation","12":"tag-eu","13":"tag-europe","14":"tag-fr","15":"tag-france","16":"tag-lyon","17":"tag-lyon-part-dieu","18":"tag-news","19":"tag-noel","20":"tag-republique-francaise","21":"tag-societe"},"share_on_mastodon":{"url":"https:\/\/pubeurope.com\/@fr\/115671206664002298","error":""},"_links":{"self":[{"href":"https:\/\/www.europesays.com\/fr\/wp-json\/wp\/v2\/posts\/581519","targetHints":{"allow":["GET"]}}],"collection":[{"href":"https:\/\/www.europesays.com\/fr\/wp-json\/wp\/v2\/posts"}],"about":[{"href":"https:\/\/www.europesays.com\/fr\/wp-json\/wp\/v2\/types\/post"}],"author":[{"embeddable":true,"href":"https:\/\/www.europesays.com\/fr\/wp-json\/wp\/v2\/users\/2"}],"replies":[{"embeddable":true,"href":"https:\/\/www.europesays.com\/fr\/wp-json\/wp\/v2\/comments?post=581519"}],"version-history":[{"count":0,"href":"https:\/\/www.europesays.com\/fr\/wp-json\/wp\/v2\/posts\/581519\/revisions"}],"wp:featuredmedia":[{"embeddable":true,"href":"https:\/\/www.europesays.com\/fr\/wp-json\/wp\/v2\/media\/581520"}],"wp:attachment":[{"href":"https:\/\/www.europesays.com\/fr\/wp-json\/wp\/v2\/media?parent=581519"}],"wp:term":[{"taxonomy":"category","embeddable":true,"href":"https:\/\/www.europesays.com\/fr\/wp-json\/wp\/v2\/categories?post=581519"},{"taxonomy":"post_tag","embeddable":true,"href":"https:\/\/www.europesays.com\/fr\/wp-json\/wp\/v2\/tags?post=581519"}],"curies":[{"name":"wp","href":"https:\/\/api.w.org\/{rel}","templated":true}]}}