{"id":581525,"date":"2025-12-06T06:31:16","date_gmt":"2025-12-06T06:31:16","guid":{"rendered":"https:\/\/www.europesays.com\/fr\/581525\/"},"modified":"2025-12-06T06:31:16","modified_gmt":"2025-12-06T06:31:16","slug":"d1-feminine-battues-5-1-face-au-psg-les-olympiennes-encore-trop-legeres-pour-rivaliser","status":"publish","type":"post","link":"https:\/\/www.europesays.com\/fr\/581525\/","title":{"rendered":"D1 f\u00e9minine : battues 5-1 face au PSG, les Olympiennes encore trop l\u00e9g\u00e8res pour rivaliser"},"content":{"rendered":"<p>Mais l&rsquo;OM ne joue toujours pas dans la m\u00eame cour que le club de la capitale, qui a d\u00e9croch\u00e9 un sixi\u00e8me succ\u00e8s (en sept rencontres) face \u00e0 l&rsquo;Olympique en D1 (1-5), hier soir \u00e0 Turcan. Au sein de la maison ciel et blanc, on pourra se consoler en se disant que <a href=\"https:\/\/www.laprovence.com\/article\/om\/3216814915186614\/om-d1-feminine-avec-9-buts-en-autant-de-matches-mathilde-bourdieu-est-dans-une-forme-olympique\" target=\"_blank\" rel=\"noopener\">Mathilde Bourdieu<\/a> et ses partenaires n&rsquo;ont pas \u00e9t\u00e9 ridicules (malgr\u00e9 un score qui s&rsquo;est alourdi \u00e0 la fin) contrairement \u00e0 la derni\u00e8re saison dans l&rsquo;\u00e9lite (d\u00e9faites 5-0 et 11-0 en\u00a02019-2020). Le pire \u00e9tait pourtant \u00e0 craindre lorsque la meilleure buteuse du championnat Romee Leuchter a plant\u00e9 sa 8e r\u00e9alisation de la saison d\u00e8s la 7e minute.<\/p>\n<p>OM 1 &#8211; 5 Paris SG<\/p>\n<p>Stade Francis-Turcan. Mi-temps : 0-1. Arbitre : Cl\u00e9mence Gon\u00e7alves.<\/p>\n<p>Buts &#8211; OM : Perret (67). Paris SG : Leuchter (7), Kanjinga (70), Graziani (72), Mbock (85), Morissaint (90 + 4).<\/p>\n<p>Avertissements &#8211; OM : Bourgouin (60). Paris SG : Echegini (32), Karchaoui (60), Ebayilin (64), Diakite (90).<\/p>\n<p>OM : Shore &#8211; Kbida (Perret, 65), Blanchard, Carro, Khezami (Couasnon, 85) &#8211; Bamenga, Laplacette (cap.), Bourgouin, Le Mou\u00ebl (Scannapieco, 85), Brown (Elisor, 65) &#8211; Bourdieu (Moryl, 90 + 1). Entra\u00eeneure : Corinne Diacre.<\/p>\n<p>Paris SG : Earps &#8211; De Almeida (Samoura, 81), Mbock, Gaetino &#8211; Isabela (Grazian&#8230;<\/p>\n","protected":false},"excerpt":{"rendered":"Mais l&rsquo;OM ne joue toujours pas dans la m\u00eame cour que le club de la capitale, qui a&hellip;\n","protected":false},"author":2,"featured_media":581526,"comment_status":"","ping_status":"","sticky":false,"template":"","format":"standard","meta":{"footnotes":""},"categories":[1888],"tags":[11981,17,1111,1928,11,1927,50837,1777,674,2823,4283,1011,27,151,12,1926,149,626,1925,93,25],"class_list":{"0":"post-581525","1":"post","2":"type-post","3":"status-publish","4":"format-standard","5":"has-post-thumbnail","7":"category-paris","8":"tag-5-1","9":"tag-17","10":"tag-actu","11":"tag-actu-paris","12":"tag-actualites","13":"tag-actualites-paris","14":"tag-battues","15":"tag-eu","16":"tag-europe","17":"tag-face","18":"tag-feminine","19":"tag-fr","20":"tag-france","21":"tag-les","22":"tag-news","23":"tag-news-paris","24":"tag-om","25":"tag-paris","26":"tag-paris-news","27":"tag-psg","28":"tag-republique-francaise"},"share_on_mastodon":{"url":"https:\/\/pubeurope.com\/@fr\/115671222439201726","error":""},"_links":{"self":[{"href":"https:\/\/www.europesays.com\/fr\/wp-json\/wp\/v2\/posts\/581525","targetHints":{"allow":["GET"]}}],"collection":[{"href":"https:\/\/www.europesays.com\/fr\/wp-json\/wp\/v2\/posts"}],"about":[{"href":"https:\/\/www.europesays.com\/fr\/wp-json\/wp\/v2\/types\/post"}],"author":[{"embeddable":true,"href":"https:\/\/www.europesays.com\/fr\/wp-json\/wp\/v2\/users\/2"}],"replies":[{"embeddable":true,"href":"https:\/\/www.europesays.com\/fr\/wp-json\/wp\/v2\/comments?post=581525"}],"version-history":[{"count":0,"href":"https:\/\/www.europesays.com\/fr\/wp-json\/wp\/v2\/posts\/581525\/revisions"}],"wp:featuredmedia":[{"embeddable":true,"href":"https:\/\/www.europesays.com\/fr\/wp-json\/wp\/v2\/media\/581526"}],"wp:attachment":[{"href":"https:\/\/www.europesays.com\/fr\/wp-json\/wp\/v2\/media?parent=581525"}],"wp:term":[{"taxonomy":"category","embeddable":true,"href":"https:\/\/www.europesays.com\/fr\/wp-json\/wp\/v2\/categories?post=581525"},{"taxonomy":"post_tag","embeddable":true,"href":"https:\/\/www.europesays.com\/fr\/wp-json\/wp\/v2\/tags?post=581525"}],"curies":[{"name":"wp","href":"https:\/\/api.w.org\/{rel}","templated":true}]}}