{"id":581531,"date":"2025-12-06T06:34:18","date_gmt":"2025-12-06T06:34:18","guid":{"rendered":"https:\/\/www.europesays.com\/fr\/581531\/"},"modified":"2025-12-06T06:34:18","modified_gmt":"2025-12-06T06:34:18","slug":"un-vol-aux-consequences-considerables-la-russie-met-leurope-en-garde","status":"publish","type":"post","link":"https:\/\/www.europesays.com\/fr\/581531\/","title":{"rendered":"\u00ab\u00a0Un vol\u00a0\u00bb aux \u00ab\u00a0cons\u00e9quences consid\u00e9rables\u00a0\u00bb\u00a0: la Russie met l\u2019Europe en garde"},"content":{"rendered":"<p>  \tLe recours aux avoirs russes gel\u00e9s en Europe pour financer l\u2019Ukraine aura des \u00ab\u00a0cons\u00e9quences consid\u00e9rables\u00a0\u00bb pour l\u2019Union europ\u00e9enne, a d\u00e9clar\u00e9 l\u2019ambassadeur russe \u00e0 Berlin vendredi, au moment o\u00f9 le chancelier allemand et le Premier ministre belge doivent discuter du sujet.<\/p>\n<p>&#13;<br \/>\n&#13;<\/p>\n<p>\u00ab\u00a0Toute op\u00e9ration avec les avoirs souverains de la Russie sans l\u2019accord de la Russie serait du vol. Et il est clair que le vol de fonds de l\u2019\u00c9tat russe aura des cons\u00e9quences d\u2019ampleur\u00a0\u00bb, a dit, dans un communiqu\u00e9 l\u2019ambassadeur de Russie \u00e0 Berlin, Sergue\u00ef Netcha\u00efev.<\/p>\n<p>Selon lui, la r\u00e9putation de l\u2019UE dans le monde des affaires \u00ab\u00a0pourrait \u00eatre d\u00e9truite\u00a0\u00bb, \u00e9voquant aussi d\u2019\u00ab\u00a0interminables proc\u00e9dures judiciaires\u00a0\u00bb, et un \u00ab\u00a0chemin vers l\u2019anarchie juridique et la destruction des fondements du syst\u00e8me financier mondial\u00a0\u00bb dont l\u2019Europe serait la premi\u00e8re victime. \u00ab\u00a0Nous sommes confiants sur le fait que Bruxelles et Berlin comprennent cela\u00a0\u00bb, a-t-il estim\u00e9.<\/p>\n<p>&#13;<br \/>\n&#13;<\/p>\n<p>&#13;<br \/>\n&#13;<\/p>\n<p>Le chancelier Friedrich Merz s\u2019est rendu vendredi soir en Belgique pour \u00ab\u00a0convaincre\u00a0\u00bb Bart De\u00a0Wever du bien-fond\u00e9 du plan de la Commission europ\u00e9enne de recourir aux avoirs russes gel\u00e9s pour soutenir Kiev, en pr\u00e9sence de la pr\u00e9sidente de la Commission europ\u00e9enne Ursula von\u00a0der\u00a0Leyen.<\/p>\n<p>\u00ab\u00a0Un \u00e9change constructif\u00a0\u00bb<\/p>\n<p>Dans une d\u00e9claration apr\u00e8s cette r\u00e9union, M. Merz a\u00a0\u00e9voqu\u00e9\u00a0un \u00ab\u00a0\u00e9change tr\u00e8s constructif\u00a0\u00bb. \u00ab\u00a0La pr\u00e9occupation particuli\u00e8re de la Belgique concernant la question de l\u2019utilisation des avoirs russes gel\u00e9s est ind\u00e9niable et doit \u00eatre trait\u00e9e (\u2026)\u00a0de mani\u00e8re\u00a0que tous les \u00c9tats europ\u00e9ens supportent le m\u00eame risque\u00a0\u00bb, a-t-il d\u00e9clar\u00e9.<\/p>\n<p>\n  &#13;<br \/>\n  \u00c0 lire aussi&#13;<br \/>\n  &#13;<\/p>\n<p>  <img decoding=\"async\" data-copyright=\"BELGA\" class=\"r-img\"  typeof=\"foaf:Image\" src=\"https:\/\/www.europesays.com\/fr\/wp-content\/uploads\/2025\/12\/55553518.jpeg\" alt=\"Belgaimage-143816839.jpg\"\/><br \/>\n        <a class=\"r-stories--link\" href=\"https:\/\/www.rtl.be\/actu\/belgique\/politique\/leurope-va-t-elle-reussir-faire-ceder-bart-de-wever-sur-les-avoirs-russes-elle\/2025-12-05\/article\/772667\" target=\"_blank\" rel=\"noopener\">L\u2019Europe va-t-elle r\u00e9ussir \u00e0 faire c\u00e9der Bart De Wever sur les avoirs russes ? Elle veut en tout cas rassurer le Premier ministre<\/a>&#13;<br \/>\n  &#13;<br \/>\n&#13;\n<\/p>\n<p>Les dirigeants ont convenu \u00ab\u00a0de poursuivre leurs discussions dans le but de trouver une solution commune\u00a0\u00bb d\u2019ici leur prochain sommet les 18 et 19 d\u00e9cembre, a indiqu\u00e9 le porte-parole de Merz, Stefan\u00a0Kornelius.<\/p>\n<p>&#13;<br \/>\n&#13;<\/p>\n<p>&#13;<br \/>\n&#13;<\/p>\n<p>L\u2019Ukraine souffre sur le front militaire mais aussi diplomatique, Donald Trump, mettant la pression pour mettre fin \u00e0 la guerre tout en \u00e9tant suspect\u00e9 de favoriser la Russie qui a envahi l\u2019Ukraine en f\u00e9vrier 2022.<\/p>\n<blockquote><p>Les Europ\u00e9ens n\u2019ont pas les ressources consid\u00e9rables<\/p><\/blockquote>\n<p>L\u2019ex\u00e9cutif europ\u00e9en a pr\u00e9sent\u00e9 un plan de recours aux avoirs russes gel\u00e9s en Europe, mais il se heurte jusqu\u2019\u00e0 pr\u00e9sent \u00e0 l\u2019hostilit\u00e9 de la Belgique, car c\u2019est\u00a0dans notre pays\u00a0qu\u2019est bas\u00e9e la soci\u00e9t\u00e9\u00a0Euroclear, qui d\u00e9tient quelque 210 milliards d\u2019euros de ces avoirs, sur 235 milliards en tout dans l\u2019UE.<\/p>\n<p>Pr\u00e8s de quatre ans apr\u00e8s le d\u00e9but de l\u2019invasion, l\u2019UE cherche un m\u00e9canisme qui ne minerait pas l\u2019euro et ne mettrait pas en danger des actifs europ\u00e9ens \u00e0 l\u2019\u00e9tranger.\u00a0Pour l\u2019ambassadeur russe \u00e0 Berlin, le fait que l\u2019UE veuille utiliser ces avoirs montre que les Europ\u00e9ens n\u2019ont pas les \u00ab\u00a0ressources consid\u00e9rables\u00a0\u00bb qu\u2019il faudrait pour que l\u2019Ukraine puisse continuer de se battre.<\/p>\n<p>&#13;<br \/>\n&#13;<\/p>\n<p>&#13;<br \/>\n&#13;<\/p>\n","protected":false},"excerpt":{"rendered":"Le recours aux avoirs russes gel\u00e9s en Europe pour financer l\u2019Ukraine aura des \u00ab\u00a0cons\u00e9quences consid\u00e9rables\u00a0\u00bb pour l\u2019Union europ\u00e9enne,&hellip;\n","protected":false},"author":2,"featured_media":581532,"comment_status":"","ping_status":"","sticky":false,"template":"","format":"standard","meta":{"footnotes":""},"categories":[1591],"tags":[11,1887,12,63397,1885,1886,132],"class_list":{"0":"post-581531","1":"post","2":"type-post","3":"status-publish","4":"format-standard","5":"has-post-thumbnail","7":"category-russie","8":"tag-actualites","9":"tag-federation-de-russie","10":"tag-news","11":"tag-rtl-info","12":"tag-russia","13":"tag-russian-federation","14":"tag-russie"},"share_on_mastodon":{"url":"https:\/\/pubeurope.com\/@fr\/115671235070339094","error":""},"_links":{"self":[{"href":"https:\/\/www.europesays.com\/fr\/wp-json\/wp\/v2\/posts\/581531","targetHints":{"allow":["GET"]}}],"collection":[{"href":"https:\/\/www.europesays.com\/fr\/wp-json\/wp\/v2\/posts"}],"about":[{"href":"https:\/\/www.europesays.com\/fr\/wp-json\/wp\/v2\/types\/post"}],"author":[{"embeddable":true,"href":"https:\/\/www.europesays.com\/fr\/wp-json\/wp\/v2\/users\/2"}],"replies":[{"embeddable":true,"href":"https:\/\/www.europesays.com\/fr\/wp-json\/wp\/v2\/comments?post=581531"}],"version-history":[{"count":0,"href":"https:\/\/www.europesays.com\/fr\/wp-json\/wp\/v2\/posts\/581531\/revisions"}],"wp:featuredmedia":[{"embeddable":true,"href":"https:\/\/www.europesays.com\/fr\/wp-json\/wp\/v2\/media\/581532"}],"wp:attachment":[{"href":"https:\/\/www.europesays.com\/fr\/wp-json\/wp\/v2\/media?parent=581531"}],"wp:term":[{"taxonomy":"category","embeddable":true,"href":"https:\/\/www.europesays.com\/fr\/wp-json\/wp\/v2\/categories?post=581531"},{"taxonomy":"post_tag","embeddable":true,"href":"https:\/\/www.europesays.com\/fr\/wp-json\/wp\/v2\/tags?post=581531"}],"curies":[{"name":"wp","href":"https:\/\/api.w.org\/{rel}","templated":true}]}}