{"id":581537,"date":"2025-12-06T06:37:13","date_gmt":"2025-12-06T06:37:13","guid":{"rendered":"https:\/\/www.europesays.com\/fr\/581537\/"},"modified":"2025-12-06T06:37:13","modified_gmt":"2025-12-06T06:37:13","slug":"royaume-uni-vers-une-surveillance-biometrique-generalisee-le-gouvernement-veut-deployer-la-reconnaissance-faciale-dans-tout-le-pays","status":"publish","type":"post","link":"https:\/\/www.europesays.com\/fr\/581537\/","title":{"rendered":"Royaume-Uni. Vers une surveillance biom\u00e9trique g\u00e9n\u00e9ralis\u00e9e ? Le gouvernement veut d\u00e9ployer la reconnaissance faciale dans tout le pays"},"content":{"rendered":"<p>\t\t\t\t\tLe parti travailliste britannique envisage de donner \u00e0 la police un acc\u00e8s \u00e9largi \u00e0 la base de donn\u00e9es des passeports pour traquer les criminels gr\u00e2ce \u00e0 la reconnaissance faciale. Un projet qui soul\u00e8ve une vive controverse sur les libert\u00e9s individuelles et la d\u00e9rive s\u00e9curitaire.<\/p>\n<p>C\u2019est un projet de soci\u00e9t\u00e9 qui ne dit pas son nom. Le minist\u00e8re de l\u2019Int\u00e9rieur britannique, sous l\u2019impulsion du parti travailliste, a lanc\u00e9 une consultation visant \u00e0 l\u00e9galiser \u00e0 grande \u00e9chelle l\u2019usage de la reconnaissance faciale par les forces de l\u2019ordre. Objectif affich\u00e9 : lutter contre la criminalit\u00e9 gr\u00e2ce \u00e0 des outils technologiques jug\u00e9s \u00ab aussi r\u00e9volutionnaires que les tests ADN \u00bb par la ministre d\u00e9l\u00e9gu\u00e9e \u00e0 la s\u00e9curit\u00e9, Sarah Jones.<\/p>\n<p>Mais pour les d\u00e9fenseurs des libert\u00e9s civiles, c\u2019est une bascule vers une soci\u00e9t\u00e9 de surveillance g\u00e9n\u00e9ralis\u00e9e.<\/p>\n<p>Un acc\u00e8s in\u00e9dit aux donn\u00e9es biom\u00e9triques de 45 millions de citoyens<\/p>\n<p>Le projet pr\u00e9voit d\u2019autoriser la police \u00e0 comparer les visages de suspects film\u00e9s par des cam\u00e9ras de surveillance, des sonnettes connect\u00e9es ou des dashcams, avec les 45 millions de photos contenues dans la base de donn\u00e9es des passeports britanniques. Une extension aux fichiers de l\u2019immigration est \u00e9galement envisag\u00e9e.<\/p>\n<p>Jusqu\u2019\u00e0 pr\u00e9sent, les forces de l\u2019ordre n\u2019avaient acc\u00e8s qu\u2019\u00e0 la base de donn\u00e9es nationale de la police, limit\u00e9e aux personnes d\u00e9j\u00e0 arr\u00eat\u00e9es. Ce changement de paradigme permettrait de faire entrer tous les citoyens britanniques \u2014 m\u00eame sans ant\u00e9c\u00e9dent judiciaire \u2014 dans une immense base de comparaison biom\u00e9trique accessible aux enqu\u00eateurs.<\/p>\n<p>Des cam\u00e9ras en temps r\u00e9el dans chaque ville et village<\/p>\n<p>La consultation publique vise \u00e9galement \u00e0 l\u00e9galiser l\u2019usage des cam\u00e9ras de \u00ab reconnaissance faciale en direct \u00bb dans toutes les zones urbaines du pays. Ce dispositif, d\u00e9j\u00e0 test\u00e9 \u00e0 Londres et au Pays de Galles, scanne en continu les visages dans la rue pour les comparer \u00e0 une liste de suspects.<\/p>\n<p>Trois types d\u2019usages sont vis\u00e9s :<\/p>\n<ul>\n<li><strong>Surveillance en temps r\u00e9el<\/strong>\u00a0dans les lieux publics par cam\u00e9ras fixes ou mobiles ;<\/li>\n<li><strong>Applications mobiles<\/strong>\u00a0permettant aux policiers d\u2019identifier les individus directement dans la rue ;<\/li>\n<li><strong>Recherche a posteriori<\/strong>, en utilisant les images issues de sc\u00e8nes de crimes pour retrouver des suspects via les bases de donn\u00e9es biom\u00e9triques.<\/li>\n<\/ul>\n<p>Une extension vers le priv\u00e9 ?<\/p>\n<p>Les autorit\u00e9s envisagent \u00e9galement d\u2019autoriser l\u2019usage de ces technologies \u00e0 d\u2019autres entit\u00e9s publiques et \u00e0 certaines entreprises priv\u00e9es. Des enseignes pourraient ainsi rep\u00e9rer et interdire l\u2019entr\u00e9e \u00e0 des voleurs r\u00e9cidivistes gr\u00e2ce \u00e0 la reconnaissance faciale.<\/p>\n<p>Plus inqui\u00e9tant encore, la reconnaissance faciale pourrait servir \u00e0 surveiller les d\u00e9linquants sexuels, ou encore \u00e0 retrouver des immigr\u00e9s clandestins signal\u00e9s comme expuls\u00e9s.<\/p>\n<p>Face \u00e0 ces perspectives, les critiques se multiplient. Silkie Carlo, directrice de l\u2019association\u00a0<strong>Big Brother Watch<\/strong>, d\u00e9nonce \u00ab une violation historique de la vie priv\u00e9e des Britanniques \u00bb :<\/p>\n<blockquote>\n<p>\u00ab Nos passeports deviendront des photos d\u2019identit\u00e9 pour une gigantesque base de surveillance. C\u2019est une soci\u00e9t\u00e9 de type carc\u00e9ral qui se profile. \u00bb<\/p>\n<\/blockquote>\n<p>L\u2019ONG accuse le gouvernement de Sir Keir Starmer de transformer le Royaume-Uni en une \u00ab prison \u00e0 ciel ouvert \u00bb et d\u2019utiliser des m\u00e9thodes dignes des r\u00e9gimes autoritaires.<\/p>\n<p>Une ligne rouge franchie ?<\/p>\n<p>La ministre Sarah Jones, de son c\u00f4t\u00e9, assume pleinement la d\u00e9marche :<\/p>\n<blockquote>\n<p>\u00ab Cette technologie est extr\u00eamement efficace. Elle a permis de retirer des milliers de criminels dangereux de nos rues \u00bb, d\u00e9clare-t-elle.<br \/>\u00ab Il est essentiel que la police dispose de tous les outils n\u00e9cessaires, mais avec un cadre l\u00e9gal clair pour \u00e9viter les abus. \u00bb<\/p>\n<\/blockquote>\n<p>Mais cette logique de \u00ab pr\u00e9vention \u00bb et de \u00ab dissuasion \u00bb par la surveillance, jug\u00e9e dangereusement intrusive, pourrait remettre en cause un principe fondamental : la pr\u00e9somption d\u2019innocence.<\/p>\n<p>Si le Royaume-Uni poursuit dans cette direction, il pourrait devenir l\u2019un des pays occidentaux les plus surveill\u00e9s biom\u00e9triquement. Une \u00e9volution \u00e0 surveiller de pr\u00e8s pour tous ceux qui s\u2019inqui\u00e8tent des d\u00e9rives s\u00e9curitaires sous couvert de lutte contre la criminalit\u00e9.<\/p>\n<p>Cr\u00e9dit photo : DR<br \/>[cc] Article relu et corrig\u00e9 par ChatGPT. Breizh-info.com, 2025, d\u00e9p\u00eaches libres de copie et de diffusion sous r\u00e9serve de mention et de lien vers la source d\u2019origine<\/p>\n","protected":false},"excerpt":{"rendered":"Le parti travailliste britannique envisage de donner \u00e0 la police un acc\u00e8s \u00e9largi \u00e0 la base de donn\u00e9es&hellip;\n","protected":false},"author":2,"featured_media":581538,"comment_status":"","ping_status":"","sticky":false,"template":"","format":"standard","meta":{"footnotes":""},"categories":[1588],"tags":[11,69543,40063,1777,674,2581,69544,12,62680,19504,61378,473,1853,69545,656,9673,717,1851,1850,1852,657],"class_list":{"0":"post-581537","1":"post","2":"type-post","3":"status-publish","4":"format-standard","5":"has-post-thumbnail","7":"category-royaume-uni","8":"tag-actualites","9":"tag-big-brother-watch","10":"tag-derive-autoritaire","11":"tag-eu","12":"tag-europe","13":"tag-keir-starmer","14":"tag-libertes-individuelles","15":"tag-news","16":"tag-passeports","17":"tag-police-britannique","18":"tag-reconnaissance-faciale","19":"tag-royaume-uni","20":"tag-royaume-uni-de-grande-bretagne-et-dirlande-du-nord","21":"tag-sarah-jones","22":"tag-securite","23":"tag-surveillance","24":"tag-technologie","25":"tag-uk","26":"tag-united-kingdom","27":"tag-united-kingdom-of-great-britain-and-northern-ireland","28":"tag-vie-privee"},"share_on_mastodon":{"url":"https:\/\/pubeurope.com\/@fr\/115671246182664157","error":""},"_links":{"self":[{"href":"https:\/\/www.europesays.com\/fr\/wp-json\/wp\/v2\/posts\/581537","targetHints":{"allow":["GET"]}}],"collection":[{"href":"https:\/\/www.europesays.com\/fr\/wp-json\/wp\/v2\/posts"}],"about":[{"href":"https:\/\/www.europesays.com\/fr\/wp-json\/wp\/v2\/types\/post"}],"author":[{"embeddable":true,"href":"https:\/\/www.europesays.com\/fr\/wp-json\/wp\/v2\/users\/2"}],"replies":[{"embeddable":true,"href":"https:\/\/www.europesays.com\/fr\/wp-json\/wp\/v2\/comments?post=581537"}],"version-history":[{"count":0,"href":"https:\/\/www.europesays.com\/fr\/wp-json\/wp\/v2\/posts\/581537\/revisions"}],"wp:featuredmedia":[{"embeddable":true,"href":"https:\/\/www.europesays.com\/fr\/wp-json\/wp\/v2\/media\/581538"}],"wp:attachment":[{"href":"https:\/\/www.europesays.com\/fr\/wp-json\/wp\/v2\/media?parent=581537"}],"wp:term":[{"taxonomy":"category","embeddable":true,"href":"https:\/\/www.europesays.com\/fr\/wp-json\/wp\/v2\/categories?post=581537"},{"taxonomy":"post_tag","embeddable":true,"href":"https:\/\/www.europesays.com\/fr\/wp-json\/wp\/v2\/tags?post=581537"}],"curies":[{"name":"wp","href":"https:\/\/api.w.org\/{rel}","templated":true}]}}