{"id":581543,"date":"2025-12-06T06:40:16","date_gmt":"2025-12-06T06:40:16","guid":{"rendered":"https:\/\/www.europesays.com\/fr\/581543\/"},"modified":"2025-12-06T06:40:16","modified_gmt":"2025-12-06T06:40:16","slug":"lue-inflige-une-amende-de-120-millions-a-x-et-suscite-lire-de-washington","status":"publish","type":"post","link":"https:\/\/www.europesays.com\/fr\/581543\/","title":{"rendered":"L&rsquo;UE inflige une amende de 120 millions \u00e0 X et suscite l&rsquo;ire de Washington"},"content":{"rendered":"<p>\u00ab\u00a0Une attaque contre le peuple am\u00e9ricain\u00a0\u00bb, c&rsquo;est ainsi que le chef de la diplomatie am\u00e9ricaine Marco Rubio a qualifi\u00e9 l&rsquo;amende de 120 millions d&rsquo;euros inflig\u00e9e vendredi par l&rsquo;Union europ\u00e9enne au r\u00e9seau social X d\u00e9tenu par Elon Musk.<\/p>\n<p>Il s&rsquo;agit de la premi\u00e8re amende impos\u00e9e \u00e0 une plateforme dans le cadre du r\u00e8glement europ\u00e9en sur les services num\u00e9riques, ou DSA.<\/p>\n<p>Cette d\u00e9cision est \u00ab\u00a0une attaque contre toutes les plateformes technologiques am\u00e9ricaines et le peuple am\u00e9ricain par des gouvernements \u00e9trangers\u00a0\u00bb, a fustig\u00e9, sur X, le chef de la diplomatie am\u00e9ricaine Marco Rubio, en ajoutant que \u00ab\u00a0l&rsquo;\u00e9poque de la censure des Am\u00e9ricains en ligne est r\u00e9volue\u00a0\u00bb.<\/p>\n<p>Contenu externe<\/p>\n<p> Ce contenu externe ne peut pas \u00eatre affich\u00e9 car il est susceptible de collecter des donn\u00e9es personnelles. Pour voir ce contenu vous devez autoriser la cat\u00e9gorie <strong>R\u00e9seaux sociaux<\/strong>. <\/p>\n<p> Accepter Plus d&rsquo;info <\/p>\n<p>Avant m\u00eame l&rsquo;officialisation de cette d\u00e9cision, le vice-pr\u00e9sident am\u00e9ricain JD Vance avait d\u00e9nonc\u00e9 la d\u00e9marche europ\u00e9enne. \u00ab\u00a0L&rsquo;UE devrait d\u00e9fendre la libert\u00e9 d&rsquo;expression au lieu de s&rsquo;en prendre \u00e0 des entreprises am\u00e9ricaines pour des foutaises\u00a0\u00bb, a-t-il lanc\u00e9, s&rsquo;attirant un message de remerciement d&rsquo;Elon Musk.<\/p>\n<p>Contenu externe<\/p>\n<p> Ce contenu externe ne peut pas \u00eatre affich\u00e9 car il est susceptible de collecter des donn\u00e9es personnelles. Pour voir ce contenu vous devez autoriser la cat\u00e9gorie <strong>R\u00e9seaux sociaux<\/strong>. <\/p>\n<p> Accepter Plus d&rsquo;info <\/p>\n<p>Cela \u00ab\u00a0n&rsquo;a rien \u00e0 voir avec de la censure\u00a0\u00bb, avait martel\u00e9 quelques heures plus t\u00f4t la vice-pr\u00e9sidente de la Commission europ\u00e9enne charg\u00e9e du num\u00e9rique, Henna Virkkunen, mettant en avant la stricte application des textes europ\u00e9ens.<\/p>\n<p>Cette loi est entr\u00e9e en vigueur il y a deux ans pour lutter contre les contenus ill\u00e9gaux et dangereux en ligne, et impose des obligations renforc\u00e9es aux plus grandes plateformes actives dans l&rsquo;UE.<\/p>\n<p>Coches bleues et contenus ill\u00e9gaux<\/p>\n<p>La sanction annonc\u00e9e vendredi ne porte que sur les seules infractions notifi\u00e9es en juillet 2024 \u00e0 X, lorsque l&rsquo;UE avait accus\u00e9 simultan\u00e9ment la plateforme de tromperie des utilisateurs avec les coches bleues cens\u00e9es certifier les sources d&rsquo;informations, de transparence insuffisante autour des publicit\u00e9s, et de non-respect de l&rsquo;obligation d&rsquo;acc\u00e8s aux donn\u00e9es internes par des chercheurs agr\u00e9\u00e9s.<\/p>\n<p>Les coches bleues \u00e9taient \u00e0 l&rsquo;origine attribu\u00e9es par l&rsquo;ex-Twitter \u00e0 des utilisateurs au terme d&rsquo;un processus de v\u00e9rification de leur identit\u00e9, afin d&rsquo;aider \u00e0 d\u00e9jouer les impostures.<\/p>\n<p>Mais apr\u00e8s avoir rachet\u00e9 la plateforme de microblogage, Elon Musk a r\u00e9serv\u00e9 ces badges aux abonn\u00e9s payants, au risque selon Bruxelles d&rsquo;induire en erreur les utilisateurs.<\/p>\n<p>L&rsquo;UE a \u00e9largi entre-temps son enqu\u00eate sur X \u00e0 des soup\u00e7ons de non-respect de ses obligations en mati\u00e8re de contenus ill\u00e9gaux et de d\u00e9sinformation, des sujets sur lesquels elle continue d&rsquo;enqu\u00eater.<\/p>\n<p>Pressions am\u00e9ricaines<\/p>\n<p>Washington n&rsquo;a cess\u00e9 cette ann\u00e9e de critiquer les lois europ\u00e9ennes contre les abus des g\u00e9ants de la tech, les accusant de cibler les champions am\u00e9ricains.<\/p>\n<p>Fin novembre, des responsables am\u00e9ricains en visite \u00e0 Bruxelles ont appel\u00e9 l&rsquo;Europe \u00e0 assouplir ces lois, en \u00e9change d&rsquo;une baisse des droits de douane am\u00e9ricains sur l&rsquo;acier europ\u00e9en.<\/p>\n<p>Cette forme de marchandage a aussit\u00f4t \u00e9t\u00e9 rejet\u00e9e par les responsables europ\u00e9ens.<\/p>\n<p class=\"sources\">cab avec afp<\/p>\n","protected":false},"excerpt":{"rendered":"\u00ab\u00a0Une attaque contre le peuple am\u00e9ricain\u00a0\u00bb, c&rsquo;est ainsi que le chef de la diplomatie am\u00e9ricaine Marco Rubio a&hellip;\n","protected":false},"author":2,"featured_media":581544,"comment_status":"","ping_status":"","sticky":false,"template":"","format":"standard","meta":{"footnotes":""},"categories":[1586],"tags":[11,7087,834,42662,312,46,1777,674,1779,1011,27,79,1907,500,74,12,48697,316,2543,25,938,1778,364,38326,2744],"class_list":{"0":"post-581543","1":"post","2":"type-post","3":"status-publish","4":"format-standard","5":"has-post-thumbnail","7":"category-europe","8":"tag-actualites","9":"tag-amende","10":"tag-attaque","11":"tag-contenu","12":"tag-diplomatie","13":"tag-elon-musk","14":"tag-eu","15":"tag-europe","16":"tag-european-union","17":"tag-fr","18":"tag-france","19":"tag-j-d-vance","20":"tag-marco-rubio","21":"tag-medias","22":"tag-monde","23":"tag-news","24":"tag-obligation","25":"tag-politique","26":"tag-relations-internationales","27":"tag-republique-francaise","28":"tag-reseaux-sociaux","29":"tag-ue","30":"tag-union-europeenne","31":"tag-utilisateur","32":"tag-washington"},"share_on_mastodon":{"url":"https:\/\/pubeurope.com\/@fr\/115671257876196083","error":""},"_links":{"self":[{"href":"https:\/\/www.europesays.com\/fr\/wp-json\/wp\/v2\/posts\/581543","targetHints":{"allow":["GET"]}}],"collection":[{"href":"https:\/\/www.europesays.com\/fr\/wp-json\/wp\/v2\/posts"}],"about":[{"href":"https:\/\/www.europesays.com\/fr\/wp-json\/wp\/v2\/types\/post"}],"author":[{"embeddable":true,"href":"https:\/\/www.europesays.com\/fr\/wp-json\/wp\/v2\/users\/2"}],"replies":[{"embeddable":true,"href":"https:\/\/www.europesays.com\/fr\/wp-json\/wp\/v2\/comments?post=581543"}],"version-history":[{"count":0,"href":"https:\/\/www.europesays.com\/fr\/wp-json\/wp\/v2\/posts\/581543\/revisions"}],"wp:featuredmedia":[{"embeddable":true,"href":"https:\/\/www.europesays.com\/fr\/wp-json\/wp\/v2\/media\/581544"}],"wp:attachment":[{"href":"https:\/\/www.europesays.com\/fr\/wp-json\/wp\/v2\/media?parent=581543"}],"wp:term":[{"taxonomy":"category","embeddable":true,"href":"https:\/\/www.europesays.com\/fr\/wp-json\/wp\/v2\/categories?post=581543"},{"taxonomy":"post_tag","embeddable":true,"href":"https:\/\/www.europesays.com\/fr\/wp-json\/wp\/v2\/tags?post=581543"}],"curies":[{"name":"wp","href":"https:\/\/api.w.org\/{rel}","templated":true}]}}