{"id":581556,"date":"2025-12-06T06:53:13","date_gmt":"2025-12-06T06:53:13","guid":{"rendered":"https:\/\/www.europesays.com\/fr\/581556\/"},"modified":"2025-12-06T06:53:13","modified_gmt":"2025-12-06T06:53:13","slug":"le-pere-de-meghan-markle-a-subi-une-amputation-de-la-jambe","status":"publish","type":"post","link":"https:\/\/www.europesays.com\/fr\/581556\/","title":{"rendered":"Le p\u00e8re de Meghan Markle a subi une amputation de la jambe"},"content":{"rendered":"<p>Thomas Jr, le fr\u00e8re de <a href=\"https:\/\/www.20minutes.fr\/arts-stars\/people\/4184012-20251106-adriana-karembeu-marc-lavoine-famille-disneyland-meghan-markle-bientot-retour-cinema\" rel=\"nofollow noopener\" target=\"_blank\" class=\"c-link c-link--is-underlined\">Meghan Markle<\/a>, a fait part au <a href=\"https:\/\/www.dailymail.co.uk\/news\/article-15355653\/Thomas-Markle-loses-leg-Meghan-father-live-saving-surgery-amputate-lower-limb-blood-clot-turn-black.html?ito=push-notification&amp;ci=NKEatSB3Go&amp;cri=T5qO9TIYPt&amp;si=BSIY16k0Fuik&amp;xi=02d8e2a9-f442-43a2-ab65-a417a53aac8f&amp;ai=15355653\" rel=\"nofollow noopener\" target=\"_blank\" class=\"c-link c-link--is-underlined\">Daily Mail<\/a> d\u2019une effroyable nouvelle. Leur p\u00e8re Thomas Markle, 81 ans, a subi le 3\u00a0d\u00e9cembre une op\u00e9ration de trois heures visant \u00e0 lui amputer le pied gauche et la partie inf\u00e9rieure de la jambe apr\u00e8s qu\u2019un caillot sanguin a bloqu\u00e9 la circulation sanguine.<\/p>\n<p>\u00ab\u00a0Mon p\u00e8re est tr\u00e8s courageux. Son pied est devenu bleu, puis noir\u00a0\u00bb a-t-il expliqu\u00e9. \u00ab\u00a0Tout s\u2019est pass\u00e9 tr\u00e8s vite. Je l\u2019ai emmen\u00e9 \u00e0 l\u2019h\u00f4pital local o\u00f9 ils lui ont fait passer des scanners et une \u00e9chographie, puis ils ont d\u00e9clar\u00e9 que la jambe devait \u00eatre amput\u00e9e\u00a0\u00bb. \u00ab\u00a0Il n\u2019y avait pas d\u2019autre option\u00a0\u00bb, a aussi d\u00e9plor\u00e9 Thomas Jr.<\/p>\n<p>\u00ab\u00a0C\u2019\u00e9tait une question de vie ou de mort.\u00a0\u00bb Le <a href=\"https:\/\/www.20minutes.fr\/people\/4014609-20221213-documentaire-harry-meghan-pere-meghan-markle-regardera-production-netflix\" rel=\"nofollow noopener\" target=\"_blank\" class=\"c-link c-link--is-underlined\">chef \u00e9clairagiste<\/a> de Hollywood \u00e0 la retraite vit \u00e0 Cebu, aux Philippines, o\u00f9 il s\u2019est install\u00e9 plus t\u00f4t cette ann\u00e9e. Il doit, selon la publication, subir une autre intervention chirurgicale pour retirer un caillot sanguin dans sa cuisse gauche, et son \u00e9tat de sant\u00e9 serait encore \u00ab\u00a0extr\u00eamement pr\u00e9occupant\u00a0\u00bb, comme l\u2019a rapport\u00e9 son fils. \u00ab\u00a0L\u2019un de ses m\u00e9decins a dit que les deux ou trois prochains jours seraient critiques. Sa jambe gauche a \u00e9t\u00e9 amput\u00e9e sous le genou. Ils craignaient une infection, une septic\u00e9mie ou une gangr\u00e8ne.\u00a0\u00bb<\/p>\n<p>Relation au point mort<\/p>\n<p>Depuis le mariage de l\u2019actrice de Suits avec le prince Harry en\u00a02018, <a href=\"https:\/\/www.20minutes.fr\/arts-stars\/people\/3179879-20211123-pere-meghan-markle-lance-nouvelle-attaque-contre-fille\" rel=\"nofollow noopener\" target=\"_blank\" class=\"c-link c-link--is-underlined\">p\u00e8re et fille sont en froid<\/a>. Thomas Markle n\u2019ayant pas pu assister \u00e0 la c\u00e9r\u00e9monie, Meghan Markle est entr\u00e9e seule et a \u00e9t\u00e9 accompagn\u00e9e jusqu\u2019\u00e0 l\u2019autel par le roi Charles III. La sant\u00e9 du p\u00e8re n\u2019a cess\u00e9 de se d\u00e9grader depuis. Victime d\u2019un grave accident vasculaire c\u00e9r\u00e9bral en\u00a02022, qui lui a fait perdre un temps l\u2019usage de la parole, puis de deux crises cardiaques, Thomas Markle n\u2019a jamais rencontr\u00e9 ni son gendre, ni ses petits-enfants, Archie et Lilibet, aujourd\u2019hui \u00e2g\u00e9s de six et quatre ans.<\/p>\n<p>Il se serait install\u00e9 <a href=\"https:\/\/www.20minutes.fr\/arts-stars\/people\/2397679-20181217-video-thomas-markle-supplie-nouvelle-fois-fille-meghan-repondre\" rel=\"nofollow noopener\" target=\"_blank\" class=\"c-link c-link--is-underlined\">loin de sa fille<\/a> pour soulager sa peine. \u00ab\u00a0Pendant mon s\u00e9jour aux \u00c9tats-Unis et au Mexique, je n\u2019ai cess\u00e9 de me rappeler mon \u00e9loignement de ma fille\u00a0\u00bb, avait-il expliqu\u00e9 au Daily Mail, souffrant trop de la pr\u00e9sence du couple dans les m\u00e9dias. Avec son autorisation, l\u2019\u00e9quipe m\u00e9dicale aurait indiqu\u00e9 au journal\u00a0: \u00ab\u00a0Nous devons nous assurer que la blessure gu\u00e9risse et ne s\u2019infecte pas. Pour l\u2019instant, son \u00e9tat est stable et il se porte bien. Mais, \u00e0 son \u00e2ge, cela pourrait changer rapidement.\u00a0\u00bb<\/p>\n<p>Une tr\u00eave de No\u00ebl\u00a0?<\/p>\n<p>En ces temps de f\u00eates de fin d\u2019ann\u00e9e, l\u2019heure ne serait-elle pas \u00e0 la r\u00e9conciliation\u00a0? C\u2019est en tout cas le souhait de Thomas Markle, semble-t-il, qui a d\u00e9clar\u00e9 au Mail on Sunday en septembre\u00a0: \u00ab\u00a0Mon seul souhait avant de mourir est de rencontrer mes petits-enfants. Je veux qu\u2019ils sachent que je les aime et que je tiens \u00e0 eux.\u00a0\u00bb<\/p>\n<p>Thomas Jr a d\u2019ailleurs invit\u00e9 \u00ab\u00a0Meghan \u00e0 lui t\u00e9moigner de la compassion en cette p\u00e9riode tr\u00e8s difficile.\u00a0\u00bb Laquelle sortait au m\u00eame moment un \u00e9pisode sp\u00e9cial No\u00ebl de sa s\u00e9rie Netflix <a href=\"https:\/\/www.20minutes.fr\/tempo\/4189751-20251204-conseils-fee-logis-meghan-markle-netflix-noel-tout-grace\" rel=\"nofollow noopener\" target=\"_blank\" class=\"c-link c-link--is-underlined\">With Love, Meghan<\/a>. On ne sait pas encore si elle a r\u00e9pondu \u00e0 cet appel.<\/p>\n","protected":false},"excerpt":{"rendered":"Thomas Jr, le fr\u00e8re de Meghan Markle, a fait part au Daily Mail d\u2019une effroyable nouvelle. Leur p\u00e8re&hellip;\n","protected":false},"author":2,"featured_media":581557,"comment_status":"","ping_status":"","sticky":false,"template":"","format":"standard","meta":{"footnotes":""},"categories":[1359],"tags":[58,59,73,1011,27,908,127,973,1333,3935,473,971,133],"class_list":{"0":"post-581556","1":"post","2":"type-post","3":"status-publish","4":"format-standard","5":"has-post-thumbnail","7":"category-people","8":"tag-divertissement","9":"tag-entertainment","10":"tag-etats-unis","11":"tag-fr","12":"tag-france","13":"tag-meghan-markle","14":"tag-netflix","15":"tag-people","16":"tag-philippines","17":"tag-prince","18":"tag-royaume-uni","19":"tag-royaute","20":"tag-video"},"share_on_mastodon":{"url":"https:\/\/pubeurope.com\/@fr\/115671308928687450","error":""},"_links":{"self":[{"href":"https:\/\/www.europesays.com\/fr\/wp-json\/wp\/v2\/posts\/581556","targetHints":{"allow":["GET"]}}],"collection":[{"href":"https:\/\/www.europesays.com\/fr\/wp-json\/wp\/v2\/posts"}],"about":[{"href":"https:\/\/www.europesays.com\/fr\/wp-json\/wp\/v2\/types\/post"}],"author":[{"embeddable":true,"href":"https:\/\/www.europesays.com\/fr\/wp-json\/wp\/v2\/users\/2"}],"replies":[{"embeddable":true,"href":"https:\/\/www.europesays.com\/fr\/wp-json\/wp\/v2\/comments?post=581556"}],"version-history":[{"count":0,"href":"https:\/\/www.europesays.com\/fr\/wp-json\/wp\/v2\/posts\/581556\/revisions"}],"wp:featuredmedia":[{"embeddable":true,"href":"https:\/\/www.europesays.com\/fr\/wp-json\/wp\/v2\/media\/581557"}],"wp:attachment":[{"href":"https:\/\/www.europesays.com\/fr\/wp-json\/wp\/v2\/media?parent=581556"}],"wp:term":[{"taxonomy":"category","embeddable":true,"href":"https:\/\/www.europesays.com\/fr\/wp-json\/wp\/v2\/categories?post=581556"},{"taxonomy":"post_tag","embeddable":true,"href":"https:\/\/www.europesays.com\/fr\/wp-json\/wp\/v2\/tags?post=581556"}],"curies":[{"name":"wp","href":"https:\/\/api.w.org\/{rel}","templated":true}]}}