{"id":581558,"date":"2025-12-06T06:54:15","date_gmt":"2025-12-06T06:54:15","guid":{"rendered":"https:\/\/www.europesays.com\/fr\/581558\/"},"modified":"2025-12-06T06:54:15","modified_gmt":"2025-12-06T06:54:15","slug":"en-images-bertrand-rouby-le-peintre-dont-marie-galante-est-la-muse","status":"publish","type":"post","link":"https:\/\/www.europesays.com\/fr\/581558\/","title":{"rendered":"EN IMAGES. Bertrand Rouby, le peintre dont Marie-Galante est la muse"},"content":{"rendered":"<p class=\"svelte-qfpp5o first-paragraph\">Cela fait pr\u00e8s de 40 ans que Bertrand Rouby a pos\u00e9 ses valises sur l\u2019\u00eele de Marie-Galante. Il a trouv\u00e9 sur place les couleurs qui lui si\u00e9ent. Amoureux de peinture depuis l\u2019enfance, il a opt\u00e9, comme mode d\u2019expression, pour l\u2019aquarelle et a ouvert sa galerie dans la commune de Saint-Louis, il y a tout juste un an. Dans ses \u0153uvres, il raconte les paysages, les gens, leurs mani\u00e8res de vivre.<\/p>\n<p class=\"svelte-qfpp5o\">Bertrand Rouby se fait tout discret, pour mieux laisser parler ses toiles. Celles-ci l\u00e8vent le voile sur une personnalit\u00e9 tiss\u00e9e de sensibilit\u00e9.<\/p>\n<blockquote class=\"quote svelte-15qzpub\">\n<p class=\"text svelte-15qzpub\">\u00ab L&rsquo;eau est l&rsquo;\u00e9l\u00e9ment essentiel dans l&rsquo;aquarelle, puisque c&rsquo;est l&rsquo;eau qui va permettre de diriger les pigments sur le papier. C&rsquo;est \u00e7a qui me pla\u00eet aussi\u00a0: le fait de travailler avec de l&rsquo;eau. Il y a une esp\u00e8ce de sensualit\u00e9, il y a quelque chose de tr\u00e8s agr\u00e9able.  \u00bb<\/p>\n<p> Bertrand Rouby, artiste-peintre aquarelliste<\/p><\/blockquote>\n<p class=\"svelte-qfpp5o\">Avec le temps, l\u2019homme a aiguis\u00e9 son regard, il capte et pose sur le papier les lieux, les postures, les regards et les attitudes, l&rsquo;\u00e2me des gens en somme. Pour lui, leur essence est essentielle.<\/p>\n<p class=\"svelte-qfpp5o\">Les visiteurs sont touch\u00e9s par autant de finesse et de d\u00e9licatesse.<\/p>\n<blockquote class=\"quote svelte-15qzpub\">\n<p class=\"text svelte-15qzpub\">\u00ab Bien souvent, c&rsquo;est ce qu&rsquo;ils me disent, qu&rsquo;il y a vraiment beaucoup d&rsquo;\u00e9motions dans mes images. C&rsquo;est bien que les gens le ressentent.  \u00bb<\/p>\n<p> Bertrand Rouby, artiste-peintre aquarelliste<\/p><\/blockquote>\n<p class=\"svelte-qfpp5o\">L&rsquo;aquarelliste vous attend dans son univers, un condens\u00e9 de Marie-Galante, \u00e0 c\u0153ur ouvert.<\/p>\n<p class=\"svelte-qfpp5o\"><b>REPORTAGE\/<\/b><\/p>\n<ul class=\"svelte-qfpp5o\">\n<li class=\"svelte-qfpp5o\">R\u00e9dactrice et reporteur\u00a0: Lise Dolmare<\/li>\n<li class=\"svelte-qfpp5o\">Monteur\u00a0: S\u00e9bastien Marchais<\/li>\n<li class=\"svelte-qfpp5o\">Mixeur\u00a0: David Datil<\/li>\n<\/ul>\n","protected":false},"excerpt":{"rendered":"Cela fait pr\u00e8s de 40 ans que Bertrand Rouby a pos\u00e9 ses valises sur l\u2019\u00eele de Marie-Galante. Il&hellip;\n","protected":false},"author":2,"featured_media":581559,"comment_status":"","ping_status":"","sticky":false,"template":"","format":"standard","meta":{"footnotes":""},"categories":[1358],"tags":[1348,1384,1385,1386,58,59,1011,27],"class_list":{"0":"post-581558","1":"post","2":"type-post","3":"status-publish","4":"format-standard","5":"has-post-thumbnail","7":"category-arts-et-design","8":"tag-arts","9":"tag-arts-and-design","10":"tag-arts-et-design","11":"tag-design","12":"tag-divertissement","13":"tag-entertainment","14":"tag-fr","15":"tag-france"},"share_on_mastodon":{"url":"https:\/\/pubeurope.com\/@fr\/115671312854250311","error":""},"_links":{"self":[{"href":"https:\/\/www.europesays.com\/fr\/wp-json\/wp\/v2\/posts\/581558","targetHints":{"allow":["GET"]}}],"collection":[{"href":"https:\/\/www.europesays.com\/fr\/wp-json\/wp\/v2\/posts"}],"about":[{"href":"https:\/\/www.europesays.com\/fr\/wp-json\/wp\/v2\/types\/post"}],"author":[{"embeddable":true,"href":"https:\/\/www.europesays.com\/fr\/wp-json\/wp\/v2\/users\/2"}],"replies":[{"embeddable":true,"href":"https:\/\/www.europesays.com\/fr\/wp-json\/wp\/v2\/comments?post=581558"}],"version-history":[{"count":0,"href":"https:\/\/www.europesays.com\/fr\/wp-json\/wp\/v2\/posts\/581558\/revisions"}],"wp:featuredmedia":[{"embeddable":true,"href":"https:\/\/www.europesays.com\/fr\/wp-json\/wp\/v2\/media\/581559"}],"wp:attachment":[{"href":"https:\/\/www.europesays.com\/fr\/wp-json\/wp\/v2\/media?parent=581558"}],"wp:term":[{"taxonomy":"category","embeddable":true,"href":"https:\/\/www.europesays.com\/fr\/wp-json\/wp\/v2\/categories?post=581558"},{"taxonomy":"post_tag","embeddable":true,"href":"https:\/\/www.europesays.com\/fr\/wp-json\/wp\/v2\/tags?post=581558"}],"curies":[{"name":"wp","href":"https:\/\/api.w.org\/{rel}","templated":true}]}}