{"id":581574,"date":"2025-12-06T07:04:16","date_gmt":"2025-12-06T07:04:16","guid":{"rendered":"https:\/\/www.europesays.com\/fr\/581574\/"},"modified":"2025-12-06T07:04:16","modified_gmt":"2025-12-06T07:04:16","slug":"tous-ceux-qui-touchent-moins-de-3000-euros-de-pension-sont-concernes","status":"publish","type":"post","link":"https:\/\/www.europesays.com\/fr\/581574\/","title":{"rendered":"tous ceux qui touchent moins de 3000\u00a0euros de pension sont concern\u00e9s"},"content":{"rendered":"<p class=\"app_entry_lead\">\n<p>                    <a title=\"\u00a0\u00a9\u00a0JackF - stock.adobe.com\" href=\"https:\/\/www.europesays.com\/fr\/wp-content\/uploads\/2025\/12\/83463015.jpg\" class=\"fancy\"><\/p>\n<p>                            <img loading=\"lazy\" decoding=\"async\" src=\"https:\/\/www.europesays.com\/fr\/wp-content\/uploads\/2025\/12\/83463015.jpg\" alt=\"Cette bonne nouvelle pour les retrait\u00e9s est pass\u00e9e inaper\u00e7ue\u00a0: tous ceux qui touchent moins de 3000\u00a0euros de pension sont concern\u00e9s\" width=\"1500\" height=\"1000\"\/><\/p>\n<p>                    <\/a><\/p>\n<p>                Une bonne nouvelle se profile pour de nombreux retrait\u00e9s, tous ceux touchant chaque mois moins de 3000\u00a0euros de pension.<\/p>\n<p>Le vote du budget 2026\u00a0est un long marathon \u00e0 l&rsquo;issue encore incertaine. Mais dans les tr\u00e8s nombreuses d\u00e9cisions, pistes, projets et autres discussions, un point semble avoir trouv\u00e9 un consensus\u00a0: il concerne directement les finances des retrait\u00e9s fran\u00e7ais. Une tr\u00e8s grande majorit\u00e9 d&rsquo;entre eux pourra \u00eatre touch\u00e9e par ce changement puisqu&rsquo;il concerne tous ceux qui touchent 3000 euros ou moins de pension de retraite (retraite compl\u00e9mentaire comprise).<\/p>\n<p>Leur abattement fiscal de 10% pourrait bien finalement \u00eatre conserv\u00e9. Rappelez-vous, il avait \u00e9t\u00e9 menac\u00e9 par le projet de loi de finances 2026\u00a0pr\u00e9sent\u00e9 par le gouvernement. Ce dernier souhaitait en effet le remplacer par une d\u00e9duction forfaitaire de 2000\u00a0euros, avec le but de moins avantager les hauts revenus. Probl\u00e8me, il pouvait aussi amener \u00e0 une hausse d&rsquo;imp\u00f4ts pour des retrait\u00e9s plac\u00e9s juste en-dessous des 3000 euros de revenus.<\/p>\n<p>La bonne nouvelle pour les seniors est finalement venue du S\u00e9nat : les s\u00e9nateurs, \u00e0 la majorit\u00e9 LR, ont propos\u00e9 de maintenir cet abattement, tout en le plafonnant \u00e0 3000\u00a0euros mensuels de pension de retraite. Cette mesure, si elle est d\u00e9finitivement adopt\u00e9e, concernerait une grande majorit\u00e9 des retrait\u00e9s en France. Elle vise \u00e0 pr\u00e9server le pouvoir d&rsquo;achat des retrait\u00e9s les plus modestes, tout en limitant l&rsquo;avantage fiscal pour les pensions les plus \u00e9lev\u00e9es.<\/p>\n<p><img decoding=\"async\" alt=\"\" src=\"https:\/\/www.europesays.com\/fr\/wp-content\/uploads\/2025\/12\/83463016.jpg\"\/><\/p>\n<p>Le changement peut \u00eatre important pour certains retrait\u00e9s. Prenons l&rsquo;exemple de R\u00e9mi, retrait\u00e9 touchant 30 000 euros de retraite \u00e0 l&rsquo;ann\u00e9e, donc moins de 3000 euros mensuels. Avec l&rsquo;abattement fiscal de 10% maintenu, ses imp\u00f4ts sont finalement calcul\u00e9s sur une somme de 27 000 euros (30 000 &#8211; 3000). Il paierait alors 1590 euros d&rsquo;imp\u00f4ts \u00e0 l&rsquo;ann\u00e9e.<\/p>\n<p>Si cet abattement fiscal avait \u00e9t\u00e9 remplac\u00e9 par une d\u00e9duction forfaitaire de 2000 euros, les revenus d\u00e9clar\u00e9s auraient \u00e9t\u00e9 de 28 000 euros \u00e0 l&rsquo;ann\u00e9e. Pour une somme logiquement sup\u00e9rieure \u00e0 verser au fisc : environ 1750 euros. Soit une hausse de 160 euros tout de m\u00eame.<\/p>\n<p>Le ministre de l&rsquo;\u00c9conomie, Roland Lescure, ne s&rsquo;est pas oppos\u00e9 \u00e0 cet amendement lors des d\u00e9bats au S\u00e9nat. \u00ab\u00a0Vous gardez la proportionnalit\u00e9 de l&rsquo;abattement, mais vous le plafonnez de mani\u00e8re \u00e0 ce que les revenus les plus \u00e9lev\u00e9s soient moins avantag\u00e9s qu&rsquo;ils ne le sont aujourd&rsquo;hui, a-t-il d\u00e9clar\u00e9. Donc vous retrouvez la logique du projet de loi initial\u00a0\u00bb, a-t-il m\u00eame jug\u00e9.<\/p>\n<p>Si la mesure est finalement int\u00e9gr\u00e9e au budget 2026, elle devrait contribuer \u00e0 rassurer une large part des retrait\u00e9s fran\u00e7ais. Attention tout de m\u00eame,\u00a0il faudra attendre le vote d\u00e9finitif du texte et sa promulgation pour que cette disposition entre en vigueur. D&rsquo;ici l\u00e0, le projet de loi de finances doit encore repasser devant l&rsquo;Assembl\u00e9e nationale, o\u00f9 les d\u00e9bats pourraient modifier \u00e0 nouveau certains textes.<\/p>\n","protected":false},"excerpt":{"rendered":"Une bonne nouvelle se profile pour de nombreux retrait\u00e9s, tous ceux touchant chaque mois moins de 3000\u00a0euros de&hellip;\n","protected":false},"author":2,"featured_media":581575,"comment_status":"","ping_status":"","sticky":false,"template":"","format":"standard","meta":{"footnotes":""},"categories":[6],"tags":[35,69547,51761,33,34,51763,1011,27,342,51979,51767],"class_list":{"0":"post-581574","1":"post","2":"type-post","3":"status-publish","4":"format-standard","5":"has-post-thumbnail","7":"category-economie","8":"tag-business","9":"tag-cms-linternaute-9373413","10":"tag-controller-content","11":"tag-economie","12":"tag-economy","13":"tag-format-papier","14":"tag-fr","15":"tag-france","16":"tag-impots","17":"tag-les-histoires-de-linternaute","18":"tag-parallaxeinfeed"},"share_on_mastodon":{"url":"https:\/\/pubeurope.com\/@fr\/115671353131957622","error":""},"_links":{"self":[{"href":"https:\/\/www.europesays.com\/fr\/wp-json\/wp\/v2\/posts\/581574","targetHints":{"allow":["GET"]}}],"collection":[{"href":"https:\/\/www.europesays.com\/fr\/wp-json\/wp\/v2\/posts"}],"about":[{"href":"https:\/\/www.europesays.com\/fr\/wp-json\/wp\/v2\/types\/post"}],"author":[{"embeddable":true,"href":"https:\/\/www.europesays.com\/fr\/wp-json\/wp\/v2\/users\/2"}],"replies":[{"embeddable":true,"href":"https:\/\/www.europesays.com\/fr\/wp-json\/wp\/v2\/comments?post=581574"}],"version-history":[{"count":0,"href":"https:\/\/www.europesays.com\/fr\/wp-json\/wp\/v2\/posts\/581574\/revisions"}],"wp:featuredmedia":[{"embeddable":true,"href":"https:\/\/www.europesays.com\/fr\/wp-json\/wp\/v2\/media\/581575"}],"wp:attachment":[{"href":"https:\/\/www.europesays.com\/fr\/wp-json\/wp\/v2\/media?parent=581574"}],"wp:term":[{"taxonomy":"category","embeddable":true,"href":"https:\/\/www.europesays.com\/fr\/wp-json\/wp\/v2\/categories?post=581574"},{"taxonomy":"post_tag","embeddable":true,"href":"https:\/\/www.europesays.com\/fr\/wp-json\/wp\/v2\/tags?post=581574"}],"curies":[{"name":"wp","href":"https:\/\/api.w.org\/{rel}","templated":true}]}}