{"id":581578,"date":"2025-12-06T07:06:15","date_gmt":"2025-12-06T07:06:15","guid":{"rendered":"https:\/\/www.europesays.com\/fr\/581578\/"},"modified":"2025-12-06T07:06:15","modified_gmt":"2025-12-06T07:06:15","slug":"a-gauche-la-laicite-a-piscine","status":"publish","type":"post","link":"https:\/\/www.europesays.com\/fr\/581578\/","title":{"rendered":"\u00e0 gauche, la la\u00efcit\u00e9 a piscine\u00bb"},"content":{"rendered":"<p>\n    <strong>FIGAROVOX\/TRIBUNE &#8211;<\/strong> Interrog\u00e9e sur le burkini lors de son audition devant la commission sur les liens entre partis et islamisme, ce 2 d\u00e9cembre, la patronne des Verts a notamment d\u00e9clar\u00e9 que la \u00abla\u00efcit\u00e9 ne s\u2019applique pas \u00e0 la piscine\u00bb. Marine Tondelier semble ignorer que ce v\u00eatement religieux est utilis\u00e9 pour tester la R\u00e9publique, explique la journaliste C\u00e9line Pina.<\/p>\n<p class=\"fig-paragraph\">C\u00e9line Pina est journaliste et essayiste. Fondatrice de\u00a0Viv(r)e la R\u00e9publique, elle a notamment publi\u00e9\u00a0Silence coupable\u00a0(Kero, 2016) et\u00a0Ces biens essentiels\u00a0(Bouquins, 2021).<\/p>\n<p class=\"fig-paragraph\">Marine Tondelier, leader du mouvement \u00e9cologiste a \u00e9t\u00e9 auditionn\u00e9e \u00e0 l\u2019Assembl\u00e9e nationale par la Commission parlementaire sur les liens entre les partis politiques et\u00a0<a href=\"http:\/\/www.lefigaro.fr\/flash-actu\/liens-entre-partis-et-islamisme-marine-tondelier-accuse-la-commission-d-enquete-de-nourrir-ce-climat-de-suspicion-permanente-20251203\" target=\"_blank\" data-fig-type=\"NewsFlash\" rel=\"noopener\" data-gtm-custom-categorie=\"navigation\" data-gtm-custom-action=\"crossclick\" data-gtm-custom-label=\"Contextuel\" data-gtm-event=\"customEventSPE\" data-fig-domain=\"LEFIGARO\">l\u2019islamisme<\/a>. \u00c0 cette occasion, la violence sans limite d\u2019une partie de LFI s\u2019est r\u00e9v\u00e9l\u00e9e tout comme le d\u00e9ni des partis de gauche qui se veulent encore respectables mais ne le sont plus gu\u00e8re. Cette commission, avant m\u00eame publication de son rapport, fait d\u00e9j\u00e0 des remous\u00a0: les journalistes Emmanuel Razavi et Nora Bussigny, pour avoir donn\u00e9 des informations tr\u00e8s concr\u00e8tes et sourc\u00e9es sur ces liens, ont fait l\u2019objet de menaces explicites qui les ont conduits \u00e0 porter plainte contre un d\u00e9put\u00e9 de la France Insoumise, Paul Vannier. Il faut dire que leurs t\u00e9moignages se sont r\u00e9v\u00e9l\u00e9s essentiels pour le travail de cette commission qui d\u00e9range beaucoup \u00e0 gauche<\/p>\n<p class=\"fig-premium-paywall__infos\">\n        Cet article est r\u00e9serv\u00e9 aux abonn\u00e9s.        Il vous reste 88% \u00e0 d\u00e9couvrir.\n    <\/p>\n<p>                <img  data- alt=\"Le Figaro\" class=\"fig-img--complete fig-img\"\/><\/p>\n<p class=\"fig-premium-paywall__title\">Vous avez envie de lire la suite ?<\/p>\n<p class=\"fig-premium-paywall__subtitle\">D\u00e9bloquez tous les articles imm\u00e9diatement.<\/p>\n<p class=\"fig-premium-paywall__connect\">\n                D\u00e9j\u00e0 abonn\u00e9\u00a0?                <a class=\"fig-premium-paywall__connect-link\" href=\"https:\/\/connect.lefigaro.fr\/login?client=horizon_web&amp;type=main&amp;redirect_uri=https%3A%2F%2Fwww.lefigaro.fr%2Fvox%2Fpolitique%2Fmarine-tondelier-et-le-burkini-a-gauche-la-laicite-a-piscine-20251205\" data-js-gtm=\"{&quot;customCategorie&quot;: &quot;conversion&quot;, &quot;customAction&quot;: &quot;before_Landing_Connexion_paywall_auto&quot;, &quot;customLabel&quot;: &quot;bGVmaWdhcm8uZnJfXzFmMGQxZjEyLWQ3ZjQtNjA0NC1hZDA1LWViNDk5YmZlODM2Ml9fQXJ0aWNsZQ==_\u00abMarine Tondelier et le burkini\u00a0: \u00e0 gauche, la la\u00efcit\u00e9 a piscine\u00bb_826&quot;, &quot;customIDSPE&quot;: &quot;bGVmaWdhcm8uZnJfXzFmMGQxZjEyLWQ3ZjQtNjA0NC1hZDA1LWViNDk5YmZlODM2Ml9fQXJ0aWNsZQ==&quot;, &quot;event&quot;: &quot;customEventSPE&quot;}\" target=\"_blank\" rel=\"noopener\"><br \/>\n                    Connectez-vous<br \/>\n                <\/a>\n            <\/p>\n","protected":false},"excerpt":{"rendered":"FIGAROVOX\/TRIBUNE &#8211; Interrog\u00e9e sur le burkini lors de son audition devant la commission sur les liens entre partis&hellip;\n","protected":false},"author":2,"featured_media":581579,"comment_status":"","ping_status":"","sticky":false,"template":"","format":"standard","meta":{"footnotes":""},"categories":[4],"tags":[11,53800,1011,27,1253,15430,12,25],"class_list":{"0":"post-581578","1":"post","2":"type-post","3":"status-publish","4":"format-standard","5":"has-post-thumbnail","7":"category-france","8":"tag-actualites","9":"tag-burkini","10":"tag-fr","11":"tag-france","12":"tag-islamisme","13":"tag-laicite","14":"tag-news","15":"tag-republique-francaise"},"share_on_mastodon":{"url":"https:\/\/pubeurope.com\/@fr\/115671360093081798","error":""},"_links":{"self":[{"href":"https:\/\/www.europesays.com\/fr\/wp-json\/wp\/v2\/posts\/581578","targetHints":{"allow":["GET"]}}],"collection":[{"href":"https:\/\/www.europesays.com\/fr\/wp-json\/wp\/v2\/posts"}],"about":[{"href":"https:\/\/www.europesays.com\/fr\/wp-json\/wp\/v2\/types\/post"}],"author":[{"embeddable":true,"href":"https:\/\/www.europesays.com\/fr\/wp-json\/wp\/v2\/users\/2"}],"replies":[{"embeddable":true,"href":"https:\/\/www.europesays.com\/fr\/wp-json\/wp\/v2\/comments?post=581578"}],"version-history":[{"count":0,"href":"https:\/\/www.europesays.com\/fr\/wp-json\/wp\/v2\/posts\/581578\/revisions"}],"wp:featuredmedia":[{"embeddable":true,"href":"https:\/\/www.europesays.com\/fr\/wp-json\/wp\/v2\/media\/581579"}],"wp:attachment":[{"href":"https:\/\/www.europesays.com\/fr\/wp-json\/wp\/v2\/media?parent=581578"}],"wp:term":[{"taxonomy":"category","embeddable":true,"href":"https:\/\/www.europesays.com\/fr\/wp-json\/wp\/v2\/categories?post=581578"},{"taxonomy":"post_tag","embeddable":true,"href":"https:\/\/www.europesays.com\/fr\/wp-json\/wp\/v2\/tags?post=581578"}],"curies":[{"name":"wp","href":"https:\/\/api.w.org\/{rel}","templated":true}]}}