{"id":581581,"date":"2025-12-06T07:08:13","date_gmt":"2025-12-06T07:08:13","guid":{"rendered":"https:\/\/www.europesays.com\/fr\/581581\/"},"modified":"2025-12-06T07:08:13","modified_gmt":"2025-12-06T07:08:13","slug":"en-images-la-tradition-de-la-sainte-barbe-perdure-a-firminy","status":"publish","type":"post","link":"https:\/\/www.europesays.com\/fr\/581581\/","title":{"rendered":"En images. La tradition de la Sainte Barbe perdure \u00e0 Firminy."},"content":{"rendered":"<p>Vendredi soir, les Appelous ont \u00e0 nouveau f\u00eat\u00e9 la Sainte-Barbe. Tout a commenc\u00e9 par un d\u00e9fil\u00e9 dans les rues de la ville, suivi d\u2019un office religieux. Pour terminer la soir\u00e9e, plus de 400 personnes se sont retrouv\u00e9es au Firmament pour la d\u00e9gustation de la traditionnelle salade de pieds apr\u00e8s un hommage au pr\u00e9sident fondateur du Mus\u00e9e des pompiers, Andr\u00e9 Despr\u00e9aux.<\/p>\n","protected":false},"excerpt":{"rendered":"Vendredi soir, les Appelous ont \u00e0 nouveau f\u00eat\u00e9 la Sainte-Barbe. Tout a commenc\u00e9 par un d\u00e9fil\u00e9 dans les&hellip;\n","protected":false},"author":2,"featured_media":581582,"comment_status":"","ping_status":"","sticky":false,"template":"","format":"standard","meta":{"footnotes":""},"categories":[9653],"tags":[1111,11,2430,1687,7539,1777,674,3326,10282,10283,1011,27,12,25,4001],"class_list":{"0":"post-581581","1":"post","2":"type-post","3":"status-publish","4":"format-standard","5":"has-post-thumbnail","7":"category-saint-etienne","8":"tag-actu","9":"tag-actualites","10":"tag-auvergne-rhone-alpes","11":"tag-culture-loisirs","12":"tag-edition-loire-sud","13":"tag-eu","14":"tag-europe","15":"tag-fete-locale","16":"tag-firminy","17":"tag-firminy-ville","18":"tag-fr","19":"tag-france","20":"tag-news","21":"tag-republique-francaise","22":"tag-saint-etienne"},"share_on_mastodon":{"url":"https:\/\/pubeurope.com\/@fr\/115671367967727911","error":""},"_links":{"self":[{"href":"https:\/\/www.europesays.com\/fr\/wp-json\/wp\/v2\/posts\/581581","targetHints":{"allow":["GET"]}}],"collection":[{"href":"https:\/\/www.europesays.com\/fr\/wp-json\/wp\/v2\/posts"}],"about":[{"href":"https:\/\/www.europesays.com\/fr\/wp-json\/wp\/v2\/types\/post"}],"author":[{"embeddable":true,"href":"https:\/\/www.europesays.com\/fr\/wp-json\/wp\/v2\/users\/2"}],"replies":[{"embeddable":true,"href":"https:\/\/www.europesays.com\/fr\/wp-json\/wp\/v2\/comments?post=581581"}],"version-history":[{"count":0,"href":"https:\/\/www.europesays.com\/fr\/wp-json\/wp\/v2\/posts\/581581\/revisions"}],"wp:featuredmedia":[{"embeddable":true,"href":"https:\/\/www.europesays.com\/fr\/wp-json\/wp\/v2\/media\/581582"}],"wp:attachment":[{"href":"https:\/\/www.europesays.com\/fr\/wp-json\/wp\/v2\/media?parent=581581"}],"wp:term":[{"taxonomy":"category","embeddable":true,"href":"https:\/\/www.europesays.com\/fr\/wp-json\/wp\/v2\/categories?post=581581"},{"taxonomy":"post_tag","embeddable":true,"href":"https:\/\/www.europesays.com\/fr\/wp-json\/wp\/v2\/tags?post=581581"}],"curies":[{"name":"wp","href":"https:\/\/api.w.org\/{rel}","templated":true}]}}