{"id":581583,"date":"2025-12-06T07:09:23","date_gmt":"2025-12-06T07:09:23","guid":{"rendered":"https:\/\/www.europesays.com\/fr\/581583\/"},"modified":"2025-12-06T07:09:23","modified_gmt":"2025-12-06T07:09:23","slug":"le-cafe-theatre-la-ricane-a-saint-etienne-lance-un-concours-de-talents","status":"publish","type":"post","link":"https:\/\/www.europesays.com\/fr\/581583\/","title":{"rendered":"Le caf\u00e9 th\u00e9\u00e2tre La Ricane \u00e0 Saint-Etienne lance un concours de talents"},"content":{"rendered":"<p><img loading=\"lazy\" decoding=\"async\" alt=\"\u00a9 La Ricane - Le concours Graines de talents r\u00e9compensera un artiste d'une des cinq cat\u00e9gories.\" data-zoom-src=\"https:\/\/www.europesays.com\/fr\/wp-content\/uploads\/2025\/12\/initial-theatre-la-ricane-saint-etienne.jpg\" data-zoomable=\"\" height=\"702\" src=\"https:\/\/www.europesays.com\/fr\/wp-content\/uploads\/2025\/12\/initial-theatre-la-ricane-saint-etienne.jpg\" width=\"1248\"\/>  <\/p>\n<p class=\"article-desc\">\u00a9 La Ricane &#8211; Le concours Graines de talents r\u00e9compensera un artiste d&rsquo;une des cinq cat\u00e9gories. <\/p>\n<p>A la t\u00eate du<strong> caf\u00e9-th\u00e9\u00e2tre La Ricane<\/strong> qu\u2019elle a repris en 2019, <strong>Mich\u00e8le Hirsch<\/strong>, rejointe \u00e0 la direction du lieu par Alexandra Custodio, lance un <strong>concours pluridisciplinaire<\/strong> pour promouvoir les artistes de la r\u00e9gion. Appel\u00e9 Graines de talents, il sera constitu\u00e9 de cinq cat\u00e9gories\u00a0: <strong>magie, chant, cirque, stant-up et transformisme drag queen<\/strong>. <\/p>\n<p>Les candidats pourront postuler aux alentours du 5 d\u00e9cembre via le site Internet du th\u00e9\u00e2tre. Les pr\u00e9s\u00e9lections se feront \u00e0 partir des vid\u00e9os envoy\u00e9es par les artistes avant des s\u00e9lections organis\u00e9es par cat\u00e9gorie un jeudi par mois sur la sc\u00e8ne du th\u00e9\u00e2tre, entre janvier et avril 2026. La demi-finale devrait se d\u00e9rouler d\u00e9but juin avant <strong>une finale pr\u00e9vue le 20 juin<\/strong>. <\/p>\n<p>Le gagnant du concours de talents de La Ricane sera programm\u00e9 sur la sc\u00e8ne du th\u00e9\u00e2tre <\/p>\n<p>Le laur\u00e9at choisi par <strong>un jury de professionnels <\/strong>de la r\u00e9gion se verra remettre <strong>un prix de 500 euros <\/strong>et, selon sa discipline, il pourra assurer la premi\u00e8re partie d\u2019un spectacle voire m\u00eame \u00eatre programm\u00e9 lors d\u2019un jeudi d\u00e9couverte de la saison suivante. \u00ab\u00a0On veut favoriser le talent\u00a0\u00bb, explique la com\u00e9dienne et directrice artistique de La Ricane.<\/p>\n<p>Ce th\u00e9\u00e2tre priv\u00e9, cr\u00e9\u00e9 en 2011 dans un ancien garage de voitures situ\u00e9 7 rue Camille Pelletan \u00e0 Saint-\u00c9tienne a fait du rire son moteur, m\u00eame si sa programmation reste assez vari\u00e9e int\u00e9grant des spectacles jeune public et musicaux. <\/p>\n<p>D\u2019une <strong>capacit\u00e9 de 75 places<\/strong>, La Ricane propose \u00e9galement une <strong>offre de restauration <\/strong>compos\u00e9e de produits locaux. <\/p>\n<p>Les candidatures sont \u00e0 adresser directement \u00e0 partir <a href=\"https:\/\/laricane.com\/\" rel=\"noopener\" target=\"_blank\">du site de La Ricane<\/a> o\u00f9 un onglet consacr\u00e9 \u00e0 ce concours est en cours de cr\u00e9ation. <\/p>\n","protected":false},"excerpt":{"rendered":"\u00a9 La Ricane &#8211; Le concours Graines de talents r\u00e9compensera un artiste d&rsquo;une des cinq cat\u00e9gories. A la&hellip;\n","protected":false},"author":2,"featured_media":581584,"comment_status":"","ping_status":"","sticky":false,"template":"","format":"standard","meta":{"footnotes":""},"categories":[9653],"tags":[1111,11,2430,903,1777,674,1011,27,12,25,4001,4698],"class_list":{"0":"post-581583","1":"post","2":"type-post","3":"status-publish","4":"format-standard","5":"has-post-thumbnail","7":"category-saint-etienne","8":"tag-actu","9":"tag-actualites","10":"tag-auvergne-rhone-alpes","11":"tag-concours","12":"tag-eu","13":"tag-europe","14":"tag-fr","15":"tag-france","16":"tag-news","17":"tag-republique-francaise","18":"tag-saint-etienne","19":"tag-thu00e9u00e2tre"},"share_on_mastodon":{"url":"https:\/\/pubeurope.com\/@fr\/115671373291041263","error":""},"_links":{"self":[{"href":"https:\/\/www.europesays.com\/fr\/wp-json\/wp\/v2\/posts\/581583","targetHints":{"allow":["GET"]}}],"collection":[{"href":"https:\/\/www.europesays.com\/fr\/wp-json\/wp\/v2\/posts"}],"about":[{"href":"https:\/\/www.europesays.com\/fr\/wp-json\/wp\/v2\/types\/post"}],"author":[{"embeddable":true,"href":"https:\/\/www.europesays.com\/fr\/wp-json\/wp\/v2\/users\/2"}],"replies":[{"embeddable":true,"href":"https:\/\/www.europesays.com\/fr\/wp-json\/wp\/v2\/comments?post=581583"}],"version-history":[{"count":0,"href":"https:\/\/www.europesays.com\/fr\/wp-json\/wp\/v2\/posts\/581583\/revisions"}],"wp:featuredmedia":[{"embeddable":true,"href":"https:\/\/www.europesays.com\/fr\/wp-json\/wp\/v2\/media\/581584"}],"wp:attachment":[{"href":"https:\/\/www.europesays.com\/fr\/wp-json\/wp\/v2\/media?parent=581583"}],"wp:term":[{"taxonomy":"category","embeddable":true,"href":"https:\/\/www.europesays.com\/fr\/wp-json\/wp\/v2\/categories?post=581583"},{"taxonomy":"post_tag","embeddable":true,"href":"https:\/\/www.europesays.com\/fr\/wp-json\/wp\/v2\/tags?post=581583"}],"curies":[{"name":"wp","href":"https:\/\/api.w.org\/{rel}","templated":true}]}}