{"id":581594,"date":"2025-12-06T07:17:19","date_gmt":"2025-12-06T07:17:19","guid":{"rendered":"https:\/\/www.europesays.com\/fr\/581594\/"},"modified":"2025-12-06T07:17:19","modified_gmt":"2025-12-06T07:17:19","slug":"montpellier-previsions-meteo-du-samedi-06-decembre-2025","status":"publish","type":"post","link":"https:\/\/www.europesays.com\/fr\/581594\/","title":{"rendered":"Montpellier : pr\u00e9visions m\u00e9t\u00e9o du samedi 06 d\u00e9cembre 2025"},"content":{"rendered":"<p>\u00c0 Montpellier, la journ\u00e9e de samedi 06 d\u00e9cembre 2025 reste fra\u00eeche et humide avec un ciel tr\u00e8s nuageux et quelques pluies faibles ponctuelles. La douceur relative se maintient malgr\u00e9 une humidit\u00e9 \u00e9lev\u00e9e et une visibilit\u00e9 parfois r\u00e9duite en soir\u00e9e.<\/p>\n<p>Ce vendredi 6 d\u00e9cembre 2025, la M\u00e9diterran\u00e9e demeure paisible. \u00c0 Montpellier, la journ\u00e9e s\u2019annonce typiquement automnale, marqu\u00e9e par l\u2019humidit\u00e9 et la grisaille, sans vent notable ni pr\u00e9cipitations significatives.<\/p>\n<p>Cette douceur humide s\u2019inscrit dans une tendance o\u00f9 d\u00e9cembre se r\u00e9chauffe progressivement ; depuis trente ans, l\u2019Occitanie enregistre une hausse moyenne de 0,3\u00a0\u00b0C par d\u00e9cennie selon Copernicus.<\/p>\n<p>Matin : pluie faible et fra\u00eecheur<\/p>\n<p>Le soleil se l\u00e8ve \u00e0 08\u00a0h\u00a003, mais reste \u00e0 peine perceptible sous un ciel uniform\u00e9ment gris.<\/p>\n<p>D\u00e8s l\u2019aube, Montpellier s\u2019\u00e9veille dans l\u2019humidit\u00e9. <b>6\u00a0\u00b0C<\/b> seulement, avec un ressenti proche de 4\u00a0\u00b0C.<\/p>\n<p>Une pluie fine et \u00e9parse humidifie les trottoirs, sans accumulation mesurable.<\/p>\n<p>Les chauss\u00e9es sont glissantes\u00a0: il convient d\u2019anticiper et d\u2019adapter sa vitesse.<\/p>\n<p>Un l\u00e9ger souffle venu du nord rend l\u2019air presque immobile et accentue la sensation de froid.<\/p>\n<p>Pour les trajets matinaux, un imperm\u00e9able l\u00e9ger suffit\u00a0; le parapluie restera souvent ferm\u00e9.<\/p>\n<ul>\n<li>Privil\u00e9giez les transports en commun pour \u00e9viter les routes humides.<\/li>\n<li>Arrosage superflu\u00a0: les plantes b\u00e9n\u00e9ficient d\u00e9j\u00e0 de l\u2019humidit\u00e9 ambiante.<\/li>\n<\/ul>\n<p>Apr\u00e8s-midi : grisaille persistante<\/p>\n<p>En milieu de journ\u00e9e, la couverture nuageuse demeure \u00e9paisse.<\/p>\n<p>Le thermom\u00e8tre atteint <b>12\u00a0\u00b0C<\/b>, avec un ressenti de 11\u00a0\u00b0C\u00a0: une fra\u00eecheur mod\u00e9r\u00e9e pour d\u00e9but d\u00e9cembre.<\/p>\n<p>La probabilit\u00e9 d\u2019averse chute \u00e0 15\u00a0%, un taux insuffisant pour v\u00e9ritablement arroser la ville.<\/p>\n<p>L\u2019humidit\u00e9, proche de 74\u00a0%, accentue la sensation de froid d\u00e8s que l\u2019on reste immobile.<\/p>\n<p>Aucune rafale \u00e0 signaler\u00a0: l\u2019atmosph\u00e8re reste stable.<\/p>\n<p>Cons\u00e9quence\u00a0: la production photovolta\u00efque baisse et la luminosit\u00e9 int\u00e9rieure demeure limit\u00e9e.<\/p>\n<ul>\n<li>Bonne occasion de faire ses courses sans se soucier du parapluie.<\/li>\n<li>Qualit\u00e9 de l\u2019air ind\u00e9finie\u00a0: la marche reste \u00e0 privil\u00e9gier pour limiter les \u00e9missions.<\/li>\n<\/ul>\n<p>Soir : couvert, humidit\u00e9 et premiers brouillards<\/p>\n<p>Le soleil se couche \u00e0 17\u00a0h\u00a007 derri\u00e8re un ciel toujours charg\u00e9.<\/p>\n<p>La temp\u00e9rature redescend vers <b>10\u00a0\u00b0C<\/b>, instaurant une ambiance fra\u00eeche mais calme.<\/p>\n<p>L\u2019air, satur\u00e9 \u00e0 86\u00a0%, favorise la formation de nappes de brume sur les berges du Lez.<\/p>\n<p>Deux-roues et automobilistes redoublent de prudence\u00a0: visibilit\u00e9 et adh\u00e9rence sont r\u00e9duites.<\/p>\n<p>Aucune averse n\u2019est pr\u00e9vue, mais le sol d\u00e9j\u00e0 humide appelle \u00e0 la vigilance des pi\u00e9tons.<\/p>\n<p>\u00c0 la maison, on a\u00e8re bri\u00e8vement pour chasser l\u2019exc\u00e8s d\u2019humidit\u00e9, sans trop refroidir les pi\u00e8ces.<\/p>\n<p>Tendance pour la nuit et la journ\u00e9e de demain<\/p>\n<p>Juste apr\u00e8s minuit, un brouillard dense s\u2019installe, accompagn\u00e9 de <b>8\u00a0\u00b0C<\/b>.<\/p>\n<p>L\u2019humidit\u00e9 fr\u00f4le 100\u00a0%\u00a0: carrosseries et v\u00e9g\u00e9tation se couvrent d\u2019un voile d\u2019eau.<\/p>\n<p>Dimanche 7 d\u00e9cembre, la douceur s\u2019accentue\u00a0: <b>8\u00a0\u00b0C<\/b> au lever, jusqu\u2019\u00e0 <b>17\u00a0\u00b0C<\/b> l\u2019apr\u00e8s-midi.<\/p>\n<p>Les mod\u00e8les indiquent un temps sec\u00a0; le risque de pluie demeure insignifiant.<\/p>\n<p>Le contraste thermique entre le jour et la nuit pourrait g\u00e9n\u00e9rer de nouveaux brouillards matinaux, suivis d\u2019un ciel variable.<\/p>\n<p>Cette douceur, pr\u00e8s de 4\u00a0\u00b0C au-dessus des normales, t\u00e9moigne d\u2019un climat m\u00e9diterran\u00e9en de plus en plus cl\u00e9ment en hiver.<\/p>\n<p>Pour plus de d\u00e9tails, consultez <a href=\"https:\/\/www.meteocity.com\/france\/montpellier-v2992166\/meteo-demain\" target=\"_blank\" rel=\"noopener\">notre bulletin de demain<\/a>.<\/p>\n<p>Profitez de cette cl\u00e9mence pour fl\u00e2ner dans l\u2019\u00c9cusson ou explorer les vignobles\u00a0; <a href=\"https:\/\/www.meteocity.com\/france\/montpellier-v2992166\/tourisme\" target=\"_blank\" rel=\"noopener\">notre page tourisme<\/a> recense id\u00e9es et bons plans adapt\u00e9s \u00e0 la m\u00e9t\u00e9o.<\/p>\n","protected":false},"excerpt":{"rendered":"\u00c0 Montpellier, la journ\u00e9e de samedi 06 d\u00e9cembre 2025 reste fra\u00eeche et humide avec un ciel tr\u00e8s nuageux&hellip;\n","protected":false},"author":2,"featured_media":581595,"comment_status":"","ping_status":"","sticky":false,"template":"","format":"standard","meta":{"footnotes":""},"categories":[9599],"tags":[1111,11,1777,674,1011,27,2208,12,2680,25],"class_list":{"0":"post-581594","1":"post","2":"type-post","3":"status-publish","4":"format-standard","5":"has-post-thumbnail","7":"category-montpellier","8":"tag-actu","9":"tag-actualites","10":"tag-eu","11":"tag-europe","12":"tag-fr","13":"tag-france","14":"tag-montpellier","15":"tag-news","16":"tag-occitanie","17":"tag-republique-francaise"},"share_on_mastodon":{"url":"https:\/\/pubeurope.com\/@fr\/115671403295839948","error":""},"_links":{"self":[{"href":"https:\/\/www.europesays.com\/fr\/wp-json\/wp\/v2\/posts\/581594","targetHints":{"allow":["GET"]}}],"collection":[{"href":"https:\/\/www.europesays.com\/fr\/wp-json\/wp\/v2\/posts"}],"about":[{"href":"https:\/\/www.europesays.com\/fr\/wp-json\/wp\/v2\/types\/post"}],"author":[{"embeddable":true,"href":"https:\/\/www.europesays.com\/fr\/wp-json\/wp\/v2\/users\/2"}],"replies":[{"embeddable":true,"href":"https:\/\/www.europesays.com\/fr\/wp-json\/wp\/v2\/comments?post=581594"}],"version-history":[{"count":0,"href":"https:\/\/www.europesays.com\/fr\/wp-json\/wp\/v2\/posts\/581594\/revisions"}],"wp:featuredmedia":[{"embeddable":true,"href":"https:\/\/www.europesays.com\/fr\/wp-json\/wp\/v2\/media\/581595"}],"wp:attachment":[{"href":"https:\/\/www.europesays.com\/fr\/wp-json\/wp\/v2\/media?parent=581594"}],"wp:term":[{"taxonomy":"category","embeddable":true,"href":"https:\/\/www.europesays.com\/fr\/wp-json\/wp\/v2\/categories?post=581594"},{"taxonomy":"post_tag","embeddable":true,"href":"https:\/\/www.europesays.com\/fr\/wp-json\/wp\/v2\/tags?post=581594"}],"curies":[{"name":"wp","href":"https:\/\/api.w.org\/{rel}","templated":true}]}}