{"id":581598,"date":"2025-12-06T07:21:16","date_gmt":"2025-12-06T07:21:16","guid":{"rendered":"https:\/\/www.europesays.com\/fr\/581598\/"},"modified":"2025-12-06T07:21:16","modified_gmt":"2025-12-06T07:21:16","slug":"grenoble-bibliotheque-incendiee-par-une-voiture-belier-un-nouveau-lieu-amenage","status":"publish","type":"post","link":"https:\/\/www.europesays.com\/fr\/581598\/","title":{"rendered":"Grenoble. Biblioth\u00e8que incendi\u00e9e par une voiture-b\u00e9lier : un nouveau lieu am\u00e9nag\u00e9"},"content":{"rendered":"<p>                    Par<br \/>\n        <strong><br \/>\n            <a href=\"https:\/\/actu.fr\/auteur\/lisa-rodrigues\" title=\"Consulter tous les articles de Lisa Rodrigues\" target=\"_blank\" rel=\"noopener\">Lisa Rodrigues<\/a><br \/>\n                    <\/strong><\/p>\n<p>        Publi\u00e9 le<\/p>\n<p>            6 d\u00e9c. 2025 \u00e0 7h46        <\/p>\n<p>Les images de la biblioth\u00e8que Chantal-Mauduit de <a href=\"https:\/\/actu.fr\/auvergne-rhone-alpes\/grenoble_38185\" target=\"_blank\" rel=\"noopener\">Grenoble<\/a>, compl\u00e8tement d\u00e9truite par <a href=\"https:\/\/actu.fr\/auvergne-rhone-alpes\/grenoble_38185\/grenoble-une-voiture-belier-lancee-sur-une-bibliotheque-le-batiment-detruit-par-incendie_62269764.html\" target=\"_blank\" rel=\"noopener\">l\u2019incendie d\u2019une voiture-b\u00e9lier<\/a>, ont marqu\u00e9 les esprits quelques jours seulement apr\u00e8s <a href=\"https:\/\/actu.fr\/auvergne-rhone-alpes\/grenoble_38185\/attaque-a-la-grenade-a-grenoble-le-temoignage-inquietant-des-riverains-on-veut-partir_62247135.html\" target=\"_blank\" rel=\"noopener\">l\u2019attaque \u00e0 la grenade<\/a> dans un bar associatif du Village Olympique. Les 1 000 m\u00b2 du b\u00e2timent ainsi que les \u00e9quipements sportifs attenants sont, depuis huit mois, inutilisables.<\/p>\n<p class=\" wall-content\">La Ville de Grenoble a promis de rouvrir le plus vite possible cet \u00e9quipement culturel \u00ab\u00a0en attendant la r\u00e9habilitation de l\u2019ancien b\u00e2timent\u00a0\u00bb. C\u2019est d\u00e9sormais chose faite, puisqu\u2019un<strong>\u00a0lieu \u00ab\u00a0temporaire\u00a0\u00bb<\/strong> vient d\u2019\u00eatre d\u00e9voil\u00e9, \u00e0 deux pas du site originel.<\/p>\n<p>Un investissement de 300 000 \u20ac<\/p>\n<p class=\" wall-content\">\u00ab\u00a0Des travaux d\u2019am\u00e9nagement ont \u00e9t\u00e9 effectu\u00e9s entre septembre et d\u00e9cembre 2025, en co-ma\u00eetrise d\u2019ouvrage par la Ville et Grenoble Habitat, propri\u00e9taire des locaux\u00a0\u00bb, pr\u00e9cise la mairie dans un communiqu\u00e9.<\/p>\n<p class=\" wall-content\">La <a href=\"https:\/\/actu.fr\/auvergne-rhone-alpes\/grenoble_38185\/la-mairie-de-grenoble-en-dit-un-peu-plus-sur-ce-grand-projet-prevu-en-centre-ville_62580610.html\" target=\"_blank\" rel=\"noopener\">biblioth\u00e8que<\/a> a ainsi \u00e9t\u00e9 install\u00e9e au 78 rue Anatole-France, sur un espace r\u00e9duit de 175 m\u00b2. \u00ab\u00a0Une offre de plus de 16 000 documents\u00a0\u00bb pour les enfants comme pour les adultes est \u00e0 disposition pour des emprunts ou une consultation sur place. Elle ouvrira <strong>mardi 9 d\u00e9cembre<\/strong>.<\/p>\n<p><a class=\"jo-module-caroussel__img-container\" href=\"https:\/\/static.actu.fr\/uploads\/2025\/12\/lieu-temporaire-bib-chantal-mauduit-c-mathieu-nigay-ville-de-grenoble.jpg\" title=\"Agrandir la photo La biblioth\u00e8que temporaire Chantal-Mauduit \u00e0 Grenoble va ouvrir le 9 d\u00e9cembre, en attendant la r\u00e9habilitation compl\u00e8te du b\u00e2timent d\u2019origine, d\u00e9truit dans un incendie \u00e0 la voiture-b\u00e9lier. (\u00a9 Document remis \u00e0 actu Grenoble \/ Mathieu Nigay - Ville de Grenoble)\" data-idx=\"1\" target=\"_blank\" rel=\"noopener\"><br \/>\n    <img decoding=\"async\" class=\"jo-module-caroussel__img\" loading=\"lazy\" src=\"https:\/\/www.europesays.com\/fr\/wp-content\/uploads\/2025\/12\/lieu-temporaire-bib-chantal-mauduit-c-mathieu-nigay-ville-de-grenoble-640x427.jpg\" alt=\"La biblioth\u00e8que temporaire Chantal-Mauduit \u00e0 Grenoble va ouvrir le 9 d\u00e9cembre, en attendant la r\u00e9habilitation compl\u00e8te du b\u00e2timent d\u2019origine, d\u00e9truit dans un incendie \u00e0 la voiture-b\u00e9lier. (\u00a9 Document remis \u00e0 actu Grenoble \/ Mathieu Nigay - Ville de Grenoble)\" width=\"640\" height=\"427\"\/><\/a><a class=\"jo-module-caroussel__img-container\" href=\"https:\/\/static.actu.fr\/uploads\/2025\/12\/bibliotheque-temporaire-grenoble-1.jpg\" title=\"Agrandir la photo La biblioth\u00e8que temporaire Chantal-Mauduit \u00e0 Grenoble va ouvrir le 9 d\u00e9cembre, en attendant la r\u00e9habilitation compl\u00e8te du b\u00e2timent d\u2019origine, d\u00e9truit dans un incendie \u00e0 la voiture-b\u00e9lier. (\u00a9 Document remis \u00e0 actu Grenoble \/ Ville de Grenoble)\" data-idx=\"2\" target=\"_blank\" rel=\"noopener\"><br \/>\n    <img decoding=\"async\" class=\"jo-module-caroussel__img\" loading=\"lazy\" src=\"https:\/\/www.europesays.com\/fr\/wp-content\/uploads\/2025\/12\/bibliotheque-temporaire-grenoble-1-640x427.jpg\" alt=\"La biblioth\u00e8que temporaire Chantal-Mauduit \u00e0 Grenoble va ouvrir le 9 d\u00e9cembre, en attendant la r\u00e9habilitation compl\u00e8te du b\u00e2timent d\u2019origine, d\u00e9truit dans un incendie \u00e0 la voiture-b\u00e9lier. (\u00a9 Document remis \u00e0 actu Grenoble \/ Ville de Grenoble)\" width=\"640\" height=\"427\"\/><\/a><\/p>\n<p class=\" wall-content\">Un <strong>investissement de 300 000 \u20ac<\/strong> a \u00e9t\u00e9 n\u00e9cessaire pour cette biblioth\u00e8que temporaire, financ\u00e9 par la Ville, Grenoble Habitat et l\u2019\u00c9tat.<\/p>\n<p class=\" wall-content\">Une partie des collections, du mat\u00e9riel et du mobilier a pu \u00eatre sauv\u00e9e de l\u2019incendie. L\u2019ensemble a \u00e9t\u00e9 d\u00e9contamin\u00e9 et remis en circulation dans cet espace temporaire.<\/p>\n<p>Votre r\u00e9gion, votre actu !<\/p>\n<p>Recevez chaque jour les infos qui comptent pour vous.<\/p>\n<p>\t<a href=\"https:\/\/actu.fr\/newsletter\" class=\"ac-btn ac-btn--corner ac-btn--medium ac-btn--blue800\" target=\"_blank\" rel=\"noopener\">S&rsquo;incrire<\/a><br \/>\nOuverture diff\u00e9r\u00e9e pour le dojo<\/p>\n<p class=\" wall-content\">Concernant le dojo, il a aussi trouv\u00e9 une nouvelle adresse, au 68 avenue Rhin et Danube, dans un local de 72 m\u00b2. Outre l\u2019utilisation des lieux par les \u00ab\u00a0associations r\u00e9sidentes\u00a0\u00bb des espaces d\u00e9truits dans l\u2019incendie, le dojo va aussi \u00ab\u00a0accueillir les activit\u00e9s scolaires et p\u00e9riscolaires\u00a0\u00bb de la Ville.<\/p>\n<p class=\" wall-content\">L\u00e0 aussi, un <strong>investissement de 250 000 \u20ac<\/strong> a \u00e9t\u00e9 r\u00e9alis\u00e9 pour adapter le lieu.<\/p>\n<p class=\" wall-content\">En revanche, le dojo temporaire n\u2019ouvrira que le <strong>23 f\u00e9vrier 2026<\/strong>, pr\u00e9vient la mairie.<\/p>\n<p>Au moins 3 ans de travaux annonc\u00e9s<\/p>\n<p class=\" wall-content\">Ces lieux temporaires ont \u00e9t\u00e9 n\u00e9cessaires face aux <strong>importants travaux de r\u00e9habilitation<\/strong> du b\u00e2timent d\u2019origine. Un chantier qui, huit mois apr\u00e8s l\u2019incendie,\u00a0\u00ab\u00a0entre dans une phase de mise en \u0153uvre op\u00e9rationnelle, avec le lancement des \u00e9tudes de programmation\u00a0\u00bb, indique la Ville de Grenoble.<\/p>\n<blockquote class=\"ac-article-quote wall-content\">\n<p>Au vu de l\u2019ampleur des d\u00e9g\u00e2ts, cette reconstruction va n\u00e9cessiter d\u2019importants travaux, pour une dur\u00e9e estim\u00e9e de 3 \u00e0 4 ann\u00e9es. C&rsquo;est pourquoi la Ville a fait le choix de mettre en place des \u00e9quipements transitoires.<\/p>\n<p>    <strong>Ville de Grenoble<\/strong>\n            <\/p><\/blockquote>\n<p class=\" wall-content\">La mairie souhaite ainsi maintenir \u00ab\u00a0une continuit\u00e9 du service\u00a0\u00bb culturel et sportif dans le quartier en attendant la (longue) remise en \u00e9tat annonc\u00e9e de la biblioth\u00e8que Chantal-Mauduit.<\/p>\n<p class=\" wall-content\">Personnalisez votre actualit\u00e9 en ajoutant vos villes et m\u00e9dias en favori avec <a href=\"https:\/\/moncompte.actu.fr\" title=\"D\u00e9couvez Mon Actu\" rel=\"nofollow noopener\" data-trk=\"{&quot;cta&quot;:{&quot;action&quot;:&quot;https:\\\/\\\/moncompte.actu.fr&quot;,&quot;category&quot;:&quot;mon compte&quot;,&quot;from&quot;:&quot;article footer&quot;,&quot;name&quot;:&quot;Mon actu&quot;,&quot;type&quot;:&quot;cta&quot;}}\" target=\"_blank\">Mon Actu<\/a>.<\/p>\n","protected":false},"excerpt":{"rendered":"Par Lisa Rodrigues Publi\u00e9 le 6 d\u00e9c. 2025 \u00e0 7h46 Les images de la biblioth\u00e8que Chantal-Mauduit de Grenoble,&hellip;\n","protected":false},"author":2,"featured_media":581599,"comment_status":"","ping_status":"","sticky":false,"template":"","format":"standard","meta":{"footnotes":""},"categories":[9566],"tags":[1111,11,2430,1777,674,1011,27,2731,1310,1380,12,25,104],"class_list":{"0":"post-581598","1":"post","2":"type-post","3":"status-publish","4":"format-standard","5":"has-post-thumbnail","7":"category-grenoble","8":"tag-actu","9":"tag-actualites","10":"tag-auvergne-rhone-alpes","11":"tag-eu","12":"tag-europe","13":"tag-fr","14":"tag-france","15":"tag-grenoble","16":"tag-incendie","17":"tag-livres","18":"tag-news","19":"tag-republique-francaise","20":"tag-societe"},"share_on_mastodon":{"url":"https:\/\/pubeurope.com\/@fr\/115671419885977791","error":""},"_links":{"self":[{"href":"https:\/\/www.europesays.com\/fr\/wp-json\/wp\/v2\/posts\/581598","targetHints":{"allow":["GET"]}}],"collection":[{"href":"https:\/\/www.europesays.com\/fr\/wp-json\/wp\/v2\/posts"}],"about":[{"href":"https:\/\/www.europesays.com\/fr\/wp-json\/wp\/v2\/types\/post"}],"author":[{"embeddable":true,"href":"https:\/\/www.europesays.com\/fr\/wp-json\/wp\/v2\/users\/2"}],"replies":[{"embeddable":true,"href":"https:\/\/www.europesays.com\/fr\/wp-json\/wp\/v2\/comments?post=581598"}],"version-history":[{"count":0,"href":"https:\/\/www.europesays.com\/fr\/wp-json\/wp\/v2\/posts\/581598\/revisions"}],"wp:featuredmedia":[{"embeddable":true,"href":"https:\/\/www.europesays.com\/fr\/wp-json\/wp\/v2\/media\/581599"}],"wp:attachment":[{"href":"https:\/\/www.europesays.com\/fr\/wp-json\/wp\/v2\/media?parent=581598"}],"wp:term":[{"taxonomy":"category","embeddable":true,"href":"https:\/\/www.europesays.com\/fr\/wp-json\/wp\/v2\/categories?post=581598"},{"taxonomy":"post_tag","embeddable":true,"href":"https:\/\/www.europesays.com\/fr\/wp-json\/wp\/v2\/tags?post=581598"}],"curies":[{"name":"wp","href":"https:\/\/api.w.org\/{rel}","templated":true}]}}