{"id":581604,"date":"2025-12-06T07:24:18","date_gmt":"2025-12-06T07:24:18","guid":{"rendered":"https:\/\/www.europesays.com\/fr\/581604\/"},"modified":"2025-12-06T07:24:18","modified_gmt":"2025-12-06T07:24:18","slug":"les-photographies-de-vincent-munier-au-musee-des-beaux-arts","status":"publish","type":"post","link":"https:\/\/www.europesays.com\/fr\/581604\/","title":{"rendered":"les photographies de Vincent Munier au mus\u00e9e des Beaux-arts"},"content":{"rendered":"<p class=\"wp-block-post-excerpt__excerpt\">Les photographies animali\u00e8res de Vincent Munier sont au mus\u00e9e des Beaux-Arts de Strasbourg pour l\u2019exposition temporaire \u00ab\u00a0Lumi\u00e8res sur le vivant\u00a0\u00bb. Ces clich\u00e9s contemporains sont affich\u00e9s en lien avec des \u0153uvres des collections des mus\u00e9es de Strasbourg. <\/p>\n<p class=\"font-sans\">\n\t\t\tCet article est en acc\u00e8s libre. Pour soutenir Rue89 Strasbourg,<br \/>\n\t\t\t<a class=\"underline\" href=\"https:\/\/www.rue89strasbourg.com\/abonnement\" target=\"_blank\" rel=\"noopener\">abonnez-vous<\/a>.\n\t\t<\/p>\n<p>Sarah Despalles<\/p>\n<p>Publi\u00e9 le 6 d\u00e9cembre 2025\u00a0\u00a0\u00b7\u00a0\u00a0<\/p>\n<p>Imprim\u00e9 le 6 d\u00e9cembre 2025 \u00e0 08h24\u00a0\u00a0\u00b7\u00a0\u00a0<\/p>\n<p>\t\t\t\t\t2\u00a0minutes\n<\/p>\n<p class=\"has-drop-cap\">L\u2019exposition \u00ab\u00a0Lumi\u00e8res sur le vivant\u00a0\u00bb tisse un dialogue singulier entre peinture et photographie, naviguant dans la m\u00e9moire du paysage et de sa perception contemporaine. Le photographe vosgien <a href=\"https:\/\/fr.wikipedia.org\/wiki\/Vincent_Munier\" target=\"_blank\" rel=\"noreferrer noopener\">Vincent Munier<\/a>, connu pour son approche singuli\u00e8re et respectueuse de l\u2019animal, confronte 81 clich\u00e9s photographiques, dont une s\u00e9rie de <a href=\"https:\/\/fr.wikipedia.org\/wiki\/Cyanotype\" target=\"_blank\" rel=\"noreferrer noopener\">cyanotypes<\/a>, \u00e0 des \u0153uvres issues des collections des mus\u00e9es strasbourgeois, de la Renaissance au XXe si\u00e8cle.<\/p>\n<p>Ce face-\u00e0-face invite \u00e0 repenser la mani\u00e8re dont l\u2019art traverse les si\u00e8cles dans la qu\u00eate de repr\u00e9senter et de comprendre le vivant et la nature. Les animaux et les paysages de Vincent Munier trouvent leurs alter ego dans les toiles anciennes. Ici, le photographe ne cherche pas \u00e0 capter \u00e0 tout prix la pr\u00e9sence, mais \u00e0 attendre sa manifestation dans l\u2019attente et le calme.<\/p>\n<p><img loading=\"lazy\" decoding=\"async\" width=\"792\" height=\"642\" data-id=\"366805\" src=\"https:\/\/www.europesays.com\/fr\/wp-content\/uploads\/2025\/12\/tableau-paysages-1-792x642.jpg\" alt=\"\" class=\"wp-image-366805\"  \/> Vue d\u2019ensemble de l\u2019expositionPhoto\u00a0: Sarah Despalles<\/p>\n<p><img loading=\"lazy\" decoding=\"async\" width=\"792\" height=\"594\" data-id=\"367220\" src=\"https:\/\/www.europesays.com\/fr\/wp-content\/uploads\/2025\/12\/vue-oiseaux-792x594.jpg\" alt=\"\" class=\"wp-image-367220\"  \/> Vue d\u2019ensemble de l\u2019expositionPhoto\u00a0: Sarah Despalles<\/p>\n<p>Cette rencontre entre pass\u00e9 et pr\u00e9sent t\u00e9moigne d\u2019une continuit\u00e9 du regard \u2013 avec toujours la m\u00eame fascination \u2013 qui anime la cr\u00e9ation, celle d\u2019un monde familier mais inaccessible. La nature n\u2019est plus un simple d\u00e9cor pittoresque mais une pr\u00e9sence sensible de la relation entre l\u2019homme et l\u2019environnement.<\/p>\n<p>\t\tLumi\u00e8re, espace, couleurs\u00a0: un parcours sensoriel et r\u00e9flexif<\/p>\n<p>Pens\u00e9s par l\u2019atelier aile\u00b2, la sc\u00e9nographie et le parcours incitent le visiteur \u00e0 ralentir. Lumi\u00e8re tamis\u00e9e, accrochage sobre aux couleurs douces, sons lointains d\u2019animaux\u00a0: tout est mis en \u0153uvre pour transformer la visite en une exp\u00e9rience sensible de contemplation. Le mus\u00e9e devient une sorte de refuge o\u00f9 le temps semble se suspendre, et o\u00f9 chaque image impose sa propre temporalit\u00e9 dans un espace de m\u00e9ditation visuelle.<\/p>\n<p><img loading=\"lazy\" decoding=\"async\" width=\"2560\" height=\"1987\" src=\"https:\/\/www.europesays.com\/fr\/wp-content\/uploads\/2025\/12\/mains-et-patte-scaled.jpg\" alt=\"\" class=\"wp-image-366802\"  \/> Avec les loups d\u2019Ellesmere dans le Grand Nord canadien, 2013.Photo\u00a0: Vincent Munier<\/p>\n<p>Il ne s\u2019agit pas de d\u00e9ambuler, mais plut\u00f4t d\u2019entrer dans une relation personnelle avec chaque \u0153uvre. Chaque dispositif d\u2019exposition constitue autant d\u2019indices, tels que les traces de pattes au sol, ou les bruits d\u2019oiseaux entendus au loin, afin de suspendre le rythme effr\u00e9n\u00e9 de la ville et de ses sons, qui s\u2019imposent brutalement d\u00e8s la sortie du mus\u00e9e.<\/p>\n<p>\u00ab\u00a0Lumi\u00e8re sur le vivant\u00a0\u00bb ne se contente donc pas d\u2019exposer la nature, mais cherche \u00e0 la faire entrer au mus\u00e9e des Beaux-Arts comme un nouveau souffle et un rappel au visiteur du lien qui unit les hommes, l\u2019art et la nature.<\/p>\n<p>Y <strong>aller<\/strong><\/p>\n<p><strong>Exposition \u00ab\u00a0Lumi\u00e8re sur le vivant\u00a0\u00bb<\/strong>, du 7 novembre 2025 au 27 avril 2026 au mus\u00e9e des Beaux-Arts de Strasbourg, 2 Place du Ch\u00e2teau \u00e0 Strasbourg \u2013 centre-ville. Les lundis, mercredis, jeudis, vendredis de 10h \u00e0 13h et de 14h \u00e0 18h et les samedis et dimanches de 10h \u00e0 18h. Entr\u00e9e de 3,5\u20ac \u00e0 7,5\u20ac.<\/p>\n","protected":false},"excerpt":{"rendered":"Les photographies animali\u00e8res de Vincent Munier sont au mus\u00e9e des Beaux-Arts de Strasbourg pour l\u2019exposition temporaire \u00ab\u00a0Lumi\u00e8res sur&hellip;\n","protected":false},"author":2,"featured_media":581605,"comment_status":"","ping_status":"","sticky":false,"template":"","format":"standard","meta":{"footnotes":""},"categories":[2820],"tags":[1111,11,251,1777,674,1349,1011,27,775,3897,12,25,640],"class_list":{"0":"post-581604","1":"post","2":"type-post","3":"status-publish","4":"format-standard","5":"has-post-thumbnail","7":"category-strasbourg","8":"tag-actu","9":"tag-actualites","10":"tag-culture","11":"tag-eu","12":"tag-europe","13":"tag-expositions","14":"tag-fr","15":"tag-france","16":"tag-grand-est","17":"tag-musee-des-beaux-arts","18":"tag-news","19":"tag-republique-francaise","20":"tag-strasbourg"},"share_on_mastodon":{"url":"https:\/\/pubeurope.com\/@fr\/115671431659946434","error":""},"_links":{"self":[{"href":"https:\/\/www.europesays.com\/fr\/wp-json\/wp\/v2\/posts\/581604","targetHints":{"allow":["GET"]}}],"collection":[{"href":"https:\/\/www.europesays.com\/fr\/wp-json\/wp\/v2\/posts"}],"about":[{"href":"https:\/\/www.europesays.com\/fr\/wp-json\/wp\/v2\/types\/post"}],"author":[{"embeddable":true,"href":"https:\/\/www.europesays.com\/fr\/wp-json\/wp\/v2\/users\/2"}],"replies":[{"embeddable":true,"href":"https:\/\/www.europesays.com\/fr\/wp-json\/wp\/v2\/comments?post=581604"}],"version-history":[{"count":0,"href":"https:\/\/www.europesays.com\/fr\/wp-json\/wp\/v2\/posts\/581604\/revisions"}],"wp:featuredmedia":[{"embeddable":true,"href":"https:\/\/www.europesays.com\/fr\/wp-json\/wp\/v2\/media\/581605"}],"wp:attachment":[{"href":"https:\/\/www.europesays.com\/fr\/wp-json\/wp\/v2\/media?parent=581604"}],"wp:term":[{"taxonomy":"category","embeddable":true,"href":"https:\/\/www.europesays.com\/fr\/wp-json\/wp\/v2\/categories?post=581604"},{"taxonomy":"post_tag","embeddable":true,"href":"https:\/\/www.europesays.com\/fr\/wp-json\/wp\/v2\/tags?post=581604"}],"curies":[{"name":"wp","href":"https:\/\/api.w.org\/{rel}","templated":true}]}}