{"id":581606,"date":"2025-12-06T07:25:29","date_gmt":"2025-12-06T07:25:29","guid":{"rendered":"https:\/\/www.europesays.com\/fr\/581606\/"},"modified":"2025-12-06T07:25:29","modified_gmt":"2025-12-06T07:25:29","slug":"fleury-le-premier-morceau-dun-gros-mois-de-decembre-pour-le-racing-club-de-strasbourg","status":"publish","type":"post","link":"https:\/\/www.europesays.com\/fr\/581606\/","title":{"rendered":"Fleury, le premier morceau d\u2019un gros mois de d\u00e9cembre pour le Racing Club de Strasbourg"},"content":{"rendered":"<p>Alors que le calendrier des comp\u00e9titions amateures glisse doucement mais s\u00fbrement vers la pause hivernale, pas question de lever le pied pour les joueuses du Racing qui vont encore charbonner avec quatre matches \u00e0 leur programme avant la pause de No\u00ebl.<\/p>\n<p>La troupe de Vincent Nogueira re\u00e7oit Fleury (5e ), ce samedi \u00e0 Molsheim, puis Dijon (6e ) le mercredi\u00a010 pour l\u2019avant-dernier match de poule de la Coupe de la Ligue.<\/p>\n<p>\u00ab\u00a0On est capables de rivaliser avec n\u2019importe qui\u00a0\u00bb<\/p>\n<p>Les Racingwomen encha\u00eeneront d\u00e8s le 13\u00a0d\u00e9cembre avec la venue du Paris FC (3e ) avant de finir les matches aller le 20\u00a0d\u00e9cembre \u00e0 Nantes (4e ). Tous ces adversaires, \u00e0 ce jour, sont mieux class\u00e9s que les Strasbourgeoises.<\/p>\n<p>&amp;la&#8230;<\/p>\n","protected":false},"excerpt":{"rendered":"Alors que le calendrier des comp\u00e9titions amateures glisse doucement mais s\u00fbrement vers la pause hivernale, pas question de&hellip;\n","protected":false},"author":2,"featured_media":581607,"comment_status":"","ping_status":"","sticky":false,"template":"","format":"standard","meta":{"footnotes":""},"categories":[2820],"tags":[1111,11,2389,2649,2880,1777,674,107,1701,63,1011,27,775,12,25,517,640,2879],"class_list":{"0":"post-581606","1":"post","2":"type-post","3":"status-publish","4":"format-standard","5":"has-post-thumbnail","7":"category-strasbourg","8":"tag-actu","9":"tag-actualites","10":"tag-alsace","11":"tag-bas-rhin","12":"tag-edition-strasbourg","13":"tag-eu","14":"tag-europe","15":"tag-fil-info","16":"tag-fil-info-sport","17":"tag-football","18":"tag-fr","19":"tag-france","20":"tag-grand-est","21":"tag-news","22":"tag-republique-francaise","23":"tag-sport","24":"tag-strasbourg","25":"tag-strasbourg-ville"},"share_on_mastodon":{"url":"https:\/\/pubeurope.com\/@fr\/115671434768258063","error":""},"_links":{"self":[{"href":"https:\/\/www.europesays.com\/fr\/wp-json\/wp\/v2\/posts\/581606","targetHints":{"allow":["GET"]}}],"collection":[{"href":"https:\/\/www.europesays.com\/fr\/wp-json\/wp\/v2\/posts"}],"about":[{"href":"https:\/\/www.europesays.com\/fr\/wp-json\/wp\/v2\/types\/post"}],"author":[{"embeddable":true,"href":"https:\/\/www.europesays.com\/fr\/wp-json\/wp\/v2\/users\/2"}],"replies":[{"embeddable":true,"href":"https:\/\/www.europesays.com\/fr\/wp-json\/wp\/v2\/comments?post=581606"}],"version-history":[{"count":0,"href":"https:\/\/www.europesays.com\/fr\/wp-json\/wp\/v2\/posts\/581606\/revisions"}],"wp:featuredmedia":[{"embeddable":true,"href":"https:\/\/www.europesays.com\/fr\/wp-json\/wp\/v2\/media\/581607"}],"wp:attachment":[{"href":"https:\/\/www.europesays.com\/fr\/wp-json\/wp\/v2\/media?parent=581606"}],"wp:term":[{"taxonomy":"category","embeddable":true,"href":"https:\/\/www.europesays.com\/fr\/wp-json\/wp\/v2\/categories?post=581606"},{"taxonomy":"post_tag","embeddable":true,"href":"https:\/\/www.europesays.com\/fr\/wp-json\/wp\/v2\/tags?post=581606"}],"curies":[{"name":"wp","href":"https:\/\/api.w.org\/{rel}","templated":true}]}}