{"id":581608,"date":"2025-12-06T07:26:10","date_gmt":"2025-12-06T07:26:10","guid":{"rendered":"https:\/\/www.europesays.com\/fr\/581608\/"},"modified":"2025-12-06T07:26:10","modified_gmt":"2025-12-06T07:26:10","slug":"immobilier-a-nice-les-prix-senvolent-ces-derniers-mois-la-plus-forte-hausse-en-france","status":"publish","type":"post","link":"https:\/\/www.europesays.com\/fr\/581608\/","title":{"rendered":"Immobilier \u00e0 Nice. Les prix s&rsquo;envolent ces derniers mois, la plus forte hausse en France"},"content":{"rendered":"<p>                    Par<br \/>\n        <strong><br \/>\n            <a href=\"https:\/\/actu.fr\/auteur\/ugo-maillard\" title=\"Consulter tous les articles de Ugo Maillard\" target=\"_blank\" rel=\"noopener\">Ugo Maillard<\/a><br \/>\n                    <\/strong><\/p>\n<p>        Publi\u00e9 le<\/p>\n<p>            6 d\u00e9c. 2025 \u00e0 8h14        <\/p>\n<p>Les prix continuent de grimper. Un <strong>\u00e9tat des lieux du march\u00e9 de l\u2019immobilier<\/strong> des plus grandes villes fran\u00e7aises a \u00e9t\u00e9 publi\u00e9 par SeLoger et Meilleurs Agents, le lundi 1er\u00a0d\u00e9cembre 2025. Parmi les principales indications des sp\u00e9cialistes de l\u2019immobilier, la croissance des prix \u00e0 Nice (<a href=\"https:\/\/actu.fr\/provence-alpes-cote-d-azur\/alpes-maritimes_06\" target=\"_blank\" rel=\"noopener\">Alpes-Maritimes<\/a>). Selon les donn\u00e9es, c\u2019est dans la capitale de la C\u00f4te d\u2019Azur que l\u2019on constate la plus forte hausse sur les six derniers mois.<\/p>\n<p class=\" wall-content\">Voici les chiffres \u00e0 retenir.<\/p>\n<p>Un focus sur les prix des appartements<\/p>\n<p class=\" wall-content\">\u00ab\u2009Les grandes villes confirment les signaux positifs observ\u00e9s \u00e0 l\u2019\u00e9chelle nationale, mais leur trajectoire reste loin d\u2019\u00eatre uniforme. Si la plupart affichent des \u00e9volutions \u00e0 six mois d\u00e9sormais orient\u00e9es \u00e0 la hausse, certaines acc\u00e9l\u00e8rent nettement, comme Nice\u2009\u00bb, constatent les experts \u00e0 l\u2019origine de ce rapport.<\/p>\n<p class=\" wall-content\">\u00c0 <a href=\"https:\/\/actu.fr\/nice\/\" target=\"_blank\" rel=\"noopener\">Nice<\/a>, le prix moyen du <strong>m\u00e8tre carr\u00e9 est de 5331 euros<\/strong> pour les appartements, selon les chiffres au 1er\u00a0d\u00e9cembre 2025. Ce qui fait de Nice, la deuxi\u00e8me m\u00e9tropole fran\u00e7aise la plus ch\u00e8re derri\u00e8re Paris.<\/p>\n<p class=\" wall-content\">Un chiffre en forte hausse puisque l\u2019\u00e9volution mesur\u00e9e par SeLoger et Meilleurs Agents avec une progression de <strong>+\u00a04,6\u2009% sur six mois<\/strong>, soit la plus forte hausse des 10 plus grandes villes fran\u00e7aises.<\/p>\n<p>Comment expliquer cette hausse\u2009?<\/p>\n<p class=\" wall-content\">Comment expliquer cette hausse particuli\u00e8rement importante \u00e0 Nice\u2009? \u00ab\u2009La tendance est port\u00e9e par une structure d\u00e9mographique locale plus \u00e2g\u00e9e, qui laisse penser que le march\u00e9 ni\u00e7ois est probablement moins d\u00e9pendant \u2028du cr\u00e9dit que d\u2019autres grandes villes. Ce profil, associ\u00e9 \u00e0 un poids plus important des seconds acc\u00e9dants dans les parcours r\u00e9sidentiels typiques de la C\u00f4te d\u2019Azur, contribue \u00e0 amortir l\u2019impact des taux sur les \u00e9volutions\u2028de prix\u2009\u00bb, rel\u00e8vent les experts de l\u2019immobilier.<\/p>\n<blockquote class=\"ac-article-quote wall-content\">\n<p>Le march\u00e9 immobilier entre dans une phase de stabilisation. Les prix ne reculent plus, la demande se recompose et les fondamentaux s\u2019am\u00e9liorent graduellement. Ce nouvel \u00e9quilibre restera fragile tant que la visibilit\u00e9 sur les taux et la fiscalit\u00e9 n\u2019\u00e9voluera pas. La vraie dynamique de 2026 se jouera \u00e0 partir du printemps.\n<\/p>\n<p>    <strong>Thomas Lefebvre<\/strong><br \/>\n        VP Data, SeLoger &amp; Meilleurs Agents    <\/p><\/blockquote>\n<p>Votre r\u00e9gion, votre actu !<\/p>\n<p>Recevez chaque jour les infos qui comptent pour vous.<\/p>\n<p>\t<a href=\"https:\/\/actu.fr\/newsletter\" class=\"ac-btn ac-btn--corner ac-btn--medium ac-btn--blue800\" target=\"_blank\" rel=\"noopener\">S&rsquo;incrire<\/a><\/p>\n<p class=\" wall-content\">\u00c0 l\u2019\u00e9chelle de la France, la hausse des prix sur les six derniers mois est donc bien moins marqu\u00e9e puisqu\u2019elle est estim\u00e9e \u00e0 +\u00a00,9\u2009%.<\/p>\n<p class=\" wall-content\">Personnalisez votre actualit\u00e9 en ajoutant vos villes et m\u00e9dias en favori avec <a href=\"https:\/\/moncompte.actu.fr\" title=\"D\u00e9couvez Mon Actu\" rel=\"nofollow noopener\" data-trk=\"{&quot;cta&quot;:{&quot;action&quot;:&quot;https:\\\/\\\/moncompte.actu.fr&quot;,&quot;category&quot;:&quot;mon compte&quot;,&quot;from&quot;:&quot;article footer&quot;,&quot;name&quot;:&quot;Mon actu&quot;,&quot;type&quot;:&quot;cta&quot;}}\" target=\"_blank\">Mon Actu<\/a>.<\/p>\n","protected":false},"excerpt":{"rendered":"Par Ugo Maillard Publi\u00e9 le 6 d\u00e9c. 2025 \u00e0 8h14 Les prix continuent de grimper. Un \u00e9tat des&hellip;\n","protected":false},"author":2,"featured_media":581609,"comment_status":"","ping_status":"","sticky":false,"template":"","format":"standard","meta":{"footnotes":""},"categories":[2819],"tags":[1111,11,33,1777,674,1011,27,1116,12,2401,882,25],"class_list":{"0":"post-581608","1":"post","2":"type-post","3":"status-publish","4":"format-standard","5":"has-post-thumbnail","7":"category-nice","8":"tag-actu","9":"tag-actualites","10":"tag-economie","11":"tag-eu","12":"tag-europe","13":"tag-fr","14":"tag-france","15":"tag-immobilier","16":"tag-news","17":"tag-nice","18":"tag-provence-alpes-cote-dazur","19":"tag-republique-francaise"},"share_on_mastodon":{"url":"https:\/\/pubeurope.com\/@fr\/115671438696727722","error":""},"_links":{"self":[{"href":"https:\/\/www.europesays.com\/fr\/wp-json\/wp\/v2\/posts\/581608","targetHints":{"allow":["GET"]}}],"collection":[{"href":"https:\/\/www.europesays.com\/fr\/wp-json\/wp\/v2\/posts"}],"about":[{"href":"https:\/\/www.europesays.com\/fr\/wp-json\/wp\/v2\/types\/post"}],"author":[{"embeddable":true,"href":"https:\/\/www.europesays.com\/fr\/wp-json\/wp\/v2\/users\/2"}],"replies":[{"embeddable":true,"href":"https:\/\/www.europesays.com\/fr\/wp-json\/wp\/v2\/comments?post=581608"}],"version-history":[{"count":0,"href":"https:\/\/www.europesays.com\/fr\/wp-json\/wp\/v2\/posts\/581608\/revisions"}],"wp:featuredmedia":[{"embeddable":true,"href":"https:\/\/www.europesays.com\/fr\/wp-json\/wp\/v2\/media\/581609"}],"wp:attachment":[{"href":"https:\/\/www.europesays.com\/fr\/wp-json\/wp\/v2\/media?parent=581608"}],"wp:term":[{"taxonomy":"category","embeddable":true,"href":"https:\/\/www.europesays.com\/fr\/wp-json\/wp\/v2\/categories?post=581608"},{"taxonomy":"post_tag","embeddable":true,"href":"https:\/\/www.europesays.com\/fr\/wp-json\/wp\/v2\/tags?post=581608"}],"curies":[{"name":"wp","href":"https:\/\/api.w.org\/{rel}","templated":true}]}}