{"id":581610,"date":"2025-12-06T07:27:19","date_gmt":"2025-12-06T07:27:19","guid":{"rendered":"https:\/\/www.europesays.com\/fr\/581610\/"},"modified":"2025-12-06T07:27:19","modified_gmt":"2025-12-06T07:27:19","slug":"les-rapaces-de-gap-retombent-dans-leurs-travers-a-nice-6-3","status":"publish","type":"post","link":"https:\/\/www.europesays.com\/fr\/581610\/","title":{"rendered":"Les Rapaces de Gap retombent dans leurs travers \u00e0 Nice (6-3)"},"content":{"rendered":"<p>\t\t\t\t\t\t\t\t\t\t\t<img decoding=\"async\" src=\"https:\/\/www.europesays.com\/fr\/wp-content\/uploads\/2025\/12\/1280x720_les-rapaces-de-gap-retombent-dans-leurs-travers-a-nice-6-3_6933d12c50cb6.jpg\" alt=\"Les Rapaces de Gap retombent dans leurs travers \u00e0 Nice (6-3)\" title=\"Les Rapaces de Gap retombent dans leurs travers \u00e0 Nice (6-3)\" width=\"1280\" height=\"720\" class=\"img-fluid  mb-3\" loading=\"lazy\"\/>\t\t\t\t\t\t\t\t\t\t\t\t<\/p>\n<p>Les Rapaces de Gap retombent dans leurs travers \u00e0 Nice (6-3) &#8211; DR<\/p>\n<p itemprop=\"description\"><strong>Apr\u00e8s avoir renou\u00e9 avec la victoire face au leader Rouen, les Rapaces de Gap esp\u00e9raient avoir relanc\u00e9 leur saison.<\/strong><\/p>\n<p>Mais ce vendredi soir, les Haut-Alpins ont \u00e9t\u00e9 domin\u00e9s \u00e0 Nice (6-3).<\/p>\n<p>Le premier tiers \u00e9tait tr\u00e8s rythm\u00e9 (3-2) et les Gapen\u00e7ais ont montr\u00e9 une belle envie de recoller au score. Le deuxi\u00e8me tiers a \u00e9t\u00e9 beaucoup plus difficile (5-2). Une avance ni\u00e7oise trop importante \u00e0 rattraper, et le troisi\u00e8me tiers \u00e9tait ma\u00eetris\u00e9 par les Aigles \u00e0 Jean-Bouin (6-3).<\/p>\n<p>Avec cette lourde d\u00e9faite, Gap repose les pieds sur terre. La saison est encore longue et il faudra retrouver ses esprits d\u00e8s ce dimanche avec la r\u00e9ception des Jokers de Cergy-Pontoise \u00e0 l&rsquo;Alp&rsquo;Arena.<\/p>\n","protected":false},"excerpt":{"rendered":"Les Rapaces de Gap retombent dans leurs travers \u00e0 Nice (6-3) &#8211; DR Apr\u00e8s avoir renou\u00e9 avec la&hellip;\n","protected":false},"author":2,"featured_media":581611,"comment_status":"","ping_status":"","sticky":false,"template":"","format":"standard","meta":{"footnotes":""},"categories":[2819],"tags":[1111,68669,11,7733,68664,68663,8279,650,7734,68673,1777,674,68676,1011,27,68675,1085,8280,68672,68670,1114,4662,68678,68671,12,2401,882,1825,68667,68674,68666,68665,68668,25,68677,7053],"class_list":{"0":"post-581610","1":"post","2":"type-post","3":"status-publish","4":"format-standard","5":"has-post-thumbnail","7":"category-nice","8":"tag-actu","9":"tag-actualite-hautes-alpes","10":"tag-actualites","11":"tag-alpes","12":"tag-alpes-1-gap","13":"tag-alpes-1-hautes-alpes","14":"tag-alpes1","15":"tag-cinema","16":"tag-ecoute","17":"tag-ecouter-alpes-1","18":"tag-eu","19":"tag-europe","20":"tag-evenements-hautes-alpes","21":"tag-fr","22":"tag-france","23":"tag-frequence-alpes-1","24":"tag-gap","25":"tag-haute","26":"tag-hits-hautes-alpes","27":"tag-info-hautes-alpes","28":"tag-infos","29":"tag-journal","30":"tag-meteo-hautes-alpes","31":"tag-musique-hautes-alpes","32":"tag-news","33":"tag-nice","34":"tag-provence-alpes-cote-dazur","35":"tag-radio","36":"tag-radio-briancon","37":"tag-radio-en-ligne-hautes-alpes","38":"tag-radio-gap","39":"tag-radio-hautes-alpes","40":"tag-radio-locale-hautes-alpes","41":"tag-republique-francaise","42":"tag-sorties-hautes-alpes","43":"tag-sud"},"share_on_mastodon":{"url":"","error":"Validation failed: Text character limit of 500 exceeded"},"_links":{"self":[{"href":"https:\/\/www.europesays.com\/fr\/wp-json\/wp\/v2\/posts\/581610","targetHints":{"allow":["GET"]}}],"collection":[{"href":"https:\/\/www.europesays.com\/fr\/wp-json\/wp\/v2\/posts"}],"about":[{"href":"https:\/\/www.europesays.com\/fr\/wp-json\/wp\/v2\/types\/post"}],"author":[{"embeddable":true,"href":"https:\/\/www.europesays.com\/fr\/wp-json\/wp\/v2\/users\/2"}],"replies":[{"embeddable":true,"href":"https:\/\/www.europesays.com\/fr\/wp-json\/wp\/v2\/comments?post=581610"}],"version-history":[{"count":0,"href":"https:\/\/www.europesays.com\/fr\/wp-json\/wp\/v2\/posts\/581610\/revisions"}],"wp:featuredmedia":[{"embeddable":true,"href":"https:\/\/www.europesays.com\/fr\/wp-json\/wp\/v2\/media\/581611"}],"wp:attachment":[{"href":"https:\/\/www.europesays.com\/fr\/wp-json\/wp\/v2\/media?parent=581610"}],"wp:term":[{"taxonomy":"category","embeddable":true,"href":"https:\/\/www.europesays.com\/fr\/wp-json\/wp\/v2\/categories?post=581610"},{"taxonomy":"post_tag","embeddable":true,"href":"https:\/\/www.europesays.com\/fr\/wp-json\/wp\/v2\/tags?post=581610"}],"curies":[{"name":"wp","href":"https:\/\/api.w.org\/{rel}","templated":true}]}}