{"id":581612,"date":"2025-12-06T07:28:43","date_gmt":"2025-12-06T07:28:43","guid":{"rendered":"https:\/\/www.europesays.com\/fr\/581612\/"},"modified":"2025-12-06T07:28:43","modified_gmt":"2025-12-06T07:28:43","slug":"a-vannes-les-bains-depsom-proposent-un-voyage-sensoriel-en-flottaison","status":"publish","type":"post","link":"https:\/\/www.europesays.com\/fr\/581612\/","title":{"rendered":"\u00c0 Vannes, les Bains d\u2019Epsom proposent un voyage sensoriel en flottaison"},"content":{"rendered":"<p>Ce que promet cette nouvelle enseigne vannetaise\u00a0: le bien-\u00eatre par la flottaison. Ce spa de flottaison a ouvert en septembre. Ses cr\u00e9ateurs\u00a0: un couple, H\u00e9l\u00e8ne Le Ny et J\u00e9r\u00e9my Leloup aux profils compl\u00e9mentaires\u00a0: BTS commerce, suivi d\u2019une licence pour H\u00e9l\u00e8ne et des \u00e9tudes de commerces et management pour J\u00e9r\u00e9my Leloup.<\/p>\n<p>Un lieu de d\u00e9tente<\/p>\n<p>Le couple, qui a un enfant, a d\u00e9cid\u00e9 de se lancer sur une activit\u00e9 ensemble. Le couple a ouvert un premier spa \u00e0 Nantes en septembre 2020. Les Bains de Vannes disposent de quatre bassins privatifs\u00a0: on peut venir seul ou \u00e0 deux. La seule chose \u00e0 apporter\u00a0: un maillot de bain. Le reste est fourni (shampoing, cr\u00e8me corps, serviette\u2026). L\u2019eau est satur\u00e9e en sel d\u2019Epsom et \u00e0 temp\u00e9rature corporelle\u00a0: le corps flotte. Une ambiance musicale douce est diffus\u00e9e pendant la s\u00e9ance sous un ciel d\u2019\u00e9toiles. L\u2019entr\u00e9e, aux murs d\u2019un bleu profond, propose une tisanerie.<\/p>\n<p><b>Pratique<\/b><\/p>\n<p class=\"note\">37 boulevard de la Paix (immeuble Renaissance). Ouvert du lundi au samedi, de 9\u00a0h\u00a030 \u00e0 20\u00a0h. Sur rendez-vous au t\u00e9l. 02\u00a020\u00a003\u00a012\u00a087\u00a0; site\u00a0: <a href=\"http:\/\/www.bainsdepsom.fr\" target=\"_blank\" rel=\"noopener\">www.bainsdepsom.fr<\/a><\/p>\n<p class=\"note\">Facebook et instagram\u00a0:@bainsdepsom<\/p>\n","protected":false},"excerpt":{"rendered":"Ce que promet cette nouvelle enseigne vannetaise\u00a0: le bien-\u00eatre par la flottaison. Ce spa de flottaison a ouvert&hellip;\n","protected":false},"author":2,"featured_media":581613,"comment_status":"","ping_status":"","sticky":false,"template":"","format":"standard","meta":{"footnotes":""},"categories":[2818],"tags":[1111,11,62614,1777,674,1011,27,766,12,2636,25,3165],"class_list":{"0":"post-581612","1":"post","2":"type-post","3":"status-publish","4":"format-standard","5":"has-post-thumbnail","7":"category-nantes","8":"tag-actu","9":"tag-actualites","10":"tag-commerces-pays-de-vannes","11":"tag-eu","12":"tag-europe","13":"tag-fr","14":"tag-france","15":"tag-nantes","16":"tag-news","17":"tag-pays-de-la-loire","18":"tag-republique-francaise","19":"tag-vannes"},"share_on_mastodon":{"url":"https:\/\/pubeurope.com\/@fr\/115671446530532945","error":""},"_links":{"self":[{"href":"https:\/\/www.europesays.com\/fr\/wp-json\/wp\/v2\/posts\/581612","targetHints":{"allow":["GET"]}}],"collection":[{"href":"https:\/\/www.europesays.com\/fr\/wp-json\/wp\/v2\/posts"}],"about":[{"href":"https:\/\/www.europesays.com\/fr\/wp-json\/wp\/v2\/types\/post"}],"author":[{"embeddable":true,"href":"https:\/\/www.europesays.com\/fr\/wp-json\/wp\/v2\/users\/2"}],"replies":[{"embeddable":true,"href":"https:\/\/www.europesays.com\/fr\/wp-json\/wp\/v2\/comments?post=581612"}],"version-history":[{"count":0,"href":"https:\/\/www.europesays.com\/fr\/wp-json\/wp\/v2\/posts\/581612\/revisions"}],"wp:featuredmedia":[{"embeddable":true,"href":"https:\/\/www.europesays.com\/fr\/wp-json\/wp\/v2\/media\/581613"}],"wp:attachment":[{"href":"https:\/\/www.europesays.com\/fr\/wp-json\/wp\/v2\/media?parent=581612"}],"wp:term":[{"taxonomy":"category","embeddable":true,"href":"https:\/\/www.europesays.com\/fr\/wp-json\/wp\/v2\/categories?post=581612"},{"taxonomy":"post_tag","embeddable":true,"href":"https:\/\/www.europesays.com\/fr\/wp-json\/wp\/v2\/tags?post=581612"}],"curies":[{"name":"wp","href":"https:\/\/api.w.org\/{rel}","templated":true}]}}