{"id":581630,"date":"2025-12-06T07:41:10","date_gmt":"2025-12-06T07:41:10","guid":{"rendered":"https:\/\/www.europesays.com\/fr\/581630\/"},"modified":"2025-12-06T07:41:10","modified_gmt":"2025-12-06T07:41:10","slug":"ce-chercheur-lyonnais-recompense-son-medicament-revolutionnaire-peut-guerir-des-cancers","status":"publish","type":"post","link":"https:\/\/www.europesays.com\/fr\/581630\/","title":{"rendered":"Ce chercheur lyonnais r\u00e9compens\u00e9, son m\u00e9dicament r\u00e9volutionnaire peut gu\u00e9rir des cancers"},"content":{"rendered":"<p>                    Par<br \/>\n        <strong><br \/>\n            <a href=\"https:\/\/actu.fr\/auteur\/anthony-soudani\" title=\"Consulter tous les articles de Anthony Soudani\" target=\"_blank\" rel=\"noopener\">Anthony Soudani<\/a><br \/>\n                    <\/strong><\/p>\n<p>        Publi\u00e9 le<\/p>\n<p>            6 d\u00e9c. 2025 \u00e0 6h42        <\/p>\n<p><strong>Patrick Mehlen<\/strong>, chercheur de renom et directeur du Centre de Recherche en Canc\u00e9rologie de <a href=\"https:\/\/actu.fr\/lyon\/\" target=\"_blank\" rel=\"noopener\">Lyon<\/a> (CRCL), recevra le Grand Prix 2025 de la Fondation pour la Recherche M\u00e9dicale lundi 8 d\u00e9cembre.\u00a0Cette distinction prestigieuse, d\u2019une valeur de <strong>120 000 \u20ac<\/strong>, salue le travail \u00ab\u00a0exceptionnel\u00a0\u00bb du chercheur lyonnais sur le traitement du cancer. Ses recherches, \u00e0 la pointe de l\u2019innovation scientifique, ont d\u00e9j\u00e0 un impact majeur dans la lutte contre le cancer avec un m\u00e9dicament qui pourrait s\u2019av\u00e9rer r\u00e9volutionnaire. actu Lyon a interrog\u00e9 le chercheur.<\/p>\n<p>Quel est ce m\u00e9dicament test\u00e9 contre le cancer ?<\/p>\n<p class=\" wall-content\">Le directeur de recherche au Centre national de recherche scientifique au Centre L\u00e9on-B\u00e9rard se montre humble lorsqu\u2019on lui demande ce que repr\u00e9sente ce prix. \u00ab\u00a0C\u2019est une r\u00e9compense pour les vieux\u00a0\u00bb, rigole-t-il aupr\u00e8s d\u2019actu Lyon. \u00ab\u00a0C\u2019est pour l\u2019accomplissement de mes recherches.\u00a0\u00bb Une vingtaine d\u2019ann\u00e9es de recherches en tout pour ce biologiste cellulaire.\u00a0<\/p>\n<p class=\" wall-content\">Et l\u2019\u0153uvre de sa vie pourrait s\u2019av\u00e9rer d\u00e9cisive pour soigner le cancer. \u00ab\u00a0Nous avons identifi\u00e9 une prot\u00e9ine qui appara\u00eet dans les cellules canc\u00e9reuses. Pour faire simple, nous avons \u00e9labor\u00e9 un candidat-m\u00e9dicament qui permet d\u2019\u00e9liminer cette prot\u00e9ine.\u00a0\u00bb<\/p>\n<p class=\" wall-content\">Ce m\u00e9dicament, s\u2019il fonctionne, pourrait permettre d\u2019\u00e9viter les rechutes apr\u00e8s des chimioth\u00e9rapies pour des cancers du foie, ORL ou du pancr\u00e9as. Les premiers r\u00e9sultats des essais cliniques sont d\u2019ailleurs tr\u00e8s encourageants \u00e0 en croire Patrick Mehlen.<\/p>\n<p>\u00ab\u00a0Les premiers r\u00e9sultats sont prometteurs\u00a0\u00bb<\/p>\n<p class=\" wall-content\">\u00ab\u00a0Pour le cancer du pancr\u00e9as, qui est particuli\u00e8rement mortel lorsqu\u2019on ne peut pas l\u2019op\u00e9rer et le traiter seulement par chimioth\u00e9rapie, les premiers r\u00e9sultats sont prometteurs.\u00a0\u00bb Le candidat-m\u00e9dicament serait en capacit\u00e9 d\u2019\u00e9viter les rechutes apr\u00e8s une chimioth\u00e9rapie, et ainsi, rallonger nettement l\u2019esp\u00e9rance de vie des patients. Cela pourrait aussi \u00eatre le cas pour les cancers ORL.\u00a0<\/p>\n<p class=\" wall-content\">\u00ab\u00a0Concernant les cancers du foie, nous attendons les r\u00e9sultats en f\u00e9vrier 2026. Ensuite, nous esp\u00e9rons avoir une publication dans l\u2019ann\u00e9e.\u00a0\u00bb Puis, d\u2019ici trois \u00e0 cinq ans, <strong>le m\u00e9dicament pourrait \u00eatre produit et s\u2019\u00e9tendre \u00e0 tous les patients.<\/strong><\/p>\n<p>Votre r\u00e9gion, votre actu !<\/p>\n<p>Recevez chaque jour les infos qui comptent pour vous.<\/p>\n<p>\t<a href=\"https:\/\/actu.fr\/newsletter\" class=\"ac-btn ac-btn--corner ac-btn--medium ac-btn--blue800\" target=\"_blank\" rel=\"noopener\">S&rsquo;incrire<\/a><\/p>\n<p class=\" wall-content\">Le chercheur lyonnais Patrick Mehlen pourrait donc r\u00e9volutionner la lutte contre le cancer en France et soigner des milliers de personnes.<\/p>\n<p class=\" wall-content\">Personnalisez votre actualit\u00e9 en ajoutant vos villes et m\u00e9dias en favori avec <a href=\"https:\/\/moncompte.actu.fr\" title=\"D\u00e9couvez Mon Actu\" rel=\"nofollow noopener\" data-trk=\"{&quot;cta&quot;:{&quot;action&quot;:&quot;https:\\\/\\\/moncompte.actu.fr&quot;,&quot;category&quot;:&quot;mon compte&quot;,&quot;from&quot;:&quot;article footer&quot;,&quot;name&quot;:&quot;Mon actu&quot;,&quot;type&quot;:&quot;cta&quot;}}\" target=\"_blank\">Mon Actu<\/a>.<\/p>\n","protected":false},"excerpt":{"rendered":"Par Anthony Soudani Publi\u00e9 le 6 d\u00e9c. 2025 \u00e0 6h42 Patrick Mehlen, chercheur de renom et directeur du&hellip;\n","protected":false},"author":2,"featured_media":581631,"comment_status":"","ping_status":"","sticky":false,"template":"","format":"standard","meta":{"footnotes":""},"categories":[1889],"tags":[1111,11,2430,101,1777,674,1011,27,23742,2428,12,25,71,104],"class_list":{"0":"post-581630","1":"post","2":"type-post","3":"status-publish","4":"format-standard","5":"has-post-thumbnail","7":"category-lyon","8":"tag-actu","9":"tag-actualites","10":"tag-auvergne-rhone-alpes","11":"tag-cancer","12":"tag-eu","13":"tag-europe","14":"tag-fr","15":"tag-france","16":"tag-hospices-civils-de-lyon-hcl","17":"tag-lyon","18":"tag-news","19":"tag-republique-francaise","20":"tag-sante","21":"tag-societe"},"share_on_mastodon":{"url":"https:\/\/pubeurope.com\/@fr\/115671497762930229","error":""},"_links":{"self":[{"href":"https:\/\/www.europesays.com\/fr\/wp-json\/wp\/v2\/posts\/581630","targetHints":{"allow":["GET"]}}],"collection":[{"href":"https:\/\/www.europesays.com\/fr\/wp-json\/wp\/v2\/posts"}],"about":[{"href":"https:\/\/www.europesays.com\/fr\/wp-json\/wp\/v2\/types\/post"}],"author":[{"embeddable":true,"href":"https:\/\/www.europesays.com\/fr\/wp-json\/wp\/v2\/users\/2"}],"replies":[{"embeddable":true,"href":"https:\/\/www.europesays.com\/fr\/wp-json\/wp\/v2\/comments?post=581630"}],"version-history":[{"count":0,"href":"https:\/\/www.europesays.com\/fr\/wp-json\/wp\/v2\/posts\/581630\/revisions"}],"wp:featuredmedia":[{"embeddable":true,"href":"https:\/\/www.europesays.com\/fr\/wp-json\/wp\/v2\/media\/581631"}],"wp:attachment":[{"href":"https:\/\/www.europesays.com\/fr\/wp-json\/wp\/v2\/media?parent=581630"}],"wp:term":[{"taxonomy":"category","embeddable":true,"href":"https:\/\/www.europesays.com\/fr\/wp-json\/wp\/v2\/categories?post=581630"},{"taxonomy":"post_tag","embeddable":true,"href":"https:\/\/www.europesays.com\/fr\/wp-json\/wp\/v2\/tags?post=581630"}],"curies":[{"name":"wp","href":"https:\/\/api.w.org\/{rel}","templated":true}]}}