{"id":581634,"date":"2025-12-06T07:44:14","date_gmt":"2025-12-06T07:44:14","guid":{"rendered":"https:\/\/www.europesays.com\/fr\/581634\/"},"modified":"2025-12-06T07:44:14","modified_gmt":"2025-12-06T07:44:14","slug":"sinaugure-a-creteil-avec-animations-gratuites","status":"publish","type":"post","link":"https:\/\/www.europesays.com\/fr\/581634\/","title":{"rendered":"s\u2019inaugure \u00e0 Cr\u00e9teil avec animations gratuites"},"content":{"rendered":"<p>ParisSelectBook &#8211; Premier t\u00e9l\u00e9ph\u00e9rique d\u2019\u00cele-de-France: s\u2019inaugure \u00e0 Cr\u00e9teil avec animations gratuites &#8211; Cr\u00e9dit photo \u00a9 Paris Select Book<\/p>\n<p>Le t\u00e9l\u00e9ph\u00e9rique urbain <strong>C\u00e2ble C1<\/strong> s\u2019appr\u00eate \u00e0 faire bouger le sud-est francilien. Port\u00e9 par <strong>\u00cele-de-France Mobilit\u00e9s<\/strong>, ce nouveau lien par c\u00e2ble ouvre avec une journ\u00e9e d\u2019inauguration et des <strong><a href=\"https:\/\/www.parisselectbook.com\/2025\/12\/05\/seine-et-marne-chateaux-et-musees-ouvrent-gratuitement-ce-dimanche-7-decembre-2025-1er-dimanche-du-mois\/\" target=\"_blank\" rel=\"noopener\">animations gratuites<\/a><\/strong>. Ainsi, les habitants pourront tester le service dans une ambiance conviviale.<\/p>\n<p>Ce qui change pour vos trajets<\/p>\n<p>Avec <strong>C\u00e2ble C1<\/strong>, les trajets du quotidien gagnent en fluidit\u00e9. La ligne relie des communes du <strong>Val-de-Marne<\/strong> comme <strong>Cr\u00e9teil<\/strong>, Limeil-Br\u00e9vannes, Valenton et <strong>Villeneuve-Saint-Georges<\/strong>. Ainsi, vous passez au-dessus des coupures urbaines en <a href=\"https:\/\/www.parisselectbook.com\/2025\/12\/05\/tag-heuer-carrera-x-fragment-simpose-comme-le-chronographe-le-plus-desirable-de-fin-2025\/\" target=\"_blank\" rel=\"noopener\">quelques minutes<\/a>. Le t\u00e9l\u00e9ph\u00e9rique compl\u00e8te m\u00e9tro, bus et RER pour des liaisons plus directes.<\/p>\n<p>Vous acc\u00e9dez au service avec un <strong>titre de transport valide<\/strong>. De plus, la mont\u00e9e se fait au niveau des quais, sans marche. Les cabines vitr\u00e9es offrent une <a href=\"https:\/\/www.parisselectbook.com\/2025\/12\/05\/feux-dartifice-a-paris-et-en-ile-de-france-en-decembre-2025-les-meilleurs-lieux-pour-noel-et-le-nouvel-an\/\" target=\"_blank\" rel=\"noopener\">vue claire<\/a> sur le territoire, m\u00eame par temps gris. Ce t\u00e9l\u00e9ph\u00e9rique facilite les correspondances du matin au soir et limite les d\u00e9tours.<\/p>\n<p>Inauguration et animations gratuites<\/p>\n<p>Le jour d\u2019ouverture mettra <a href=\"https:\/\/www.parisselectbook.com\/2025\/12\/04\/reveillon-du-jour-de-lan-a-paris-pertinence-la-belle-adresse-pour-un-diner-gastronomique-et-intimiste-pres-de-la-tour-eiffel-et-des-quais\/\" target=\"_blank\" rel=\"noopener\">la f\u00eate<\/a> \u00e0 l\u2019honneur. Des stands, m\u00e9diations et parcours ludiques jalonneront plusieurs stations. Aussi, des agents orienteront les premiers voyageurs et les familles. Le t\u00e9l\u00e9ph\u00e9rique devient une exp\u00e9rience \u00e0 partager, entre curiosit\u00e9 et utilit\u00e9.<\/p>\n<blockquote>\n<p>\u00ab Une mobilit\u00e9 a\u00e9rienne, simple et accessible, pour des trajets du quotidien. \u00bb<\/p>\n<\/blockquote>\n<p>Vous pourrez poser vos questions sur le fonctionnement et la s\u00e9curit\u00e9. Des ateliers p\u00e9dagogiques expliqueront la ligne et ses usages locaux. Par cons\u00e9quent, chacun repartira avec des rep\u00e8res clairs pour ses futurs trajets. L\u2019acc\u00e8s aux <strong>animations gratuites<\/strong> restera simple et convivial tout au long de la journ\u00e9e.<\/p>\n<p>Infos pratiques pour monter \u00e0 bord<\/p>\n<p>La circulation suivra des <strong>horaires \u00e9largis<\/strong> comparables au reste du r\u00e9seau. Ainsi, vous profitez de correspondances utiles aux heures de pointe. Le personnel sur place guidera les flux aux abords des stations. Ce t\u00e9l\u00e9ph\u00e9rique s\u2019int\u00e8gre comme un maillon du quotidien dans vos habitudes.<\/p>\n<ul>\n<li>Acc\u00e8s avec un <strong>titre de transport valide<\/strong><\/li>\n<li><strong>Animations gratuites<\/strong> le jour d\u2019inauguration<\/li>\n<li>Itin\u00e9raire et stations affich\u00e9s sur place<\/li>\n<li>Priorit\u00e9 et <strong>acc\u00e8s PMR<\/strong> organis\u00e9s<\/li>\n<li>Respectez les consignes de s\u00e9curit\u00e9 et la signalisation<\/li>\n<\/ul>\n<p>Pensez \u00e0 pr\u00e9parer votre itin\u00e9raire en amont. Ainsi, vous gagnez du temps d\u00e8s l\u2019arriv\u00e9e en station. Les panneaux d\u2019orientation signalent les correspondances et les sorties. D\u2019ailleurs, des h\u00f4tes r\u00e9pondront aux besoins sp\u00e9cifiques et orienteront les familles.<\/p>\n<p>En cas de vent fort, l\u2019exploitant peut adapter la fr\u00e9quence. Cependant, une information voyageur vous pr\u00e9vient en amont pour ajuster votre parcours. Les cabines restent confortables et lumineuses, \u00e9t\u00e9 comme hiver. Le t\u00e9l\u00e9ph\u00e9rique garde une desserte stable quand la route se charge.<\/p>\n<p>Pourquoi un transport par c\u00e2ble ici ?<\/p>\n<p>Le sud-est francilien conna\u00eet des coupures routi\u00e8res et ferroviaires. Ainsi, un mode a\u00e9rien passe au-dessus des obstacles sans rallonger les trajets. Le t\u00e9l\u00e9ph\u00e9rique r\u00e9duit les temps de parcours sans gros travaux au sol. Ce choix soutient la fiabilit\u00e9 des liaisons de proximit\u00e9 entre quartiers.<\/p>\n<p>L\u2019\u00e9nergie \u00e9lectrique limite le bruit et les \u00e9missions locales. Par ailleurs, l\u2019emprise au sol reste contenue le long du trac\u00e9. Les habitants gagnent en mobilit\u00e9 sans perdre d\u2019espaces publics utiles. Le t\u00e9l\u00e9ph\u00e9rique s\u2019accorde avec la strat\u00e9gie de <strong>\u00cele-de-France Mobilit\u00e9s<\/strong> en mati\u00e8re de transport durable.<\/p>\n<p>Ce qu\u2019il faut retenir pour votre premi\u00e8re travers\u00e9e<\/p>\n<p><strong>C\u00e2ble C1<\/strong> relie des quartiers aujourd\u2019hui difficiles \u00e0 joindre. De plus, vous montez avec un simple <strong>titre de transport valide<\/strong>. L\u2019\u00e9v\u00e9nement d\u2019ouverture donne un avant-go\u00fbt des usages quotidiens. Le t\u00e9l\u00e9ph\u00e9rique deviendra vite un r\u00e9flexe local pour les trajets courts.<\/p>\n<p>Privil\u00e9giez des horaires creux pour une premi\u00e8re prise en main. Ainsi, vous testez les correspondances sans pression et sans file. Les \u00e9quipes sont pr\u00e9sentes pour vous rassurer et guider \u00e0 chaque \u00e9tape. Ce t\u00e9l\u00e9ph\u00e9rique vise la simplicit\u00e9, du quai \u00e0 la cabine, sans d\u00e9tour.<\/p>\n<p>Restez attentif aux annonces pendant la p\u00e9riode de lancement. Ensuite, adaptez vos trajets selon les temps affich\u00e9s en station. Les voyageurs r\u00e9guliers partageront vite leurs astuces de parcours. Le t\u00e9l\u00e9ph\u00e9rique s\u2019inscrit d\u00e9sormais dans vos options de mobilit\u00e9 quotidienne.<\/p>\n","protected":false},"excerpt":{"rendered":"ParisSelectBook &#8211; Premier t\u00e9l\u00e9ph\u00e9rique d\u2019\u00cele-de-France: s\u2019inaugure \u00e0 Cr\u00e9teil avec animations gratuites &#8211; Cr\u00e9dit photo \u00a9 Paris Select Book&hellip;\n","protected":false},"author":2,"featured_media":581635,"comment_status":"","ping_status":"","sticky":false,"template":"","format":"standard","meta":{"footnotes":""},"categories":[1592],"tags":[1111,11,1777,674,1011,27,662,12,626,25,20940],"class_list":{"0":"post-581634","1":"post","2":"type-post","3":"status-publish","4":"format-standard","5":"has-post-thumbnail","7":"category-ile-de-france","8":"tag-actu","9":"tag-actualites","10":"tag-eu","11":"tag-europe","12":"tag-fr","13":"tag-france","14":"tag-ile-de-france","15":"tag-news","16":"tag-paris","17":"tag-republique-francaise","18":"tag-telepherique"},"share_on_mastodon":{"url":"https:\/\/pubeurope.com\/@fr\/115671509680938718","error":""},"_links":{"self":[{"href":"https:\/\/www.europesays.com\/fr\/wp-json\/wp\/v2\/posts\/581634","targetHints":{"allow":["GET"]}}],"collection":[{"href":"https:\/\/www.europesays.com\/fr\/wp-json\/wp\/v2\/posts"}],"about":[{"href":"https:\/\/www.europesays.com\/fr\/wp-json\/wp\/v2\/types\/post"}],"author":[{"embeddable":true,"href":"https:\/\/www.europesays.com\/fr\/wp-json\/wp\/v2\/users\/2"}],"replies":[{"embeddable":true,"href":"https:\/\/www.europesays.com\/fr\/wp-json\/wp\/v2\/comments?post=581634"}],"version-history":[{"count":0,"href":"https:\/\/www.europesays.com\/fr\/wp-json\/wp\/v2\/posts\/581634\/revisions"}],"wp:featuredmedia":[{"embeddable":true,"href":"https:\/\/www.europesays.com\/fr\/wp-json\/wp\/v2\/media\/581635"}],"wp:attachment":[{"href":"https:\/\/www.europesays.com\/fr\/wp-json\/wp\/v2\/media?parent=581634"}],"wp:term":[{"taxonomy":"category","embeddable":true,"href":"https:\/\/www.europesays.com\/fr\/wp-json\/wp\/v2\/categories?post=581634"},{"taxonomy":"post_tag","embeddable":true,"href":"https:\/\/www.europesays.com\/fr\/wp-json\/wp\/v2\/tags?post=581634"}],"curies":[{"name":"wp","href":"https:\/\/api.w.org\/{rel}","templated":true}]}}