{"id":58164,"date":"2025-04-28T02:02:08","date_gmt":"2025-04-28T02:02:08","guid":{"rendered":"https:\/\/www.europesays.com\/fr\/58164\/"},"modified":"2025-04-28T02:02:08","modified_gmt":"2025-04-28T02:02:08","slug":"les-etats-unis-revendiquent-800-frappes-au-yemen-tuant-des-centaines-de-houthis-depuis-mars","status":"publish","type":"post","link":"https:\/\/www.europesays.com\/fr\/58164\/","title":{"rendered":"Les \u00c9tats-Unis revendiquent 800 frappes au Y\u00e9men, tuant des centaines de Houthis depuis mars"},"content":{"rendered":"<p>\u00abCes frappes ont tu\u00e9 des centaines de combattants houthis et de nombreux leaders houthis\u00bb, indique un communiqu\u00e9 du centre am\u00e9ricain de commandement pour le Moyen-Orient.<\/p>\n<p class=\"fig-paragraph\">Les \u00c9tats-Unis ont frapp\u00e9 plus de 800 cibles au Y\u00e9men depuis la mi-mars, tuant des centaines de combattants parmi les\u00a0<a href=\"http:\/\/www.lefigaro.fr\/international\/ils-seront-completement-aneantis-trump-menace-les-houthis-et-demande-a-l-iran-l-arret-de-son-soutien-aux-rebelles-20250319\" target=\"_blank\" data-fig-type=\"NewsFlash\" rel=\"noopener\" data-gtm-custom-categorie=\"navigation\" data-gtm-custom-action=\"crossclick\" data-gtm-custom-label=\"Contextuel\" data-gtm-event=\"customEventSPE\" data-fig-domain=\"LEFIGARO\">rebelles houthis<\/a>, dont des membres de la direction du groupe, a d\u00e9clar\u00e9 dimanche l\u2019arm\u00e9e am\u00e9ricaine.<\/p>\n<p class=\"fig-paragraph\">\u00abDepuis le d\u00e9but de l\u2019op\u00e9ration Rough Rider, USCENTCOM (United States Central Command) a frapp\u00e9 plus de 800 cibles. Ces frappes ont tu\u00e9 des centaines de combattants houthis et de nombreux leaders houthis\u00bb, indique un communiqu\u00e9 du centre am\u00e9ricain de commandement pour le Moyen-Orient.<\/p>\n<p class=\"fig-paragraph\"><strong>Huit morts \u00e0 Sanaa<\/strong><\/p>\n<p class=\"fig-paragraph\">De son c\u00f4t\u00e9, la cha\u00eene de t\u00e9l\u00e9vision y\u00e9m\u00e9nite Al-Massira, contr\u00f4l\u00e9e par les rebelles houthis, a rapport\u00e9 que des frappes am\u00e9ricaines dimanche sur la capitale Sanaa avaient fait au moins huit morts et des bless\u00e9s. \u00abHuit martyrs, dont des enfants et des femmes (&#8230;) Voici le bilan provisoire de l\u2019agression am\u00e9ricaine dans la zone de Thaqban, dans le gouvernorat de Bani Al-Har\u00bb, dans le nord de Sanaa, a rapport\u00e9 la cha\u00eene.<\/p>\n<p class=\"fig-paragraph\">Plus t\u00f4t dans la journ\u00e9e de dimanche, les m\u00e9dias houthis ont d\u00e9clar\u00e9 que les frappes de la nuit sur la capitale, attribu\u00e9es aux Etats-Unis, avaient tu\u00e9 deux personnes et en avaient bless\u00e9 plusieurs autres. Les derni\u00e8res frappes portent \u00e0 228 le nombre de morts \u00e0 la suite de frappes am\u00e9ricaines au Y\u00e9men, selon un d\u00e9compte de l\u2019AFP bas\u00e9 sur les annonces des Houthis.<\/p>\n<p class=\"fig-paragraph\">Les Houthis, qui font partie de l\u2019\u00abaxe de r\u00e9sistance\u00bb de l\u2019Iran contre Isra\u00ebl et les Etats-Unis, disent agir en solidarit\u00e9 avec les Palestiniens de la bande de Gaza, d\u00e9vast\u00e9e par une campagne militaire lanc\u00e9e par Isra\u00ebl apr\u00e8s l\u2019attaque surprise du Hamas le 7 octobre 2023. Depuis janvier 2024, l\u2019arm\u00e9e am\u00e9ricaine attaque les positions des Houthis pour tenter de mettre fin \u00e0 leurs attaques de missiles et de drones contre Isra\u00ebl et les cargos empruntant la mer Rouge.<\/p>\n<p class=\"fig-paragraph\">Les attaques des Houthis ont emp\u00each\u00e9 les navires de passer par le canal de Suez, art\u00e8re essentielle o\u00f9 passe normalement 12% du trafic maritime mondial. Par cons\u00e9quent, de nombreuses soci\u00e9t\u00e9s ont d\u00fb faire de co\u00fbteux d\u00e9tours par le sud de l\u2019Afrique.<\/p>\n<p class=\"fig-paragraph\">Depuis l\u2019entr\u00e9e en fonction du pr\u00e9sident Donald Trump en janvier, les raids a\u00e9riens am\u00e9ricains se sont intensifi\u00e9s, avec des frappes quasi quotidiennes au cours du mois dernier. Dimanche, les Houthis ont affirm\u00e9 avoir lanc\u00e9 un missile en direction d\u2019Isra\u00ebl pour la deuxi\u00e8me fois en deux jours. L\u2019arm\u00e9e isra\u00e9lienne a d\u00e9clar\u00e9 plus tard avoir intercept\u00e9 un missile en provenance du Y\u00e9men avant qu\u2019il ne p\u00e9n\u00e8tre sur le territoire du pays.<\/p>\n","protected":false},"excerpt":{"rendered":"\u00abCes frappes ont tu\u00e9 des centaines de combattants houthis et de nombreux leaders houthis\u00bb, indique un communiqu\u00e9 du&hellip;\n","protected":false},"author":2,"featured_media":58165,"comment_status":"","ping_status":"","sticky":false,"template":"","format":"standard","meta":{"footnotes":""},"categories":[5],"tags":[259,11,260,1011,27,1070,14,261,12,262,28,3885],"class_list":{"0":"post-58164","1":"post","2":"type-post","3":"status-publish","4":"format-standard","5":"has-post-thumbnail","7":"category-international","8":"tag-actualite-internationale","9":"tag-actualites","10":"tag-affaires-etrangeres","11":"tag-fr","12":"tag-france","13":"tag-houthis","14":"tag-international","15":"tag-ministere-des-affaires-etrangeres","16":"tag-news","17":"tag-politique-etrangere","18":"tag-world","19":"tag-yemen"},"share_on_mastodon":{"url":"https:\/\/pubeurope.com\/@fr\/114413131762312849","error":""},"_links":{"self":[{"href":"https:\/\/www.europesays.com\/fr\/wp-json\/wp\/v2\/posts\/58164","targetHints":{"allow":["GET"]}}],"collection":[{"href":"https:\/\/www.europesays.com\/fr\/wp-json\/wp\/v2\/posts"}],"about":[{"href":"https:\/\/www.europesays.com\/fr\/wp-json\/wp\/v2\/types\/post"}],"author":[{"embeddable":true,"href":"https:\/\/www.europesays.com\/fr\/wp-json\/wp\/v2\/users\/2"}],"replies":[{"embeddable":true,"href":"https:\/\/www.europesays.com\/fr\/wp-json\/wp\/v2\/comments?post=58164"}],"version-history":[{"count":0,"href":"https:\/\/www.europesays.com\/fr\/wp-json\/wp\/v2\/posts\/58164\/revisions"}],"wp:featuredmedia":[{"embeddable":true,"href":"https:\/\/www.europesays.com\/fr\/wp-json\/wp\/v2\/media\/58165"}],"wp:attachment":[{"href":"https:\/\/www.europesays.com\/fr\/wp-json\/wp\/v2\/media?parent=58164"}],"wp:term":[{"taxonomy":"category","embeddable":true,"href":"https:\/\/www.europesays.com\/fr\/wp-json\/wp\/v2\/categories?post=58164"},{"taxonomy":"post_tag","embeddable":true,"href":"https:\/\/www.europesays.com\/fr\/wp-json\/wp\/v2\/tags?post=58164"}],"curies":[{"name":"wp","href":"https:\/\/api.w.org\/{rel}","templated":true}]}}