{"id":581640,"date":"2025-12-06T07:47:17","date_gmt":"2025-12-06T07:47:17","guid":{"rendered":"https:\/\/www.europesays.com\/fr\/581640\/"},"modified":"2025-12-06T07:47:17","modified_gmt":"2025-12-06T07:47:17","slug":"municipales-2026-a-paris-derriere-les-promesses-pourquoi-le-futur-des-voies-sur-berge-est-un-casse-tete","status":"publish","type":"post","link":"https:\/\/www.europesays.com\/fr\/581640\/","title":{"rendered":"Municipales 2026 \u00e0 Paris\u00a0: derri\u00e8re les promesses, pourquoi le futur des voies sur berge est un casse-t\u00eate"},"content":{"rendered":"<p class=\"paragraph text_align_left lp-f-body-02\">C\u2019est une promesse de campagne municipale qui date\u2026 de 1977. Alors que les Parisiens s\u2019appr\u00eatent, pour la premi\u00e8re fois dans l\u2019histoire de la capitale, \u00e0 choisir leur maire, le candidat giscardien, Michel d\u2019Ornano, tente de se d\u00e9marquer de <a href=\"https:\/\/www.leparisien.fr\/politique\/jacques-chirac-maire-de-paris-il-s-arretait-partout-rentrait-dans-toutes-les-boutiques-26-09-2019-8160306.php\" target=\"_blank\" rel=\"noreferrer noopener\">Jacques Chirac<\/a> en jouant la carte \u00e9colo. Celui qui deviendra, un an plus tard, ministre de l\u2019Environnement promet, s\u2019il est \u00e9lu, de r\u00e9server les berges de Seine \u00ab aux promeneurs et aux cyclistes \u00bb les dimanches et jours de f\u00eate. Presque un demi-si\u00e8cle est pass\u00e9 et la promesse de <a href=\"https:\/\/www.leparisien.fr\/paris-75\/voies-sur-berge-pietonnes-cette-fois-c-est-grave-dans-le-bitume-19-10-2016-6225645.php\" target=\"_blank\" rel=\"noreferrer noopener\">voies sur berge rendue aux pi\u00e9tons<\/a> est aujourd\u2019hui <a href=\"https:\/\/www.leparisien.fr\/paris-75\/voies-sur-berge-mobilisation-contre-la-reouverture-a-la-circulation-27-02-2018-7582275.php\" target=\"_blank\" rel=\"noreferrer noopener\">une r\u00e9alit\u00e9 depuis 2019<\/a> et la fermeture \u00e0 la circulation automobile d\u2019une voie longue de 3,3 km en plein c\u0153ur de la capitale. Une mesure \u00f4 combien embl\u00e9matique de la maire (<a href=\"https:\/\/www.leparisien.fr\/politique\/ps\/\" target=\"_blank\" rel=\"noreferrer noopener\">PS<\/a>) de <a href=\"https:\/\/www.leparisien.fr\/paris-75\/\" target=\"_blank\" rel=\"noreferrer noopener\">Paris<\/a>, <a href=\"https:\/\/www.leparisien.fr\/politique\/anne-hidalgo\/\" target=\"_blank\" rel=\"noreferrer noopener\">Anne Hidalgo<\/a>, qui signe l\u2019\u00e9pilogue d\u2019une longue et houleuse reconqu\u00eate des rives de la Seine par les pi\u00e9tons.<\/p>\n<p class=\"paragraph text_align_left lp-f-body-02\">Mais cinquante ans apr\u00e8s les premi\u00e8res promesses, le futur des voies sur berge n\u2019a pour autant pas fini d\u2019animer les campagnes \u00e9lectorales. \u00c0 moins de quatre mois <a href=\"https:\/\/www.leparisien.fr\/elections\/municipales\/municipales-paris\/\" target=\"_blank\" rel=\"noreferrer noopener\">du scrutin municipal de mars 2026<\/a>, les candidats d\u00e9clar\u00e9s ont tous leur projet pour \u00ab les quais de demain \u00bb.<\/p>\n","protected":false},"excerpt":{"rendered":"C\u2019est une promesse de campagne municipale qui date\u2026 de 1977. Alors que les Parisiens s\u2019appr\u00eatent, pour la premi\u00e8re&hellip;\n","protected":false},"author":2,"featured_media":581641,"comment_status":"","ping_status":"","sticky":false,"template":"","format":"standard","meta":{"footnotes":""},"categories":[1888],"tags":[11,5949,1777,674,1011,27,3554,12,626,316,25],"class_list":{"0":"post-581640","1":"post","2":"type-post","3":"status-publish","4":"format-standard","5":"has-post-thumbnail","7":"category-paris","8":"tag-actualites","9":"tag-elections","10":"tag-eu","11":"tag-europe","12":"tag-fr","13":"tag-france","14":"tag-municipales","15":"tag-news","16":"tag-paris","17":"tag-politique","18":"tag-republique-francaise"},"share_on_mastodon":{"url":"https:\/\/pubeurope.com\/@fr\/115671521276521701","error":""},"_links":{"self":[{"href":"https:\/\/www.europesays.com\/fr\/wp-json\/wp\/v2\/posts\/581640","targetHints":{"allow":["GET"]}}],"collection":[{"href":"https:\/\/www.europesays.com\/fr\/wp-json\/wp\/v2\/posts"}],"about":[{"href":"https:\/\/www.europesays.com\/fr\/wp-json\/wp\/v2\/types\/post"}],"author":[{"embeddable":true,"href":"https:\/\/www.europesays.com\/fr\/wp-json\/wp\/v2\/users\/2"}],"replies":[{"embeddable":true,"href":"https:\/\/www.europesays.com\/fr\/wp-json\/wp\/v2\/comments?post=581640"}],"version-history":[{"count":0,"href":"https:\/\/www.europesays.com\/fr\/wp-json\/wp\/v2\/posts\/581640\/revisions"}],"wp:featuredmedia":[{"embeddable":true,"href":"https:\/\/www.europesays.com\/fr\/wp-json\/wp\/v2\/media\/581641"}],"wp:attachment":[{"href":"https:\/\/www.europesays.com\/fr\/wp-json\/wp\/v2\/media?parent=581640"}],"wp:term":[{"taxonomy":"category","embeddable":true,"href":"https:\/\/www.europesays.com\/fr\/wp-json\/wp\/v2\/categories?post=581640"},{"taxonomy":"post_tag","embeddable":true,"href":"https:\/\/www.europesays.com\/fr\/wp-json\/wp\/v2\/tags?post=581640"}],"curies":[{"name":"wp","href":"https:\/\/api.w.org\/{rel}","templated":true}]}}