{"id":581644,"date":"2025-12-06T07:49:12","date_gmt":"2025-12-06T07:49:12","guid":{"rendered":"https:\/\/www.europesays.com\/fr\/581644\/"},"modified":"2025-12-06T07:49:12","modified_gmt":"2025-12-06T07:49:12","slug":"des-responsables-americains-et-ukrainiens-discutent-pour-une-paix-durable-et-la-fin-du-conflit-avec-la-russie","status":"publish","type":"post","link":"https:\/\/www.europesays.com\/fr\/581644\/","title":{"rendered":"Des responsables am\u00e9ricains et ukrainiens discutent pour une paix durable et la fin du conflit avec la Russie"},"content":{"rendered":"<p>AA \/ Istanbul \/ Yasin Gungor<\/p>\n<p>L&rsquo;envoy\u00e9 sp\u00e9cial am\u00e9ricain Steve Witkoff et Jared Kushner, conseiller officieux du pr\u00e9sident Donald Trump et son proche, ont tenu leur sixi\u00e8me r\u00e9union en deux semaines avec des responsables ukrainiens. Ils ont discut\u00e9 des mesures \u00e0 prendre pour mettre fin \u00e0 la guerre, a indiqu\u00e9 le d\u00e9partement d&rsquo;\u00c9tat vendredi.<\/p>\n<p>Ces deux jours de discussions \u00ab constructives \u00bb avec le secr\u00e9taire du Conseil national de s\u00e9curit\u00e9 et de d\u00e9fense ukrainien, Rustem Umerov, et le chef d&rsquo;\u00e9tat-major des arm\u00e9es, Andriy Hnatov, ont port\u00e9 sur \u00ab la mise en place d&rsquo;une voie cr\u00e9dible vers une paix durable et juste en Ukraine \u00bb, selon un compte rendu du d\u00e9partement d&rsquo;\u00c9tat.<\/p>\n<p>Umerov a r\u00e9affirm\u00e9 que la priorit\u00e9 de l&rsquo;Ukraine est de parvenir \u00e0 un r\u00e8glement qui \u00ab prot\u00e8ge son ind\u00e9pendance et sa souverainet\u00e9, garantisse la s\u00e9curit\u00e9 des Ukrainiens et offre une base stable pour un avenir d\u00e9mocratique prosp\u00e8re \u00bb.<\/p>\n<p>Le groupe a \u00e9galement \u00e9voqu\u00e9 les r\u00e9sultats des r\u00e9centes rencontres entre les \u00c9tats-Unis et la Russie, ainsi que les mesures susceptibles de mettre fin \u00e0 la guerre, qui approche de ses quatre ans.<\/p>\n<p>Les parties am\u00e9ricaine et ukrainienne ont discut\u00e9 des capacit\u00e9s de dissuasion n\u00e9cessaires au maintien d&rsquo;une paix durable et se sont entendues sur un cadre pour les arrangements de s\u00e9curit\u00e9.<\/p>\n<p>Les deux parties ont soulign\u00e9 que tout progr\u00e8s r\u00e9el vers un accord \u00ab d\u00e9pend de la volont\u00e9 de la Russie de d\u00e9montrer un engagement s\u00e9rieux en faveur d&rsquo;une paix durable, notamment par des mesures de d\u00e9sescalade et de cessation des hostilit\u00e9s \u00bb.<\/p>\n<p>Les parties se r\u00e9uniront \u00e0 nouveau ce samedi pour poursuivre les discussions.<\/p>\n<p>*Traduit de l\u2019anglais par Ayse Bashoruz<\/p>\n","protected":false},"excerpt":{"rendered":"AA \/ Istanbul \/ Yasin Gungor L&rsquo;envoy\u00e9 sp\u00e9cial am\u00e9ricain Steve Witkoff et Jared Kushner, conseiller officieux du pr\u00e9sident&hellip;\n","protected":false},"author":2,"featured_media":581645,"comment_status":"","ping_status":"","sticky":false,"template":"","format":"standard","meta":{"footnotes":""},"categories":[1591],"tags":[11,1785,73,1887,3482,22276,12,1885,1886,132,69550],"class_list":{"0":"post-581644","1":"post","2":"type-post","3":"status-publish","4":"format-standard","5":"has-post-thumbnail","7":"category-russie","8":"tag-actualites","9":"tag-anadolu-ajansi","10":"tag-etats-unis","11":"tag-federation-de-russie","12":"tag-guerre-russie-ukraine","13":"tag-jared-kushner","14":"tag-news","15":"tag-russia","16":"tag-russian-federation","17":"tag-russie","18":"tag-steven-witkoff"},"share_on_mastodon":{"url":"https:\/\/pubeurope.com\/@fr\/115671529274549353","error":""},"_links":{"self":[{"href":"https:\/\/www.europesays.com\/fr\/wp-json\/wp\/v2\/posts\/581644","targetHints":{"allow":["GET"]}}],"collection":[{"href":"https:\/\/www.europesays.com\/fr\/wp-json\/wp\/v2\/posts"}],"about":[{"href":"https:\/\/www.europesays.com\/fr\/wp-json\/wp\/v2\/types\/post"}],"author":[{"embeddable":true,"href":"https:\/\/www.europesays.com\/fr\/wp-json\/wp\/v2\/users\/2"}],"replies":[{"embeddable":true,"href":"https:\/\/www.europesays.com\/fr\/wp-json\/wp\/v2\/comments?post=581644"}],"version-history":[{"count":0,"href":"https:\/\/www.europesays.com\/fr\/wp-json\/wp\/v2\/posts\/581644\/revisions"}],"wp:featuredmedia":[{"embeddable":true,"href":"https:\/\/www.europesays.com\/fr\/wp-json\/wp\/v2\/media\/581645"}],"wp:attachment":[{"href":"https:\/\/www.europesays.com\/fr\/wp-json\/wp\/v2\/media?parent=581644"}],"wp:term":[{"taxonomy":"category","embeddable":true,"href":"https:\/\/www.europesays.com\/fr\/wp-json\/wp\/v2\/categories?post=581644"},{"taxonomy":"post_tag","embeddable":true,"href":"https:\/\/www.europesays.com\/fr\/wp-json\/wp\/v2\/tags?post=581644"}],"curies":[{"name":"wp","href":"https:\/\/api.w.org\/{rel}","templated":true}]}}