{"id":581646,"date":"2025-12-06T07:50:15","date_gmt":"2025-12-06T07:50:15","guid":{"rendered":"https:\/\/www.europesays.com\/fr\/581646\/"},"modified":"2025-12-06T07:50:15","modified_gmt":"2025-12-06T07:50:15","slug":"ukrainiens-et-americains-poursuivent-leurs-discussions-en-floride-2","status":"publish","type":"post","link":"https:\/\/www.europesays.com\/fr\/581646\/","title":{"rendered":"Ukrainiens et Am\u00e9ricains poursuivent leurs discussions en Floride"},"content":{"rendered":"<p>N\u00e9gociateurs ukrainiens et am\u00e9ricains se retrouvent en Floride, samedi 6\u00a0d\u00e9cembre, pour leur troisi\u00e8me jour de discussions sur le plan de Washington visant \u00e0 mettre fin \u00e0 <a target=\"_self\" href=\"https:\/\/www.lanouvellerepublique.fr\/a-la-une\/ukraine-macron-appelle-a-maintenir-l-effort-de-guerre-et-accroitre-la-pression-sur-l-economie-russe-1764932208\" rel=\"noopener\">la guerre avec la Russie.<\/a><\/p>\n<p>\u00ab\u00a0Les deux parties sont convenues que tout progr\u00e8s r\u00e9el vers un accord <a target=\"_self\" href=\"https:\/\/www.lanouvellerepublique.fr\/a-la-une\/la-russie-cessera-les-hostilites-si-l-armee-ukrainienne-se-retire-des-territoires-revendiques-par-moscou-assure-poutine-1764253591\" rel=\"noopener\">d\u00e9pendait de la volont\u00e9 de la Russie<\/a> de s\u2019engager s\u00e9rieusement en faveur d\u2019une paix durable, notamment par des mesures de d\u00e9sescalade et l\u2019arr\u00eat des tueries\u00a0\u00bb, a indiqu\u00e9 vendredi soir le d\u00e9partement d\u2019\u00c9tat am\u00e9ricain, en bouclant la deuxi\u00e8me journ\u00e9e de ces pourparlers. Il a pr\u00e9cis\u00e9 que les participants s\u2019\u00e9taient \u00ab\u00a0mis d\u2019accord sur le cadre des arrangements de s\u00e9curit\u00e9 [\u2026] et des capacit\u00e9s de dissuasion n\u00e9cessaires pour maintenir une paix durable\u00a0\u00bb en cas de r\u00e8glement.<\/p>\n<p>C\u00f4t\u00e9 am\u00e9ricain, l\u2019\u00e9missaire de Donald Trump, Steve Witkoff, ainsi que le gendre du pr\u00e9sident, Jared Kushner, participent aux discussions pr\u00e8s de Miami, la m\u00e9galopole de Floride (sud-est). C\u00f4t\u00e9 ukrainien, il s\u2019agit du n\u00e9gociateur en chef Roustem Oumerov et du g\u00e9n\u00e9ral Andre\u00ef Hnatov.<\/p>\n<p>Peu d&rsquo;informations sur le plan amend\u00e9<\/p>\n<p>Depuis la pr\u00e9sentation du plan am\u00e9ricain il y a bient\u00f4t trois semaines, plusieurs sessions de pourparlers ont eu lieu avec les Ukrainiens <a target=\"_self\" href=\"https:\/\/www.lanouvellerepublique.fr\/a-la-une\/guerre-en-ukraine-un-accord-de-paix-devra-pleinement-respecter-la-souverainete-du-pays-disent-kiev-et-washington-1763971584\" rel=\"noopener\">\u00e0 Gen\u00e8ve<\/a> et en Floride pour tenter d\u2019amender le texte en faveur de Kiev. Le document a aussi \u00e9t\u00e9 <a target=\"_self\" href=\"https:\/\/www.lanouvellerepublique.fr\/a-la-une\/nous-sommes-prets-en-cas-de-guerre-contre-l-europe-avertit-vladimir-poutine-avant-de-recevoir-steve-witkoff-1764698739\" rel=\"noopener\">pr\u00e9sent\u00e9 mardi au pr\u00e9sident Vladimir Poutine<\/a>, lors d\u2019une visite \u00e0 Moscou de Steve Witkoff et de Jared Kushner. Peu de d\u00e9tails ont filtr\u00e9 sur ce plan amend\u00e9, apr\u00e8s qu\u2019une version initiale a \u00e9t\u00e9 per\u00e7ue par Kiev et les Europ\u00e9ens comme \u00e9tant largement favorable \u00e0 la Russie.<\/p>\n<p>Dans son communiqu\u00e9, le d\u00e9partement d\u2019\u00c9tat pr\u00e9cise que les participants \u00ab\u00a0ont discut\u00e9 des r\u00e9sultats\u00a0\u00bb de la r\u00e9union \u00e0 Moscou et que Roustem Oumerov a r\u00e9affirm\u00e9 que la priorit\u00e9 de l\u2019Ukraine \u00e9tait de parvenir \u00e0 un accord \u00ab\u00a0qui prot\u00e8ge son ind\u00e9pendance et sa souverainet\u00e9\u00a0\u00bb.<\/p>\n<p>\u00abBeaucoup de travail\u00bb \u00e0 faire, dit le Kremlin<\/p>\n<p>Apr\u00e8s la rencontre dans la capitale russe, le Kremlin a assur\u00e9 que des progr\u00e8s avaient \u00e9t\u00e9 r\u00e9alis\u00e9s mais qu\u2019il restait \u00ab\u00a0beaucoup de travail\u00a0\u00bb pour aboutir \u00e0 un r\u00e8glement du conflit. Le conseiller diplomatique du Kremlin, Iouri Ouchakov, a pour sa part jug\u00e9 vendredi que la r\u00e9union de mardi \u00e0 Moscou s\u2019\u00e9tait d\u00e9roul\u00e9e dans une ambiance cordiale et s\u2019est f\u00e9licit\u00e9 de la participation de Jared Kushner aux discussions.<\/p>\n<p>Le chef de l\u2019\u00c9tat russe et Steve Witkoff ont eu une \u00ab\u00a0conversation v\u00e9ritablement amicale et ils se comprennent\u00a0\u00bb, a dit le n\u00e9gociateur russe \u00e0 la t\u00e9l\u00e9vision d\u2019\u00c9tat. \u00ab\u00a0Une nouvelle personne nous a rejoints et je dirais qu\u2019elle s\u2019est r\u00e9v\u00e9l\u00e9e tr\u00e8s utile\u00a0\u00bb, a-t-il ajout\u00e9 \u00e0 propos de Jared Kushner.<\/p>\n<p>Entre drones et missiles, l\u2019offensive russe se poursuit<\/p>\n<p>Samedi \u00e0 l\u2019aube, la Russie \u00ab\u00a0attaque massivement la r\u00e9gion de Kiev avec des drones et des missiles\u00a0\u00bb, a \u00e9crit sur Telegram le gouverneur r\u00e9gional Mykola Kalachnyk, qui a fait \u00e9tat de trois bless\u00e9s.<\/p>\n<p>Les autorit\u00e9s ont \u00e9mis une alerte a\u00e9rienne pour l\u2019ensemble de l\u2019Ukraine, \u00e0 l\u2019exception de la r\u00e9gion de Zakarpattia dans l\u2019extr\u00eame-ouest du pays.<\/p>\n<p>De son c\u00f4t\u00e9, le minist\u00e8re russe de la D\u00e9fense a indiqu\u00e9 que 116 drones ukrainiens avaient \u00e9t\u00e9 intercept\u00e9s au-dessus de la Russie dans la nuit.<\/p>\n<p>Vendredi, l\u2019arm\u00e9e russe a poursuivi son avanc\u00e9e sur le front, revendiquant la prise de la localit\u00e9 de Bezimenn\u00e9 dans la r\u00e9gion orientale de Donetsk, o\u00f9 se concentrent les combats.<\/p>\n","protected":false},"excerpt":{"rendered":"N\u00e9gociateurs ukrainiens et am\u00e9ricains se retrouvent en Floride, samedi 6\u00a0d\u00e9cembre, pour leur troisi\u00e8me jour de discussions sur le&hellip;\n","protected":false},"author":2,"featured_media":581647,"comment_status":"","ping_status":"","sticky":false,"template":"","format":"standard","meta":{"footnotes":""},"categories":[1590],"tags":[328,11,10411,73,1777,674,329,74,12,220],"class_list":{"0":"post-581646","1":"post","2":"type-post","3":"status-publish","4":"format-standard","5":"has-post-thumbnail","7":"category-ukraine","8":"tag-a-la-une","9":"tag-actualites","10":"tag-conflits","11":"tag-etats-unis","12":"tag-eu","13":"tag-europe","14":"tag-france-monde","15":"tag-monde","16":"tag-news","17":"tag-ukraine"},"share_on_mastodon":{"url":"https:\/\/pubeurope.com\/@fr\/115671533099095093","error":""},"_links":{"self":[{"href":"https:\/\/www.europesays.com\/fr\/wp-json\/wp\/v2\/posts\/581646","targetHints":{"allow":["GET"]}}],"collection":[{"href":"https:\/\/www.europesays.com\/fr\/wp-json\/wp\/v2\/posts"}],"about":[{"href":"https:\/\/www.europesays.com\/fr\/wp-json\/wp\/v2\/types\/post"}],"author":[{"embeddable":true,"href":"https:\/\/www.europesays.com\/fr\/wp-json\/wp\/v2\/users\/2"}],"replies":[{"embeddable":true,"href":"https:\/\/www.europesays.com\/fr\/wp-json\/wp\/v2\/comments?post=581646"}],"version-history":[{"count":0,"href":"https:\/\/www.europesays.com\/fr\/wp-json\/wp\/v2\/posts\/581646\/revisions"}],"wp:featuredmedia":[{"embeddable":true,"href":"https:\/\/www.europesays.com\/fr\/wp-json\/wp\/v2\/media\/581647"}],"wp:attachment":[{"href":"https:\/\/www.europesays.com\/fr\/wp-json\/wp\/v2\/media?parent=581646"}],"wp:term":[{"taxonomy":"category","embeddable":true,"href":"https:\/\/www.europesays.com\/fr\/wp-json\/wp\/v2\/categories?post=581646"},{"taxonomy":"post_tag","embeddable":true,"href":"https:\/\/www.europesays.com\/fr\/wp-json\/wp\/v2\/tags?post=581646"}],"curies":[{"name":"wp","href":"https:\/\/api.w.org\/{rel}","templated":true}]}}