{"id":581648,"date":"2025-12-06T07:51:28","date_gmt":"2025-12-06T07:51:28","guid":{"rendered":"https:\/\/www.europesays.com\/fr\/581648\/"},"modified":"2025-12-06T07:51:28","modified_gmt":"2025-12-06T07:51:28","slug":"usa-droit-du-sol-la-cour-supreme-va-se-prononcer-sur-la-legalite-du-decret-trump-2","status":"publish","type":"post","link":"https:\/\/www.europesays.com\/fr\/581648\/","title":{"rendered":"USA\/Droit du sol-La Cour supr\u00eame va se prononcer sur la l\u00e9galit\u00e9 du decret Trump"},"content":{"rendered":"<p>5 d\u00e9cembre (Reuters) &#8211; La Cour supr\u00eame des Etats-Unis a accept\u00e9 vendredi d&rsquo;examiner la l\u00e9galit\u00e9 du decret sign\u00e9 par Donald Trump visant \u00e0 restreindre le droit du sol, une initiative controvers\u00e9e prise par le locataire de la Maison pour freiner l&rsquo;immigration et qui modifierait profond\u00e9ment la mani\u00e8re dont est compris ce dispositif depuis le 19e si\u00e8cle.<\/p>\n<p>\n              Les juges ont examin\u00e9 l&rsquo;appel d\u00e9pos\u00e9 par le d\u00e9partement de la Justice contre la d\u00e9cision d&rsquo;une juridiction inf\u00e9rieure qui avait bloqu\u00e9 le d\u00e9cret du pr\u00e9sident am\u00e9ricain ordonnant aux agences de ne pas reconna\u00eetre la citoyennet\u00e9 des enfants n\u00e9s aux Etats-Unis si aucun de leurs parents n&rsquo;est citoyen am\u00e9ricain ou r\u00e9sident permanent l\u00e9gal.<\/p>\n<p>\n              En premi\u00e8re instance, un tribunal avait estim\u00e9 que la politique de Donald Trump violait le 14e amendement de la Constitution des Etats-Unis qui stipule que quiconque n\u00e9 aux Etats-Unis est citoyen am\u00e9ricain. <\/p>\n<p>\n              Donald Trump a sign\u00e9 ce d\u00e9cret d\u00e8s le premier jour de son retour au pouvoir, le 20 janvier, dans le cadre d&rsquo;un ensemble de mesures li\u00e9es \u00e0 l&rsquo;immigration. <\/p>\n<p>\n              Le 14e amendement a longtemps \u00e9t\u00e9 interpr\u00e9t\u00e9 comme garantissant la citoyennet\u00e9 aux enfants n\u00e9s aux Etats-Unis.<\/p>\n<p>\n              La clause de citoyennet\u00e9 du texte stipule que toutes \u00ab\u00a0les personnes n\u00e9es ou naturalis\u00e9es aux Etats-Unis, et soumises \u00e0 leur juridiction, sont citoyennes des Etats-Unis et de l&rsquo;\u00c9tat dans lequel elles r\u00e9sident\u00a0\u00bb.  <\/p>\n<p>\n              Le 14e amendement a \u00e9t\u00e9 ratifi\u00e9 en 1868 \u00e0 la suite de la guerre civile de 1861-1865 qui a mis fin \u00e0 l&rsquo;esclavage aux Etats-Unis.<\/p>\n<p>\n              L&rsquo;administration Trump a fait valoir que cette disposition n&rsquo;accordait pas la citoyennet\u00e9 aux b\u00e9b\u00e9s d&rsquo;immigr\u00e9s qui se trouvent ill\u00e9galement dans le pays ou dont la pr\u00e9sence est l\u00e9gale mais temporaire, comme les \u00e9tudiants universitaires ou les personnes titulaires d&rsquo;un visa de travail.<\/p>\n<p>\n              Elle soutient que l&rsquo;expression \u00ab\u00a0soumis \u00e0 la juridiction de celle-ci\u00a0\u00bb signifie que le fait d&rsquo;\u00eatre n\u00e9 aux Etats-Unis n&rsquo;est pas suffisant pour obtenir la citoyennet\u00e9. La citoyennet\u00e9 n&rsquo;est accord\u00e9e qu&rsquo;aux enfants de ceux dont \u00ab\u00a0l&rsquo;all\u00e9geance premi\u00e8re\u00a0\u00bb est envers les Etats-Unis, y compris les citoyens et les r\u00e9sidents permanents, fait valoir l&rsquo;administration Trump. <\/p>\n<p>\n              Cette all\u00e9geance n&rsquo;est \u00e9tablie que par le \u00ab\u00a0domicile l\u00e9gal\u00a0\u00bb, que les avocats du gouvernement d\u00e9finissent comme \u00ab\u00a0la r\u00e9sidence l\u00e9gale et permanente au sein d&rsquo;une nation, avec l&rsquo;intention d&rsquo;y rester\u00a0\u00bb.<\/p>\n<p>\n              Selon l&rsquo;administration Trump, accorder la citoyennet\u00e9 \u00e0 pratiquement toute personne n\u00e9e sur le sol am\u00e9ricain est un appel d&rsquo;air \u00e0 l&rsquo;immigration clandestine et conduit au \u00ab\u00a0tourisme de naissance\u00a0\u00bb, une pratique consistant \u00e0 se rendre aux Etats-Unis pour accoucher afin d&rsquo;obtenir la citoyennet\u00e9 am\u00e9ricaine pour ses enfants.<\/p>\n<p>\n               (Reportage Andrew Chung \u00e0 New York; version fran\u00e7aise Claude Chendjou)<\/p>\n<p>\n            par Andrew Chung<\/p>\n","protected":false},"excerpt":{"rendered":"5 d\u00e9cembre (Reuters) &#8211; La Cour supr\u00eame des Etats-Unis a accept\u00e9 vendredi d&rsquo;examiner la l\u00e9galit\u00e9 du decret sign\u00e9&hellip;\n","protected":false},"author":2,"featured_media":581649,"comment_status":"","ping_status":"","sticky":false,"template":"","format":"standard","meta":{"footnotes":""},"categories":[1589],"tags":[11,340,73,1866,12,1864,1865,1863,308],"class_list":{"0":"post-581648","1":"post","2":"type-post","3":"status-publish","4":"format-standard","5":"has-post-thumbnail","7":"category-etats-unis","8":"tag-actualites","9":"tag-bourse","10":"tag-etats-unis","11":"tag-etats-unis-damerique","12":"tag-news","13":"tag-united-states","14":"tag-united-states-of-america","15":"tag-us","16":"tag-usa"},"share_on_mastodon":{"url":"https:\/\/pubeurope.com\/@fr\/115671536956042557","error":""},"_links":{"self":[{"href":"https:\/\/www.europesays.com\/fr\/wp-json\/wp\/v2\/posts\/581648","targetHints":{"allow":["GET"]}}],"collection":[{"href":"https:\/\/www.europesays.com\/fr\/wp-json\/wp\/v2\/posts"}],"about":[{"href":"https:\/\/www.europesays.com\/fr\/wp-json\/wp\/v2\/types\/post"}],"author":[{"embeddable":true,"href":"https:\/\/www.europesays.com\/fr\/wp-json\/wp\/v2\/users\/2"}],"replies":[{"embeddable":true,"href":"https:\/\/www.europesays.com\/fr\/wp-json\/wp\/v2\/comments?post=581648"}],"version-history":[{"count":0,"href":"https:\/\/www.europesays.com\/fr\/wp-json\/wp\/v2\/posts\/581648\/revisions"}],"wp:featuredmedia":[{"embeddable":true,"href":"https:\/\/www.europesays.com\/fr\/wp-json\/wp\/v2\/media\/581649"}],"wp:attachment":[{"href":"https:\/\/www.europesays.com\/fr\/wp-json\/wp\/v2\/media?parent=581648"}],"wp:term":[{"taxonomy":"category","embeddable":true,"href":"https:\/\/www.europesays.com\/fr\/wp-json\/wp\/v2\/categories?post=581648"},{"taxonomy":"post_tag","embeddable":true,"href":"https:\/\/www.europesays.com\/fr\/wp-json\/wp\/v2\/tags?post=581648"}],"curies":[{"name":"wp","href":"https:\/\/api.w.org\/{rel}","templated":true}]}}