{"id":581650,"date":"2025-12-06T07:53:14","date_gmt":"2025-12-06T07:53:14","guid":{"rendered":"https:\/\/www.europesays.com\/fr\/581650\/"},"modified":"2025-12-06T07:53:14","modified_gmt":"2025-12-06T07:53:14","slug":"nigel-farage-lance-son-parti-anti-immigration-reform-uk-a-la-conquete-de-lecosse-2","status":"publish","type":"post","link":"https:\/\/www.europesays.com\/fr\/581650\/","title":{"rendered":"Nigel Farage lance son parti anti-immigration Reform UK \u00e0 la conqu\u00eate de l\u2019Ecosse"},"content":{"rendered":"<p><a href=\"https:\/\/www.rtbf.be\/article\/nigel-farage-un-trompe-la-mort-qui-a-reve-du-brexit-toute-sa-vie-9344843\" target=\"_blank\" rel=\"noopener\">Le champion du Brexit<\/a>, dont la formation caracole en t\u00eate des sondages au Royaume-Uni, prendra la parole vers midi \u00e0 Falkirk, ville situ\u00e9e entre Glasgow et Edimbourg, o\u00f9 des manifestations pro et anti-immigration se tiennent devant un h\u00f4tel h\u00e9bergeant des demandeurs d\u2019asile depuis plusieurs mois.<\/p>\n<p>Selon des sondages r\u00e9cents, <a href=\"https:\/\/www.rtbf.be\/article\/royaume-uni-plus-populaire-que-jamais-le-parti-de-nigel-farage-reform-uk-ouvre-son-congres-annuel-11596627\" target=\"_blank\" rel=\"noopener\">Reform UK <\/a>pourrait devenir <a href=\"https:\/\/www.rtbf.be\/article\/royaume-uni-l-extreme-droite-de-nigel-farage-supplante-les-conservateurs-en-nombre-d-adherents-11482434\" target=\"_blank\" rel=\"noopener\">la deuxi\u00e8me force politique en Ecosse<\/a> lors du renouvellement du parlement local, Holyrood, en mai\u00a02026.\u00a0Il serait largement derri\u00e8re les ind\u00e9pendantistes du SNP (gauche), qui gouvernent la province, mais devant le Labour (centre-gauche), au pouvoir depuis l\u2019\u00e9t\u00e9\u00a02024 au Royaume-Uni.<\/p>\n","protected":false},"excerpt":{"rendered":"Le champion du Brexit, dont la formation caracole en t\u00eate des sondages au Royaume-Uni, prendra la parole vers&hellip;\n","protected":false},"author":2,"featured_media":581651,"comment_status":"","ping_status":"","sticky":false,"template":"","format":"standard","meta":{"footnotes":""},"categories":[1588],"tags":[11,1777,674,12,473,1853,1851,1850,1852],"class_list":{"0":"post-581650","1":"post","2":"type-post","3":"status-publish","4":"format-standard","5":"has-post-thumbnail","7":"category-royaume-uni","8":"tag-actualites","9":"tag-eu","10":"tag-europe","11":"tag-news","12":"tag-royaume-uni","13":"tag-royaume-uni-de-grande-bretagne-et-dirlande-du-nord","14":"tag-uk","15":"tag-united-kingdom","16":"tag-united-kingdom-of-great-britain-and-northern-ireland"},"share_on_mastodon":{"url":"https:\/\/pubeurope.com\/@fr\/115671544894783261","error":""},"_links":{"self":[{"href":"https:\/\/www.europesays.com\/fr\/wp-json\/wp\/v2\/posts\/581650","targetHints":{"allow":["GET"]}}],"collection":[{"href":"https:\/\/www.europesays.com\/fr\/wp-json\/wp\/v2\/posts"}],"about":[{"href":"https:\/\/www.europesays.com\/fr\/wp-json\/wp\/v2\/types\/post"}],"author":[{"embeddable":true,"href":"https:\/\/www.europesays.com\/fr\/wp-json\/wp\/v2\/users\/2"}],"replies":[{"embeddable":true,"href":"https:\/\/www.europesays.com\/fr\/wp-json\/wp\/v2\/comments?post=581650"}],"version-history":[{"count":0,"href":"https:\/\/www.europesays.com\/fr\/wp-json\/wp\/v2\/posts\/581650\/revisions"}],"wp:featuredmedia":[{"embeddable":true,"href":"https:\/\/www.europesays.com\/fr\/wp-json\/wp\/v2\/media\/581651"}],"wp:attachment":[{"href":"https:\/\/www.europesays.com\/fr\/wp-json\/wp\/v2\/media?parent=581650"}],"wp:term":[{"taxonomy":"category","embeddable":true,"href":"https:\/\/www.europesays.com\/fr\/wp-json\/wp\/v2\/categories?post=581650"},{"taxonomy":"post_tag","embeddable":true,"href":"https:\/\/www.europesays.com\/fr\/wp-json\/wp\/v2\/tags?post=581650"}],"curies":[{"name":"wp","href":"https:\/\/api.w.org\/{rel}","templated":true}]}}