{"id":581652,"date":"2025-12-06T07:54:16","date_gmt":"2025-12-06T07:54:16","guid":{"rendered":"https:\/\/www.europesays.com\/fr\/581652\/"},"modified":"2025-12-06T07:54:16","modified_gmt":"2025-12-06T07:54:16","slug":"lallemagne-en-8e-le-bresil-en-quart-largentine-en-finale-quel-tableau-possible-pour-les-bleus","status":"publish","type":"post","link":"https:\/\/www.europesays.com\/fr\/581652\/","title":{"rendered":"l\u2019Allemagne en 8e, le Br\u00e9sil en quart, l\u2019Argentine en finale&#8230; Quel tableau possible pour les Bleus ?"},"content":{"rendered":"<p>\n    L\u2019\u00e9quipe de France conna\u00eet ses adversaires du premier tour de la Coupe du monde depuis vendredi soir et entrevoit ce qui peut l\u2019attendre dans la suite de la comp\u00e9tition. Ce sera du tr\u00e8s costaud.<\/p>\n<p class=\"fig-paragraph\">L\u2019\u00e9quipe de France est fix\u00e9e et au regard de son groupe, elle n\u2019aura pas le temps de prendre ses aises lors de la prochaine\u00a0<a href=\"http:\/\/www.lefigaro.fr\/sports\/football\/coupe-du-monde\/coupe-du-monde-2026-chocs-bresil-maroc-et-angleterre-croatie-du-lourd-pour-les-bleus-le-tirage-complet-20251205\" data-fig-type=\"NewsFlash\" data-gtm-custom-categorie=\"navigation\" data-gtm-custom-action=\"crossclick\" data-gtm-custom-label=\"Contextuel\" data-gtm-event=\"customEventSPE\" data-fig-domain=\"LEFIGARO\" target=\"_blank\" rel=\"noopener\">Coupe du monde<\/a>\u00a0(11 juin-19 juillet).\u00a0<a href=\"http:\/\/www.lefigaro.fr\/sports\/football\/coupe-du-monde\/coupe-du-monde-2026-les-bleus-de-deschamps-sont-fixes-sur-leurs-adversaires-du-premier-tour-20251205\" data-fig-type=\"NewsFlash\" data-gtm-custom-categorie=\"navigation\" data-gtm-custom-action=\"crossclick\" data-gtm-custom-label=\"Contextuel\" data-gtm-event=\"customEventSPE\" data-fig-domain=\"LEFIGARO\" target=\"_blank\" rel=\"noopener\">Les Bleus croiseront la route du S\u00e9n\u00e9gal, de la Norv\u00e8ge et d\u2019un barragiste<\/a>\u00a0(Irak, Surinam ou Bolivie) lors du premier tour. Une entame de comp\u00e9tition cors\u00e9e au regard d\u2019autres groupes plus faciles. Mais cela reste malgr\u00e9 tout dans les cordes des hommes de\u00a0<a href=\"https:\/\/video.lefigaro.fr\/figaro\/sports\/football\/coupe-du-monde-2026-il-n-y-a-pas-de-tirage-ideal-estime-didier-deschamps-20251205\" data-fig-type=\"Video\" data-gtm-custom-categorie=\"navigation\" data-gtm-custom-action=\"crossclick\" data-gtm-custom-label=\"Contextuel\" data-gtm-event=\"customEventSPE\" data-fig-domain=\"LEFIGARO\" target=\"_blank\" rel=\"noopener\">Didier Deschamps<\/a>, qui restent sur un titre en 2018 et une finale en 2022.<\/p>\n<p class=\"fig-paragraph\">Si les Bleus terminent premiers du groupe I, ils retrouveront en 16e de finale l\u2019un des huit meilleurs troisi\u00e8mes \u00e0 New York. Le flou est total quant \u00e0 l\u2019identit\u00e9 possible de cet adversaire. En cas de qualification, la France irait du c\u00f4t\u00e9 de Philadelphie pour d\u00e9fier le vainqueur du match entre le 1er du groupe E et un 3e de groupe. Cela pourrait \u00eatre l\u2019Allemagne, pour un choc grandiose et des souvenirs \u00e9ternels.<\/p>\n<p>                                            <a class=\"fig-a11y-skip\" href=\"#fig-a11y-skip-main-inarticle\" data-module=\"a11y-skip\" data-context=\"was @visible\"><br \/>\n    Passer la publicit\u00e9<br \/>\n<\/a>            <\/p>\n<p>                                            France-Br\u00e9sil en quart de finale \u00e0 Boston\u00a0?<\/p>\n<p class=\"fig-paragraph\">En cas de qualification pour les quarts de finale, et si la logique est respect\u00e9e, ce qui induit une incertitude cons\u00e9quente au regard de l\u2019histoire des Coupes du monde, la bande de Kylian Mbapp\u00e9 pourrait retrouver le Br\u00e9sil, les Pays-Bas ou encore le Maroc du c\u00f4t\u00e9 de Boston. Puis viendrait l\u2019Espagne \u00e0 Dallas, championne d\u2019Europe en titre et qui a domin\u00e9 les Bleus en juin dernier lors des demi-finales de la Ligue des nations.<\/p>\n<p>                                            Un remake face \u00e0 l\u2019Argentine en finale\u00a0?<\/p>\n<p class=\"fig-paragraph\">En finale, l\u2019Argentine pourrait se pr\u00e9senter du c\u00f4t\u00e9 de New York pour une\u00a0<a href=\"http:\/\/www.lefigaro.fr\/sports\/football\/coupe-du-monde\/les-notes-des-bleus-contre-l-argentine-docteur-jekyll-et-mister-mbappe-20221218\" data-fig-type=\"NewsFlash\" data-gtm-custom-categorie=\"navigation\" data-gtm-custom-action=\"crossclick\" data-gtm-custom-label=\"Contextuel\" data-gtm-event=\"customEventSPE\" data-fig-domain=\"LEFIGARO\" target=\"_blank\" rel=\"noopener\">revanche fabuleuse de l\u2019\u00e9dition 2022 \u00e0 Doha<\/a>. Sauf si d\u2019autres nations, comme l\u2019Angleterre ou le Portugal bousculent l\u2019ordre \u00e9tabli. Dans tous les cas, ce sera du tr\u00e8s costaud.<\/p>\n<p>                                            <a href=\"https:\/\/photo.lefigaro.fr\/sports\/football\/coupe-du-monde\/coupe-du-monde-2026-les-images-marquantes-du-tirage-au-sort-20251205\" target=\"_blank\" rel=\"noopener\"><\/p>\n<p class=\"fig-slideshow__title\">\n                    Coupe du monde 2026\u00a0: les images marquantes du tirage au sort\n                <\/p>\n<p>Acc\u00e9der au diaporama (19)<\/p>\n<p>    <\/a><\/p>\n","protected":false},"excerpt":{"rendered":"L\u2019\u00e9quipe de France conna\u00eet ses adversaires du premier tour de la Coupe du monde depuis vendredi soir et&hellip;\n","protected":false},"author":2,"featured_media":581653,"comment_status":"","ping_status":"","sticky":false,"template":"","format":"standard","meta":{"footnotes":""},"categories":[1587],"tags":[11,672,1804,451,1805,1803,20532,1777,674,1801,6477,12,1802],"class_list":{"0":"post-581652","1":"post","2":"type-post","3":"status-publish","4":"format-standard","5":"has-post-thumbnail","7":"category-allemagne","8":"tag-actualites","9":"tag-allemagne","10":"tag-bundesrepublik-deutschland","11":"tag-coupe-du-monde","12":"tag-de","13":"tag-deutschland","14":"tag-didier-deschamps","15":"tag-eu","16":"tag-europe","17":"tag-germany","18":"tag-kylian-mbappe","19":"tag-news","20":"tag-republique-federale-dallemagne"},"share_on_mastodon":{"url":"https:\/\/pubeurope.com\/@fr\/115671548939138022","error":""},"_links":{"self":[{"href":"https:\/\/www.europesays.com\/fr\/wp-json\/wp\/v2\/posts\/581652","targetHints":{"allow":["GET"]}}],"collection":[{"href":"https:\/\/www.europesays.com\/fr\/wp-json\/wp\/v2\/posts"}],"about":[{"href":"https:\/\/www.europesays.com\/fr\/wp-json\/wp\/v2\/types\/post"}],"author":[{"embeddable":true,"href":"https:\/\/www.europesays.com\/fr\/wp-json\/wp\/v2\/users\/2"}],"replies":[{"embeddable":true,"href":"https:\/\/www.europesays.com\/fr\/wp-json\/wp\/v2\/comments?post=581652"}],"version-history":[{"count":0,"href":"https:\/\/www.europesays.com\/fr\/wp-json\/wp\/v2\/posts\/581652\/revisions"}],"wp:featuredmedia":[{"embeddable":true,"href":"https:\/\/www.europesays.com\/fr\/wp-json\/wp\/v2\/media\/581653"}],"wp:attachment":[{"href":"https:\/\/www.europesays.com\/fr\/wp-json\/wp\/v2\/media?parent=581652"}],"wp:term":[{"taxonomy":"category","embeddable":true,"href":"https:\/\/www.europesays.com\/fr\/wp-json\/wp\/v2\/categories?post=581652"},{"taxonomy":"post_tag","embeddable":true,"href":"https:\/\/www.europesays.com\/fr\/wp-json\/wp\/v2\/tags?post=581652"}],"curies":[{"name":"wp","href":"https:\/\/api.w.org\/{rel}","templated":true}]}}