{"id":581658,"date":"2025-12-06T07:57:11","date_gmt":"2025-12-06T07:57:11","guid":{"rendered":"https:\/\/www.europesays.com\/fr\/581658\/"},"modified":"2025-12-06T07:57:11","modified_gmt":"2025-12-06T07:57:11","slug":"budget-2026-lassemblee-retablit-le-decalage-de-la-reforme-des-retraites-et-rejette-lannee-blanche-sur-les-prestations-liberation","status":"publish","type":"post","link":"https:\/\/www.europesays.com\/fr\/581658\/","title":{"rendered":"Budget 2026 : l\u2019Assembl\u00e9e r\u00e9tablit le d\u00e9calage de la r\u00e9forme des retraites, et rejette l\u2019ann\u00e9e blanche sur les prestations &#8211; Lib\u00e9ration"},"content":{"rendered":"<ol>\n<li><a href=\"https:\/\/news.google.com\/rss\/articles\/CBMizAFBVV95cUxQN21TMGx0X2ZiU3JyTXJLNTQzbUxCOTNPSlpTLVFxRS1LMnZZRnptdEhYeDR3YWgzNVNtNTRtUmlIRVkxdHFBempvOE9YREROcjdjajlRRTFHSXZnZEJMN0ZETlB6YVJCeXZXd1N1OTZGcXFvMHVtOUtpVUdGMlZPLW1NMlRORGlfU1F6Q3U5a1pRMVktMnNnZUNKUHRCSmQ3Rk1oM0ZWRXFjRmlfMGJtVXVQY3lqQVlIMlhRc2RFVlhmTE5Ub3loVnhoMUU?oc=5\" target=\"_blank\" rel=\"noopener\">Budget 2026 : l\u2019Assembl\u00e9e r\u00e9tablit le d\u00e9calage de la r\u00e9forme des retraites, et rejette l\u2019ann\u00e9e blanche sur les prestations<\/a>&nbsp;&nbsp;Lib\u00e9ration<\/li>\n<li><a href=\"https:\/\/news.google.com\/rss\/articles\/CBMikwJBVV95cUxOTms0VzJhSlJXcjFuRjAzbWMwam9ZMV96c0N5cFNuaHd1ZjBKV1pHQkVlbnhUc2dkR1N2N3FPOEgzZFdkOU1mSklXeFhnNTY4VzVPVlJjY3J6RDNocU5QRjA3TXZ0WE1zLXF0V3RlQWNKcFR0ZTNiOHgwWFM3a2hMLWJhZHBJQlhmdUdkM2V0blNhbmFoY2tKbGR1QU1SMWp4cGptc1dIMlZlMFlzbHVwRDd3MnA1bFRzYVBOUUtNQUtaMjZwMDNjLVVlaWdTR003NFBTeW41TmNCWDcxSTY0WUF3U3Z0SjNDQWNmYWloTVJFQ3BhMHR2a2FlS0ZlTWNSaHdsRlllM3JmYVRkdG1Ya2sxTQ?oc=5\" target=\"_blank\" rel=\"noopener\">\u00ab Si la trajectoire ne change pas, on votera contre \u00bb : les \u00e9cologistes durcissent le ton sur le budget de la S\u00e9cu<\/a>&nbsp;&nbsp;Le Parisien<\/li>\n<li><a href=\"https:\/\/news.google.com\/rss\/articles\/CBMiwAJBVV95cUxPZU5TYndDTWZoSG1nZE9rNWpldFV6QzlMQ1hMeXNFNkk2TVE5cFhpMHdsNUJBc3BIMnpFMHc2TWVpTGNCenJNSko5YnNiRUNzVldGX0RoTkNQeVhJMTAxWERmd1NLNGN0aWo2TnlEQ0I3cUpRa2lnYUJKaElGUm9OWTJjNnh3ZnNaSWx3SDlmWkU0NU9GbXRkVnRFMDlZT1R4cExUSkNxYjhGY0VFM2RNQ3lyQi1pUWZvYnc5d2QzRHlqTmRGb3pjMS1RT1JHd09ObkNUYWQzV0ZIMk9JUmRrdV84ZHhuUlRPZl81cHZsX19DYTd6Rng5M2ltX1paUjhwWEE0QzE5Wm51amlEalRZUW85c2RTdG9aOWlSNWlPeE9xOHFCbGUtQXZnc28wMHFkYy15cHpSLXduaXljdjJlcg?oc=5\" target=\"_blank\" rel=\"noopener\">Sans surprise, les d\u00e9put\u00e9s adoptent \u00e0 une large majorit\u00e9 la suspension de la r\u00e9forme des retraites mais on ne sait pas encore comment elle sera financ\u00e9e<\/a>&nbsp;&nbsp;BFM<\/li>\n<li><a href=\"https:\/\/news.google.com\/rss\/articles\/CBMikwJBVV95cUxQaFBMUEx6VGNaT29OTnoxR1ZzNWFIQ09IYWlCdlN2ZkhINVJ2VHZHQm80MnhlRkM4OXZhX2VpQzZQQzRxVHlmaF9mbE80RzBLZ0ZfVDU4OEFEOW5YNk1tUUJOSl83RWdsV3hqNXlzdE9uaUxQM3plLVdkV3BYLWM4Vm1MN0RmaktzR1lNWWFRbGNhS3N0SVBGdTIwdEY4ZnphOGROVk9Rd21CVC1JN3VzYTF2RGVTbHNpTm9QcXhxOXFOMmJwekU0NVMySGltaVFZbmV1QkEzMXdhVDdkT3dkZHI0dmV0XzlLeFVWV2stWkUyaWhGTlQtVXdodlNRbU4zR3lKaW52SlVYdkdFeU9QQXF2aw?oc=5\" target=\"_blank\" rel=\"noopener\">Budget de la \u00ab S\u00e9cu \u00bb : retrouvez le d\u00e9tail du vote par d\u00e9put\u00e9s de la partie \u00ab recettes \u00bb, adopt\u00e9e par l\u2019Assembl\u00e9e nationale<\/a>&nbsp;&nbsp;Le Monde.fr<\/li>\n<li><a href=\"https:\/\/news.google.com\/rss\/articles\/CBMiyAFBVV95cUxQd1B1dHQySHBVamZIS0JBaVpSaGN0V1psQVV0d0lYYnpVS2hvalBkVXZsRlNhTl94bHBBLWhybEp5WHpfRUhFUE53VmYxZHF2b1pDcVJyZ20tUmN4QkxsNHlmeDRheVJiRUFYQzRuMXlIQURWUzVUZWtQVmZmNFpvWnpRU0tmc2lJZ2xIQ3hPcEx2U19GMTJQMDl0VGstZ1F0OXlYRUZFc2ZGUElHaTdyVEtfTGV4SC1rb1RqX0o3TDRSWlBHMG9YTQ?oc=5\" target=\"_blank\" rel=\"noopener\">R\u00e9forme des retraites : supprim\u00e9e, maintenue\u2026 on vous explique o\u00f9 en sont les d\u00e9bats<\/a>&nbsp;&nbsp;ladepeche.fr<\/li>\n<\/ol>\n","protected":false},"excerpt":{"rendered":"Budget 2026 : l\u2019Assembl\u00e9e r\u00e9tablit le d\u00e9calage de la r\u00e9forme des retraites, et rejette l\u2019ann\u00e9e blanche sur les&hellip;\n","protected":false},"author":2,"featured_media":581659,"comment_status":"","ping_status":"","sticky":false,"template":"","format":"standard","meta":{"footnotes":""},"categories":[2],"tags":[11,1011,27,1227,12,25],"class_list":{"0":"post-581658","1":"post","2":"type-post","3":"status-publish","4":"format-standard","5":"has-post-thumbnail","7":"category-actualites","8":"tag-actualites","9":"tag-fr","10":"tag-france","11":"tag-horizontal","12":"tag-news","13":"tag-republique-francaise"},"share_on_mastodon":{"url":"https:\/\/pubeurope.com\/@fr\/115671560621696266","error":""},"_links":{"self":[{"href":"https:\/\/www.europesays.com\/fr\/wp-json\/wp\/v2\/posts\/581658","targetHints":{"allow":["GET"]}}],"collection":[{"href":"https:\/\/www.europesays.com\/fr\/wp-json\/wp\/v2\/posts"}],"about":[{"href":"https:\/\/www.europesays.com\/fr\/wp-json\/wp\/v2\/types\/post"}],"author":[{"embeddable":true,"href":"https:\/\/www.europesays.com\/fr\/wp-json\/wp\/v2\/users\/2"}],"replies":[{"embeddable":true,"href":"https:\/\/www.europesays.com\/fr\/wp-json\/wp\/v2\/comments?post=581658"}],"version-history":[{"count":0,"href":"https:\/\/www.europesays.com\/fr\/wp-json\/wp\/v2\/posts\/581658\/revisions"}],"wp:featuredmedia":[{"embeddable":true,"href":"https:\/\/www.europesays.com\/fr\/wp-json\/wp\/v2\/media\/581659"}],"wp:attachment":[{"href":"https:\/\/www.europesays.com\/fr\/wp-json\/wp\/v2\/media?parent=581658"}],"wp:term":[{"taxonomy":"category","embeddable":true,"href":"https:\/\/www.europesays.com\/fr\/wp-json\/wp\/v2\/categories?post=581658"},{"taxonomy":"post_tag","embeddable":true,"href":"https:\/\/www.europesays.com\/fr\/wp-json\/wp\/v2\/tags?post=581658"}],"curies":[{"name":"wp","href":"https:\/\/api.w.org\/{rel}","templated":true}]}}