{"id":58166,"date":"2025-04-28T02:03:07","date_gmt":"2025-04-28T02:03:07","guid":{"rendered":"https:\/\/www.europesays.com\/fr\/58166\/"},"modified":"2025-04-28T02:03:07","modified_gmt":"2025-04-28T02:03:07","slug":"lycee-musulman-averroes-au-coeur-de-la-debacle-judiciaire-xavier-bertrand-mediapart","status":"publish","type":"post","link":"https:\/\/www.europesays.com\/fr\/58166\/","title":{"rendered":"Lyc\u00e9e musulman Averro\u00e8s : au c\u0153ur de la d\u00e9b\u00e2cle judiciaire, Xavier Bertrand &#8211; Mediapart"},"content":{"rendered":"<ol>\n<li><a href=\"https:\/\/news.google.com\/rss\/articles\/CBMivAFBVV95cUxQMzI3QU9IY1dQYUtKOXNzNlVNcmNFSWxiYXlSRTNvNHc5dF9iaVNvaXgwazQyQUowMEpXdGdSVFNqa0I5dVdxNXBqajVDRldoSW1GSklaUG1LY0dCeDg1cTJ1SEhDXzFwMkcwZEl2ZjFvU3I3LUhhWFlJeWdnSnk2UkJkNVp0OEw3NUpuZmo3U3hicmQ1aUx6aUJGd1JBLUZWM3R4ZGJQeU84RUJEUHhhUUJXYlVkblJ1NEJVTg?oc=5\" target=\"_blank\" rel=\"noopener\">Lyc\u00e9e musulman Averro\u00e8s : au c\u0153ur de la d\u00e9b\u00e2cle judiciaire, Xavier Bertrand<\/a>&nbsp;&nbsp;Mediapart<\/li>\n<li><a href=\"https:\/\/news.google.com\/rss\/articles\/CBMi1gFBVV95cUxPbkxQRWdfb0VYa29VMVJrXzN4TFhBWktwQmZ3X1RuWXNuQ05saXRSMS1yaWVrUzZsSHFOMTFoWmg4cjBySDdaWnJ3NUQ4RngyemlDa0dUQzFsWTNHTkdMQ3VmS1g2WHlRaEdVNTRZRTRjSGtzV1VqbmQtV0RJNGZGMDRsZFVrZUNvS2RDTzJ5SEpJbWk2OFJIYXFQSnJjOVUtOXgtQ294S0dadzg2R1RXTTY4aGxzdmxHSE5wYW4wVmk5Z3FTbWJIRnZyWUdIdVAza0pMaDRn?oc=5\" target=\"_blank\" rel=\"noopener\">Lyc\u00e9e Averro\u00e8s : Florence Bergeaud-Blackler d\u00e9nonce la \u00abmain tremblante\u00bb de l\u2019\u00c9tat face aux Fr\u00e8res musulmans<\/a>&nbsp;&nbsp;lejdd.fr<\/li>\n<li><a href=\"https:\/\/news.google.com\/rss\/articles\/CBMi1gFBVV95cUxNWmRUQ3ZTWWNyamFxRXRjanU2RWdJVHhaYUdCem1RR1RadEZ3LTFBTm5uT1lJczU4RjJFRjRlYXZhZ20xUU1JRGtlc0VBcWRMcEFjS2doTHhXdGxhRDB4S2VlVUFpZ3Z0S2szanA5bFRhVlVFREF5Y3lzbEZ6WkFqOEdVYTRTc3pxMEhDY0VpQXZxcFl3dDVQX2tQSXNic1ZCdWdKb3NyZk53Y2RaM28zUUt2c05YaTlSWGhQUFRMTm9sUV81T1QwcFJqVElGZWhIVjludVJB?oc=5\" target=\"_blank\" rel=\"noopener\">Le lyc\u00e9e musulman Averro\u00e8s est un \u00abbastion de l\u2019entrisme islamiste\u00bb, accuse Bruno Retailleau<\/a>&nbsp;&nbsp;Le Figaro<\/li>\n<li><a href=\"https:\/\/news.google.com\/rss\/articles\/CBMi2gFBVV95cUxORl9FdUl1WXAwR2xKamV3clU4SVhfaGRmcjBEdE95XzJrVVUyX3RDZFdzN3ZCNGpYLU9iSHN5MmpLX3Jnb3FjRHAtTHIxVWlnOEFhaW03U2pyckhrR3lmbEcyOXVCX014RmhBOVR6TWJvNTU1bkcwMFBsOGdTV2pZN01OMmJSSU9reGF1Unlidjl0ZlJzM3FzZEhIbU1qWXk2V2JIcW4zLW92S2NsSDJQZUF5eE9Vd0U5QmxSekN0NTYycHFTZFhRVTVFOGxycVltbEZJd2FxVkVGdw?oc=5\" target=\"_blank\" rel=\"noopener\">S\u00e9v\u00e8re avec Averro\u00e8s, cool avec B\u00e9tharram : Bruno Retailleau en croisade<\/a>&nbsp;&nbsp;Lib\u00e9ration<\/li>\n<li><a href=\"https:\/\/news.google.com\/rss\/articles\/CBMi6wFBVV95cUxQbG9IRTZtZUhVVE5PWmZCdDV6RC0xLVNuaVg2V0x3Y0h5b1I1WVlKamZ2Q29mblNlbzRISExoM1ktd2paTjhTQy1mYnIybkQ1VTJxcy1oNEpZcThZVkIyb0N6TTd6OExIUmljV2I3VHFldERCYXpVTnlWeHViSGwtTXd3M1plREF2SVpZS25TYXNqLWhNTmlWeUxSWnBidlhqMHZGMGE3WlNPLWtDRUEwR2RBdUp1YnhtcVBrOGlBVzNBeDlSbmdNMU9XRlNySzVvWDNMbjBkSVZWRHh5eG1sTFcwOVptb0ZDeGlB?oc=5\" target=\"_blank\" rel=\"noopener\">Lyc\u00e9e Averro\u00e8s, gifle \u00e0 la gare, m\u00e9tro\u2026 10 infos qui ont marqu\u00e9 la semaine du 21 au 27 avril \u00e0 Lille<\/a>&nbsp;&nbsp;Actu.fr<\/li>\n<\/ol>\n","protected":false},"excerpt":{"rendered":"Lyc\u00e9e musulman Averro\u00e8s : au c\u0153ur de la d\u00e9b\u00e2cle judiciaire, Xavier Bertrand&nbsp;&nbsp;Mediapart Lyc\u00e9e Averro\u00e8s : Florence Bergeaud-Blackler d\u00e9nonce&hellip;\n","protected":false},"author":2,"featured_media":58167,"comment_status":"","ping_status":"","sticky":false,"template":"","format":"standard","meta":{"footnotes":""},"categories":[4],"tags":[11,6268,15429,1011,27,811,6269,15430,12,25,15431],"class_list":{"0":"post-58166","1":"post","2":"type-post","3":"status-publish","4":"format-standard","5":"has-post-thumbnail","7":"category-france","8":"tag-actualites","9":"tag-education-et-enseignement-superieur","10":"tag-enseignement-prive","11":"tag-fr","12":"tag-france","13":"tag-hauts-de-france","14":"tag-islamophobie","15":"tag-laicite","16":"tag-news","17":"tag-republique-francaise","18":"tag-xavier-bertrand"},"share_on_mastodon":{"url":"https:\/\/pubeurope.com\/@fr\/114413135684544508","error":""},"_links":{"self":[{"href":"https:\/\/www.europesays.com\/fr\/wp-json\/wp\/v2\/posts\/58166","targetHints":{"allow":["GET"]}}],"collection":[{"href":"https:\/\/www.europesays.com\/fr\/wp-json\/wp\/v2\/posts"}],"about":[{"href":"https:\/\/www.europesays.com\/fr\/wp-json\/wp\/v2\/types\/post"}],"author":[{"embeddable":true,"href":"https:\/\/www.europesays.com\/fr\/wp-json\/wp\/v2\/users\/2"}],"replies":[{"embeddable":true,"href":"https:\/\/www.europesays.com\/fr\/wp-json\/wp\/v2\/comments?post=58166"}],"version-history":[{"count":0,"href":"https:\/\/www.europesays.com\/fr\/wp-json\/wp\/v2\/posts\/58166\/revisions"}],"wp:featuredmedia":[{"embeddable":true,"href":"https:\/\/www.europesays.com\/fr\/wp-json\/wp\/v2\/media\/58167"}],"wp:attachment":[{"href":"https:\/\/www.europesays.com\/fr\/wp-json\/wp\/v2\/media?parent=58166"}],"wp:term":[{"taxonomy":"category","embeddable":true,"href":"https:\/\/www.europesays.com\/fr\/wp-json\/wp\/v2\/categories?post=58166"},{"taxonomy":"post_tag","embeddable":true,"href":"https:\/\/www.europesays.com\/fr\/wp-json\/wp\/v2\/tags?post=58166"}],"curies":[{"name":"wp","href":"https:\/\/api.w.org\/{rel}","templated":true}]}}