{"id":581662,"date":"2025-12-06T07:59:12","date_gmt":"2025-12-06T07:59:12","guid":{"rendered":"https:\/\/www.europesays.com\/fr\/581662\/"},"modified":"2025-12-06T07:59:12","modified_gmt":"2025-12-06T07:59:12","slug":"argentine-france-en-direct-a-quelle-heure-et-sur-quelle-chaine-voir-le-match-de-handball","status":"publish","type":"post","link":"https:\/\/www.europesays.com\/fr\/581662\/","title":{"rendered":"Argentine &#8211; France en direct : \u00e0 quelle heure et sur quelle cha\u00eene voir le match de handball ?"},"content":{"rendered":"<p class=\"paragraph text_align_left lp-f-body-02\">Ce samedi soir, ne manquez pas le <a href=\"https:\/\/ad.doubleclick.net\/ddm\/trackclk\/N6600.145219.LEPARISIEN.FR\/B32944843.412602257;dc_trk_aid=604786717;dc_trk_cid=228480032;dc_lat=;dc_rdid=;tag_for_child_directed_treatment=;tfua=;gdpr=${GDPR};gdpr_consent=${GDPR_CONSENT_755};ltd=;dc_tdv=1\" target=\"_blank\" rel=\"sponsored noopener\">choc Argentine \u2013 France<\/a>, l\u2019une des affiches les plus importantes du parcours des Bleues dans le mondial. Les joueuses de S\u00e9bastien Gardillou se sont qualifi\u00e9es pour le tour principal en terminant premi\u00e8res du groupe F, devant la Pologne et la Tunisie. Invaincue, l\u2019\u00e9quipe de France a ensuite int\u00e9gr\u00e9 le groupe III, aux c\u00f4t\u00e9s des Pays-Bas, de la Pologne, de l\u2019Autriche, de l\u2019Argentine et de la Tunisie. Lors du premier match du tour principal, les co\u00e9quipi\u00e8res de Pauletta Foppa ont renvers\u00e9 les Autrichiennes sur un score final de 29 \u00e0 17. Les tenantes du titre ont donc pris la t\u00eate du classement avec six points au compteur. \u00c0 \u00e9galit\u00e9 avec les N\u00e9erlandaises, les Bleues doivent imp\u00e9rativement vaincre les Argentines pour assurer leur place en quarts de finale. De son c\u00f4t\u00e9, l\u2019Argentine occupe la quatri\u00e8me place du groupe avec deux points. Apr\u00e8s avoir termin\u00e9 \u00e0 la troisi\u00e8me position du groupe E, les Argentines ont \u00e9t\u00e9 battues par les Polonaises (25-28). En position d\u2019\u00e9limination, l\u2019Argentine n\u2019a pas d\u2019autre choix que de d\u00e9crocher deux victoires cons\u00e9cutives contre la France et la Tunisie pour pr\u00e9tendre \u00e0 une qualification en phase finale. Dans ces lignes on vous dit \u00e0 quelle heure et sur quelle cha\u00eene suivre le match Argentine \u2013 France en direct ce samedi soir.<\/p>\n<p class=\"paragraph text_align_left lp-f-body-02\"><b>Le match qui oppose l\u2019Argentine et la France est diffus\u00e9 ce samedi 6 d\u00e9cembre en direct sur les cha\u00eenes TFX et <\/b><a href=\"https:\/\/ad.doubleclick.net\/ddm\/trackclk\/N6600.145219.LEPARISIEN.FR\/B32944843.412602257;dc_trk_aid=604786717;dc_trk_cid=228480032;dc_lat=;dc_rdid=;tag_for_child_directed_treatment=;tfua=;gdpr=${GDPR};gdpr_consent=${GDPR_CONSENT_755};ltd=;dc_tdv=1\" target=\"_blank\" rel=\"sponsored noopener\"><b>beIN SPORTS 3<\/b><\/a><b>. Le coup d\u2019envoi de la rencontre est pr\u00e9vu \u00e0 18h.<\/b> La confrontation aura lieu \u00e0 la salle omnisports Rotterdam Ahoy.<\/p>\n","protected":false},"excerpt":{"rendered":"Ce samedi soir, ne manquez pas le choc Argentine \u2013 France, l\u2019une des affiches les plus importantes du&hellip;\n","protected":false},"author":2,"featured_media":581663,"comment_status":"","ping_status":"","sticky":false,"template":"","format":"standard","meta":{"footnotes":""},"categories":[4],"tags":[11,69551,1011,27,749,1792,12,25,6718],"class_list":{"0":"post-581662","1":"post","2":"type-post","3":"status-publish","4":"format-standard","5":"has-post-thumbnail","7":"category-france","8":"tag-actualites","9":"tag-argentine-france","10":"tag-fr","11":"tag-france","12":"tag-guide-shopping","13":"tag-handball","14":"tag-news","15":"tag-republique-francaise","16":"tag-tv-streaming"},"share_on_mastodon":{"url":"https:\/\/pubeurope.com\/@fr\/115671568731291137","error":""},"_links":{"self":[{"href":"https:\/\/www.europesays.com\/fr\/wp-json\/wp\/v2\/posts\/581662","targetHints":{"allow":["GET"]}}],"collection":[{"href":"https:\/\/www.europesays.com\/fr\/wp-json\/wp\/v2\/posts"}],"about":[{"href":"https:\/\/www.europesays.com\/fr\/wp-json\/wp\/v2\/types\/post"}],"author":[{"embeddable":true,"href":"https:\/\/www.europesays.com\/fr\/wp-json\/wp\/v2\/users\/2"}],"replies":[{"embeddable":true,"href":"https:\/\/www.europesays.com\/fr\/wp-json\/wp\/v2\/comments?post=581662"}],"version-history":[{"count":0,"href":"https:\/\/www.europesays.com\/fr\/wp-json\/wp\/v2\/posts\/581662\/revisions"}],"wp:featuredmedia":[{"embeddable":true,"href":"https:\/\/www.europesays.com\/fr\/wp-json\/wp\/v2\/media\/581663"}],"wp:attachment":[{"href":"https:\/\/www.europesays.com\/fr\/wp-json\/wp\/v2\/media?parent=581662"}],"wp:term":[{"taxonomy":"category","embeddable":true,"href":"https:\/\/www.europesays.com\/fr\/wp-json\/wp\/v2\/categories?post=581662"},{"taxonomy":"post_tag","embeddable":true,"href":"https:\/\/www.europesays.com\/fr\/wp-json\/wp\/v2\/tags?post=581662"}],"curies":[{"name":"wp","href":"https:\/\/api.w.org\/{rel}","templated":true}]}}