{"id":581668,"date":"2025-12-06T08:07:13","date_gmt":"2025-12-06T08:07:13","guid":{"rendered":"https:\/\/www.europesays.com\/fr\/581668\/"},"modified":"2025-12-06T08:07:13","modified_gmt":"2025-12-06T08:07:13","slug":"le-cauchemar-quotidien-de-la-cycliste-americaine-veronica-ewers-qui-annonce-mettre-fin-a-sa-carriere","status":"publish","type":"post","link":"https:\/\/www.europesays.com\/fr\/581668\/","title":{"rendered":"le cauchemar quotidien de la cycliste am\u00e9ricaine Veronica Ewers, qui annonce mettre fin \u00e0 sa carri\u00e8re"},"content":{"rendered":"<p>                             Par L\u00e9a Mabilon<\/p>\n<p>                Le 6 d\u00e9cembre 2025 \u00e0 07h00<\/p>\n<p>                                    <img decoding=\"async\" src=\"https:\/\/www.europesays.com\/fr\/wp-content\/uploads\/2025\/12\/28ec4cf7750fbeea7070af1b0ef53786cddb5246b0fbb8382c12f512b61f2969.jpg\" alt=\"Giro d'Italie: Julian Alaphilippe sur le podium apr\u00e8s un an de difficult\u00e9s\" class=\"a11y-hidden\" fetchpriority=\"high\"\/><\/p>\n<p>\n    Atteinte du syndrome Red-S, l\u2019Am\u00e9ricaine se dit lasse de courir derri\u00e8re des performances qui lui \u00e9chappent. \u00abJe suis fatigu\u00e9e d\u2019\u00eatre m\u00e9diocre\u00bb, a-t-elle d\u00e9clar\u00e9 sur ses r\u00e9seaux sociaux, r\u00e9v\u00e9lant ses probl\u00e8mes de sant\u00e9.<\/p>\n<p class=\"fig-paragraph\">Ils lui ont r\u00e9pondu en ch\u0153ur\u00a0: \u00abNous sommes tous avec toi.\u00bb Ce mercredi 3 d\u00e9cembre,\u00a0<a href=\"http:\/\/madame.lefigaro.fr\/celebrites\/actu-people\/qui-est-dylan-van-baarle-cycliste-neerlandais-et-compagnon-de-pauline-ferrand-prevot-20250804\" data-fig-type=\"Article\" data-gtm-custom-categorie=\"navigation\" data-gtm-custom-action=\"crossclick\" data-gtm-custom-label=\"Contextuel\" data-gtm-event=\"customEventSPE\" data-fig-domain=\"MADAME\" target=\"_blank\" rel=\"noopener\">Veronica Ewers<\/a>\u00a0a annonc\u00e9 officiellement \u00e0 ses 11.000 abonn\u00e9s qu\u2019elle suspendait sa carri\u00e8re pour une dur\u00e9e ind\u00e9termin\u00e9e. \u00c0 seulement 31 ans, la cycliste am\u00e9ricaine, quatri\u00e8me du Tour d\u2019Italie 2023, a choisi de mettre son parcours professionnel entre parenth\u00e8ses. \u00abJ\u2019ai \u00e9t\u00e9 confront\u00e9e \u00e0 deux options\u00a0: continuer comme si de rien n\u2019\u00e9tait ou me concentrer sur une r\u00e9cup\u00e9ration compl\u00e8te\u00bb, a-t-elle expliqu\u00e9 dans sa publication.<\/p>\n<p class=\"fig-paragraph\">Cela fait en r\u00e9alit\u00e9 plus de dix ans qu\u2019elle vit avec le Red-S, un syndrome de d\u00e9ficit \u00e9nerg\u00e9tique aux effets lourds. \u00abJe n\u2019ai plus mes r\u00e8gles depuis 2014. J\u2019ai les os fragiles. Mon syst\u00e8me digestif est catastrophique\u00bb, d\u00e9taille-t-elle, \u00e9voquant une situation devenue impossible \u00e0 ignorer. Dans le m\u00eame message, elle officialise son d\u00e9part de l\u2019\u00e9quipe EF Education-Oatly.<\/p>\n<p>                                                                \u00abEssayer de performer\u00bb<\/p>\n<p>                                                                <a class=\"fig-a11y-skip\" href=\"#fig-a11y-skip-main-inarticle\" data-module=\"a11y-skip\" data-context=\"was @visible\"><br \/>\n    Passer la publicit\u00e9<br \/>\n<\/a>            <\/p>\n<p class=\"fig-paragraph\">Elle assure \u00e9galement avoir d\u00e9j\u00e0 tent\u00e9, en 2024, de ralentir le rythme et de se r\u00e9tablir au gr\u00e9 d\u2019une demi-saison mise entre parenth\u00e8ses, mais sans grandes am\u00e9liorations. \u00abL\u2019\u00e9quipe m\u2019a donn\u00e9 le temps de r\u00e9cup\u00e9rer mais malheureusement, cela n\u2019a pas \u00e9t\u00e9 suffisant pour que mon corps gu\u00e9risse compl\u00e8tement. Il est maintenant temps de me concentrer sur ma sant\u00e9, afin de pouvoir revenir un jour \u00e0 mon plus haut niveau dans un corps enti\u00e8rement fonctionnel\u00bb, \u00e9crit-elle<\/p>\n<p>                                                                \u00abFatigu\u00e9e d\u2019\u00eatre m\u00e9diocre\u00bb<\/p>\n<p class=\"fig-paragraph\">Depuis plusieurs semaines, elle dit donc avoir accept\u00e9 l\u2019id\u00e9e d\u2019une \u00abremise \u00e0 z\u00e9ro compl\u00e8te\u00bb. \u00abJe suis fatigu\u00e9e d\u2019\u00eatre m\u00e9diocre. Et surtout, je veux pouvoir faire de la randonn\u00e9e, du v\u00e9lo, de la course \u00e0 pied quand je serai plus vieille\u00bb, confie-t-elle, \u00e9voquant son d\u00e9sir de pouvoir se projeter dans l\u2019avenir.<\/p>\n<p class=\"fig-paragraph\">Veronica Ewers a enfin tenu \u00e0 remercier son \u00e9quipe, l\u2019EF Education-Oatly, pour tout le soutien\u00a0: \u00abMerci pour la coop\u00e9ration, la compr\u00e9hension et le soutien. Mon but est de revenir finalement et de montrer au monde ce dont je suis capable dans un corps fonctionnel. Pour l\u2019instant je vais me concentrer sur la r\u00e9cup\u00e9ration.\u00bb Enfin, pour ceux qui souhaiteraient comprendre cette d\u00e9cision plus profond\u00e9ment, Veronica Ewers a invit\u00e9 ses abonn\u00e9s \u00e0 poursuivre la lecture \u00abde (son) histoire tr\u00e8s brute\u00bb, dans un long texte publi\u00e9 sur sa page\u00a0<a href=\"https:\/\/vkewers.substack.com\/?utm_source=ig&amp;utm_medium=social&amp;utm_content=link_in_bio&amp;fbclid=PAZXh0bgNhZW0CMTEAc3J0YwZhcHBfaWQMMjU2MjgxMDQwNTU4AAGnfvMrhwdXQjqLRYGlcB29itEBV0DitrY4Z0MOR7C2Mfvxob_Nt6ppukcA9kw_aem_0cOw5WASRVlOIzdyp1jSuQ\" target=\"_blank\" rel=\"sponsored noopener\" data-gtm-custom-categorie=\"navigation\" data-gtm-custom-action=\"crossclick\" data-gtm-custom-label=\"Contextuel\" data-gtm-event=\"customEventSPE\">Substack<\/a>.<\/p>\n","protected":false},"excerpt":{"rendered":"Par L\u00e9a Mabilon Le 6 d\u00e9cembre 2025 \u00e0 07h00 Atteinte du syndrome Red-S, l\u2019Am\u00e9ricaine se dit lasse de&hellip;\n","protected":false},"author":2,"featured_media":581669,"comment_status":"","ping_status":"","sticky":false,"template":"","format":"standard","meta":{"footnotes":""},"categories":[1411],"tags":[1154,207,1011,27,3669,60],"class_list":{"0":"post-581668","1":"post","2":"type-post","3":"status-publish","4":"format-standard","5":"has-post-thumbnail","7":"category-cyclisme","8":"tag-cycling","9":"tag-cyclisme","10":"tag-fr","11":"tag-france","12":"tag-regles","13":"tag-sports"},"share_on_mastodon":{"url":"https:\/\/pubeurope.com\/@fr\/115671600667878693","error":""},"_links":{"self":[{"href":"https:\/\/www.europesays.com\/fr\/wp-json\/wp\/v2\/posts\/581668","targetHints":{"allow":["GET"]}}],"collection":[{"href":"https:\/\/www.europesays.com\/fr\/wp-json\/wp\/v2\/posts"}],"about":[{"href":"https:\/\/www.europesays.com\/fr\/wp-json\/wp\/v2\/types\/post"}],"author":[{"embeddable":true,"href":"https:\/\/www.europesays.com\/fr\/wp-json\/wp\/v2\/users\/2"}],"replies":[{"embeddable":true,"href":"https:\/\/www.europesays.com\/fr\/wp-json\/wp\/v2\/comments?post=581668"}],"version-history":[{"count":0,"href":"https:\/\/www.europesays.com\/fr\/wp-json\/wp\/v2\/posts\/581668\/revisions"}],"wp:featuredmedia":[{"embeddable":true,"href":"https:\/\/www.europesays.com\/fr\/wp-json\/wp\/v2\/media\/581669"}],"wp:attachment":[{"href":"https:\/\/www.europesays.com\/fr\/wp-json\/wp\/v2\/media?parent=581668"}],"wp:term":[{"taxonomy":"category","embeddable":true,"href":"https:\/\/www.europesays.com\/fr\/wp-json\/wp\/v2\/categories?post=581668"},{"taxonomy":"post_tag","embeddable":true,"href":"https:\/\/www.europesays.com\/fr\/wp-json\/wp\/v2\/tags?post=581668"}],"curies":[{"name":"wp","href":"https:\/\/api.w.org\/{rel}","templated":true}]}}