{"id":581670,"date":"2025-12-06T08:08:11","date_gmt":"2025-12-06T08:08:11","guid":{"rendered":"https:\/\/www.europesays.com\/fr\/581670\/"},"modified":"2025-12-06T08:08:11","modified_gmt":"2025-12-06T08:08:11","slug":"asse-le-groupe-pour-dunkerque-est-tombe-avec-une-absence-surprise","status":"publish","type":"post","link":"https:\/\/www.europesays.com\/fr\/581670\/","title":{"rendered":"ASSE\u00a0: le groupe pour Dunkerque est tomb\u00e9, avec une absence surprise"},"content":{"rendered":"<p><strong>Eirik Horneland vient de communiquer son groupe pour le d\u00e9placement de l\u2019ASSE \u00e0 Dunkerque samedi soir.<\/strong><\/p>\n<p>L\u2019ASSE se d\u00e9place samedi soir \u00e0 Dunkerque o\u00f9 le stade devrait afficher complet, comme toujours ou presque lorsque les Verts se d\u00e9placent.<\/p>\n<p><strong>Ferreira absent<\/strong><\/p>\n<p>Par rapport au dernier match de Coupe de France remport\u00e9 face aux amateurs d\u2019Ecotay-Moingt (11-1), Eirik Horneland enregistre comme pr\u00e9vu les retours de Zuriko Davitashvili et de Joshua Duffus. En revanche, Joao Ferreira est absent. Une surprise, le lat\u00e9ral portugais s\u2019\u00e9tant entra\u00een\u00e9 normalement ces derniers jours. A noter que les jeunes Eymard et Pedro sont dans le groupe, tout comme El Jamali et Gadegbeku. Stassin est toujours absent tout comme Lamba dont le retour ne devrait pas intervenir avant No\u00ebl.<\/p>\n","protected":false},"excerpt":{"rendered":"Eirik Horneland vient de communiquer son groupe pour le d\u00e9placement de l\u2019ASSE \u00e0 Dunkerque samedi soir. L\u2019ASSE se&hellip;\n","protected":false},"author":2,"featured_media":581671,"comment_status":"","ping_status":"","sticky":false,"template":"","format":"standard","meta":{"footnotes":""},"categories":[1410],"tags":[11,448,63,1011,27,66,3388,12,60,10662],"class_list":{"0":"post-581670","1":"post","2":"type-post","3":"status-publish","4":"format-standard","5":"has-post-thumbnail","7":"category-football","8":"tag-actualites","9":"tag-champions-league","10":"tag-football","11":"tag-fr","12":"tag-france","13":"tag-ligue-1","14":"tag-matchs","15":"tag-news","16":"tag-sports","17":"tag-transferts"},"share_on_mastodon":{"url":"https:\/\/pubeurope.com\/@fr\/115671603868382493","error":""},"_links":{"self":[{"href":"https:\/\/www.europesays.com\/fr\/wp-json\/wp\/v2\/posts\/581670","targetHints":{"allow":["GET"]}}],"collection":[{"href":"https:\/\/www.europesays.com\/fr\/wp-json\/wp\/v2\/posts"}],"about":[{"href":"https:\/\/www.europesays.com\/fr\/wp-json\/wp\/v2\/types\/post"}],"author":[{"embeddable":true,"href":"https:\/\/www.europesays.com\/fr\/wp-json\/wp\/v2\/users\/2"}],"replies":[{"embeddable":true,"href":"https:\/\/www.europesays.com\/fr\/wp-json\/wp\/v2\/comments?post=581670"}],"version-history":[{"count":0,"href":"https:\/\/www.europesays.com\/fr\/wp-json\/wp\/v2\/posts\/581670\/revisions"}],"wp:featuredmedia":[{"embeddable":true,"href":"https:\/\/www.europesays.com\/fr\/wp-json\/wp\/v2\/media\/581671"}],"wp:attachment":[{"href":"https:\/\/www.europesays.com\/fr\/wp-json\/wp\/v2\/media?parent=581670"}],"wp:term":[{"taxonomy":"category","embeddable":true,"href":"https:\/\/www.europesays.com\/fr\/wp-json\/wp\/v2\/categories?post=581670"},{"taxonomy":"post_tag","embeddable":true,"href":"https:\/\/www.europesays.com\/fr\/wp-json\/wp\/v2\/tags?post=581670"}],"curies":[{"name":"wp","href":"https:\/\/api.w.org\/{rel}","templated":true}]}}