{"id":581672,"date":"2025-12-06T08:09:16","date_gmt":"2025-12-06T08:09:16","guid":{"rendered":"https:\/\/www.europesays.com\/fr\/581672\/"},"modified":"2025-12-06T08:09:16","modified_gmt":"2025-12-06T08:09:16","slug":"frank-gehry-lune-des-rares-superstars-de-larchitecture-actualites","status":"publish","type":"post","link":"https:\/\/www.europesays.com\/fr\/581672\/","title":{"rendered":"Frank Gehry, l&rsquo;une des rares superstars de l&rsquo;architecture : Actualit\u00e9s"},"content":{"rendered":"<p class=\"lead \">L&rsquo;architecte am\u00e9ricano-canadien Frank Gehry, d\u00e9c\u00e9d\u00e9 vendredi \u00e0 l&rsquo;\u00e2ge de 96 ans, est l&rsquo;un des rares de sa profession \u00e0 s&rsquo;\u00eatre hiss\u00e9 au rang de superstar, gr\u00e2ce \u00e0 des b\u00e2timents tels que le mus\u00e9e Guggenheim de Bilbao en Espagne ou le Walt Disney Concert Hall \u00e0 Los Angeles. <\/p>\n<p class=\"lead \">Les oeuvres phares de Gehry t\u00e9moignent de son audace et de son g\u00e9nie artistique, qui ont marqu\u00e9, voire r\u00e9volutionn\u00e9, l&rsquo;histoire de l&rsquo;architecture.<\/p>\n<p class=\"lead \">Avec ses projets, Frank Gehry brouille la fronti\u00e8re entre architecture et art. Novateur, il \u00e9branle le monde de l&rsquo;architecture contemporaine et popularise la profession.<\/p>\n<p class=\"lead \">Frank Owen Goldberg, de son vrai nom, na\u00eet \u00e0 Toronto le 28 f\u00e9vrier 1929 dans une famille d&rsquo;origine juive, qui d\u00e9m\u00e9nage aux \u00c9tats-Unis \u00e0 la fin des ann\u00e9es 40.<\/p>\n<p class=\"lead \">Bien avant qu&rsquo;il n&rsquo;ait son propre personnage dans un \u00e9pisode de la s\u00e9rie \u00ab\u00a0Les Simpson\u00a0\u00bb, il se lance \u00e0 Los Angeles dans des \u00e9tudes d&rsquo;architecture \u00e0 l&rsquo;Universit\u00e9 de Californie du Sud. <\/p>\n<p class=\"lead \">Il obtient son dipl\u00f4me en 1954 et change vers la m\u00eame \u00e9poque son nom en Gehry pour se prot\u00e9ger de l&rsquo;antis\u00e9mitisme. Par la suite, il s&rsquo;enr\u00f4le dans l&rsquo;arm\u00e9e am\u00e9ricaine, tout en \u00e9tudiant l&rsquo;urbanisme \u00e0 l&rsquo;universit\u00e9 Harvard.<\/p>\n<p class=\"lead \">Sa carri\u00e8re commence notamment dans les bureaux de l&rsquo;architecte Victor Gruen, l&rsquo;inventeur des galeries commerciales \u00e0 Los Angeles. Puis se poursuit par un s\u00e9jour \u00e0 Paris pour travailler chez Andr\u00e9 Remondet. <\/p>\n<p class=\"lead \">De retour en Californie, il ouvre au d\u00e9but des ann\u00e9es 1960 son propre cabinet.<\/p>\n<p class=\"lead \">Les ann\u00e9es 70 et 80 marquent pour lui le d\u00e9but d&rsquo;une longue s\u00e9rie de r\u00e9alisations architecturales audacieuses et innovantes. Tr\u00e8s proche de l&rsquo;avant-garde californienne, il invente de nouveaux principes d&rsquo;\u00e9criture architecturale et explore les techniques de mod\u00e9lisation par ordinateur qui vont occuper une grande place dans son travail.<\/p>\n<p class=\"lead \">L\u2019oeuvre la plus c\u00e9l\u00e8bre de cette \u00e9poque est sans doute sa propre maison \u00e0 Santa Monica (Californie). Sa demeure incarne bien la cr\u00e9ativit\u00e9 de Gehry: les mat\u00e9riaux y sont d\u00e9tourn\u00e9s de leur usage traditionnel pour \u00eatre sublim\u00e9s. Comme par exemple des cl\u00f4tures grillag\u00e9es en fer tr\u00f4nant sur le toit de la maison.<\/p>\n<p class=\"lead \">&#8211; Bilbao, toujours plus haut &#8211;<\/p>\n<p class=\"lead \">En 1989, il re\u00e7oit la plus haute distinction architecturale, le prix Pritzker.<\/p>\n<p class=\"lead \">Trois ans avant la fin du si\u00e8cle, le r\u00e9volutionnaire mus\u00e9e Guggenheim Bilbao est inaugur\u00e9 en Espagne, lui apportant une cons\u00e9cration mondiale.<\/p>\n<p class=\"lead \">L\u2019oeuvre \u00e0 la forme ondul\u00e9e telle un poisson, signature de l&rsquo;architecte, est faite de roche calcaire, de verre et de courbes en titane qui refl\u00e8tent la lumi\u00e8re et l&rsquo;avant-gardisme de Gehry. <\/p>\n<p class=\"lead \">Pour son confr\u00e8re am\u00e9ricain Philip Johnson, il s&rsquo;agit du \u00ab\u00a0plus important \u00e9difice de notre temps\u00a0\u00bb. <\/p>\n<p class=\"lead \">Ce monument insufflera un vent de renouveau dans la ville espagnole en crise, attirant les touristes du monde entier. Si bien que l&rsquo;expression \u00ab\u00a0effet Bilbao\u00a0\u00bb d\u00e9signe maintenant les oeuvres architecturales qui contribuent \u00e0 la revitalisation urbaine. <\/p>\n<p class=\"lead \">S&rsquo;encha\u00eenent ensuite des projets toujours plus spectaculaires et audacieux pour Gehry: le Walt Disney Concert Hall \u00e0 Los Angeles (2003), le gratte-ciel 8 Spruce Street \u00e0 New York (2011), la Fondation Louis Vuitton \u00e0 Paris (2014)&#8230;<\/p>\n<p class=\"lead \">En 2018, il termine la construction des nouveaux quartiers g\u00e9n\u00e9raux de Facebook dans la Silicon Valley.<\/p>\n<p class=\"lead \">&#8211; Architecte num\u00e9rique &#8211;<\/p>\n<p class=\"lead \">Les conceptions de Frank Gehry sont d&rsquo;une complexit\u00e9 sans pr\u00e9c\u00e9dent, rendues possibles par une utilisation massive du calcul informatique.<\/p>\n<p class=\"lead \">Longtemps, les formes arrondies, incurv\u00e9es, les ellipses et les cercles ont \u00e9t\u00e9 tax\u00e9s d&rsquo;h\u00e9r\u00e9sie en architecture, accus\u00e9s de briser l&rsquo;harmonie, d&rsquo;augmenter les co\u00fbts de construction, de poser des probl\u00e8mes sans fin aux ing\u00e9nieurs.<\/p>\n<p class=\"lead \">Frank Gehry utilise la flexibilit\u00e9 de la simulation num\u00e9rique, jusqu&rsquo;\u00e0 remettre en cause les rep\u00e8res classiques d&rsquo;un \u00e9difice comme la fa\u00e7ade ou la couverture.<\/p>\n<p class=\"lead \">Il atteint sans doute les limites de sa d\u00e9marche avec la clinique Lou Ruvo (2010) de Cleveland, aux Etats-Unis, o\u00f9 fa\u00e7ades et fen\u00eatres semblent s&rsquo;effondrer en de multiples circonvolutions.<\/p>\n<p class=\"lead \">Un projet qui ne manque pas d&rsquo;humour &#8211; tr\u00e8s pr\u00e9sent dans son oeuvre &#8211; pour une clinique sp\u00e9cialis\u00e9e dans les maladies neurov\u00e9g\u00e9tatives.<\/p>\n<p class=\"small font-weight-bold text-gray3 \"> publi\u00e9 le 5 d\u00e9cembre \u00e0 21h22, AFP<\/p>\n<p>                             Partager<\/p>\n","protected":false},"excerpt":{"rendered":"L&rsquo;architecte am\u00e9ricano-canadien Frank Gehry, d\u00e9c\u00e9d\u00e9 vendredi \u00e0 l&rsquo;\u00e2ge de 96 ans, est l&rsquo;un des rares de sa profession&hellip;\n","protected":false},"author":2,"featured_media":581673,"comment_status":"","ping_status":"","sticky":false,"template":"","format":"standard","meta":{"footnotes":""},"categories":[1359],"tags":[1350,574,251,58,59,1011,27,973,308],"class_list":{"0":"post-581672","1":"post","2":"type-post","3":"status-publish","4":"format-standard","5":"has-post-thumbnail","7":"category-people","8":"tag-architecture","9":"tag-canada","10":"tag-culture","11":"tag-divertissement","12":"tag-entertainment","13":"tag-fr","14":"tag-france","15":"tag-people","16":"tag-usa"},"share_on_mastodon":{"url":"https:\/\/pubeurope.com\/@fr\/115671607868450186","error":""},"_links":{"self":[{"href":"https:\/\/www.europesays.com\/fr\/wp-json\/wp\/v2\/posts\/581672","targetHints":{"allow":["GET"]}}],"collection":[{"href":"https:\/\/www.europesays.com\/fr\/wp-json\/wp\/v2\/posts"}],"about":[{"href":"https:\/\/www.europesays.com\/fr\/wp-json\/wp\/v2\/types\/post"}],"author":[{"embeddable":true,"href":"https:\/\/www.europesays.com\/fr\/wp-json\/wp\/v2\/users\/2"}],"replies":[{"embeddable":true,"href":"https:\/\/www.europesays.com\/fr\/wp-json\/wp\/v2\/comments?post=581672"}],"version-history":[{"count":0,"href":"https:\/\/www.europesays.com\/fr\/wp-json\/wp\/v2\/posts\/581672\/revisions"}],"wp:featuredmedia":[{"embeddable":true,"href":"https:\/\/www.europesays.com\/fr\/wp-json\/wp\/v2\/media\/581673"}],"wp:attachment":[{"href":"https:\/\/www.europesays.com\/fr\/wp-json\/wp\/v2\/media?parent=581672"}],"wp:term":[{"taxonomy":"category","embeddable":true,"href":"https:\/\/www.europesays.com\/fr\/wp-json\/wp\/v2\/categories?post=581672"},{"taxonomy":"post_tag","embeddable":true,"href":"https:\/\/www.europesays.com\/fr\/wp-json\/wp\/v2\/tags?post=581672"}],"curies":[{"name":"wp","href":"https:\/\/api.w.org\/{rel}","templated":true}]}}