{"id":581674,"date":"2025-12-06T08:10:14","date_gmt":"2025-12-06T08:10:14","guid":{"rendered":"https:\/\/www.europesays.com\/fr\/581674\/"},"modified":"2025-12-06T08:10:14","modified_gmt":"2025-12-06T08:10:14","slug":"les-confidences-de-frank-gehry-larchitecte-qui-regardait-300-millions-dannees-en-arriere-pour-reinventer-sa-discipline","status":"publish","type":"post","link":"https:\/\/www.europesays.com\/fr\/581674\/","title":{"rendered":"Les confidences de Frank Gehry, l\u2019architecte qui regardait \u00ab\u00a0300 millions d\u2019ann\u00e9es\u00a0\u00bb en arri\u00e8re pour r\u00e9inventer sa discipline"},"content":{"rendered":"\n<p class=\"article__paragraph  \">Le 22\u00a0f\u00e9vrier\u00a02023, <a href=\"https:\/\/www.lemonde.fr\/culture\/article\/2025\/12\/05\/frank-gehry-l-un-des-plus-celebres-architectes-du-monde-contemporain-est-mort_6656189_3246.html\" target=\"_blank\" rel=\"noopener\">Frank Gehry, mort vendredi 5\u00a0d\u00e9cembre<\/a>, nous recevait dans son agence, \u00e0\u00a0Santa Monica, en Californie. L\u2019architecte du Guggenheim de Bilbao avait 93\u00a0ans, mais cela ne l\u2019emp\u00eachait ni de chanter et danser dans son bureau, ni de sortir d\u00eener au restaurant plusieurs soirs par semaine. En attendant que sa soir\u00e9e commence, il a \u00e9voqu\u00e9 pour Le Monde quelques souvenirs de jeunesse.<\/p>\n<p>           Vous \u00eates n\u00e9 \u00e0 Toronto, au Canada, en\u00a01929. Quand \u00eates-vous arriv\u00e9 \u00e0 Los Angeles\u00a0?           <\/p>\n<p class=\"article__paragraph  \">J\u2019avais 16 ou 17\u00a0ans. Je suis venu, avec mes parents. Mon p\u00e8re avait tout perdu. Il avait fait une crise cardiaque et ses fr\u00e8res avaient d\u00e9cid\u00e9 qu\u2019il lui fallait un climat plus doux. Il a trouv\u00e9 un job de conducteur de camions pour une compagnie de soda. Ma m\u00e8re s\u2019est mise elle aussi \u00e0\u00a0travailler, dans un magasin de bonbons, \u00e0 Hollywood. On vivait sur la 9e rue, dans un deux-pi\u00e8ces qui faisait la taille de ce bureau, avec ma s\u0153ur.<\/p>\n<p>                L\u2019architecture, c\u2019\u00e9tait une vocation\u00a0?           <\/p>\n<p class=\"article__paragraph  \">Quand j\u2019\u00e9tais enfant, je ne savais pas bien ce que je voulais faire. J\u2019ai suivi des cours du soir. J\u2019\u00e9tudiais la c\u00e9ramique. Le professeur m\u2019aimait bien. Il m\u2019a dit qu\u2019il ne me voyait pas d\u2019avenir dans la c\u00e9ramique, mais il avait l\u2019intuition que l\u2019architecture pouvait me correspondre.<\/p>\n<p class=\"article__paragraph  \">C\u2019\u00e9tait juste apr\u00e8s la guerre. Parmi les GI qui avaient \u00e9t\u00e9 au Japon, certains avaient vu le sanctuaire d\u2019Ise, la villa imp\u00e9riale de Katsura, ce genre de b\u00e2timents, faits avec de petits morceaux de bois. L\u2019influence de ce pays \u00e9tait tr\u00e8s forte en Californie \u00e0 cette \u00e9poque-l\u00e0. De nombreuses maisons ont \u00e9t\u00e9 construites avec ces techniques d\u2019assemblage de pi\u00e8ce en bois\u00a0; les premi\u00e8res que j\u2019ai con\u00e7ues avaient une touche tr\u00e8s japonaise.<\/p>\n<p>           Quid des architectes de Los Angeles, les repr\u00e9sentants du mouvement \u00ab\u00a0mid-century modern\u00a0\u00bb, qui ont tant \u0153uvr\u00e9 \u00e0 la l\u00e9gende de la ville\u00a0? Quel regard portiez-vous sur leur travail\u00a0?           <\/p>\n<p class=\"article__paragraph  \">Je ne suis pas certain qu\u2019ils m\u2019aient tellement influenc\u00e9. Mais je suis assez fanatique du travail de <a href=\"https:\/\/www.lemonde.fr\/series-d-ete\/article\/2023\/08\/11\/la-sheats-goldstein-residence-joyau-de-la-modernite-prise-des-fortunes-d-hollywood_6185090_3451060.html\" target=\"_blank\" rel=\"noopener\">John Lautner<\/a>. Et j\u2019adorais l\u2019homme, aussi. Richard Neutra en revanche pas du tout. Mais j\u2019aimais beaucoup Rudolf Schindler. Je l\u2019ai rencontr\u00e9 quand j\u2019\u00e9tais \u00e9tudiant \u00e0 USC [University of Southern California]. Il cherchait toujours des filles\u2026 On est devenus amis. J\u2019adorais le regarder, la mani\u00e8re qu\u2019il avait de dessiner sur des morceaux de bois\u2026 Mais \u00e0 USC, j\u2019\u00e9tais surtout attir\u00e9 par les \u00e9tudiants en art. Quand j\u2019ai \u00e9t\u00e9 dipl\u00f4m\u00e9, j\u2019ai r\u00e9alis\u00e9 mon premier b\u00e2timent, le studio Danziger. Les architectes de ma g\u00e9n\u00e9ration ont d\u00e9test\u00e9. Ils me sont tomb\u00e9s dessus. Ils \u00e9taient scandalis\u00e9s.<\/p>\n<p class=\"reading-mode-only \"><strong>Il vous reste 57.05% de cet article \u00e0 lire. La suite est r\u00e9serv\u00e9e aux abonn\u00e9s.<\/strong><\/p>\n","protected":false},"excerpt":{"rendered":"Le 22\u00a0f\u00e9vrier\u00a02023, Frank Gehry, mort vendredi 5\u00a0d\u00e9cembre, nous recevait dans son agence, \u00e0\u00a0Santa Monica, en Californie. L\u2019architecte du&hellip;\n","protected":false},"author":2,"featured_media":581675,"comment_status":"","ping_status":"","sticky":false,"template":"","format":"standard","meta":{"footnotes":""},"categories":[1358],"tags":[1348,1384,1385,1386,58,59,1011,27],"class_list":{"0":"post-581674","1":"post","2":"type-post","3":"status-publish","4":"format-standard","5":"has-post-thumbnail","7":"category-arts-et-design","8":"tag-arts","9":"tag-arts-and-design","10":"tag-arts-et-design","11":"tag-design","12":"tag-divertissement","13":"tag-entertainment","14":"tag-fr","15":"tag-france"},"share_on_mastodon":{"url":"https:\/\/pubeurope.com\/@fr\/115671611806124023","error":""},"_links":{"self":[{"href":"https:\/\/www.europesays.com\/fr\/wp-json\/wp\/v2\/posts\/581674","targetHints":{"allow":["GET"]}}],"collection":[{"href":"https:\/\/www.europesays.com\/fr\/wp-json\/wp\/v2\/posts"}],"about":[{"href":"https:\/\/www.europesays.com\/fr\/wp-json\/wp\/v2\/types\/post"}],"author":[{"embeddable":true,"href":"https:\/\/www.europesays.com\/fr\/wp-json\/wp\/v2\/users\/2"}],"replies":[{"embeddable":true,"href":"https:\/\/www.europesays.com\/fr\/wp-json\/wp\/v2\/comments?post=581674"}],"version-history":[{"count":0,"href":"https:\/\/www.europesays.com\/fr\/wp-json\/wp\/v2\/posts\/581674\/revisions"}],"wp:featuredmedia":[{"embeddable":true,"href":"https:\/\/www.europesays.com\/fr\/wp-json\/wp\/v2\/media\/581675"}],"wp:attachment":[{"href":"https:\/\/www.europesays.com\/fr\/wp-json\/wp\/v2\/media?parent=581674"}],"wp:term":[{"taxonomy":"category","embeddable":true,"href":"https:\/\/www.europesays.com\/fr\/wp-json\/wp\/v2\/categories?post=581674"},{"taxonomy":"post_tag","embeddable":true,"href":"https:\/\/www.europesays.com\/fr\/wp-json\/wp\/v2\/tags?post=581674"}],"curies":[{"name":"wp","href":"https:\/\/api.w.org\/{rel}","templated":true}]}}