{"id":581676,"date":"2025-12-06T08:12:27","date_gmt":"2025-12-06T08:12:27","guid":{"rendered":"https:\/\/www.europesays.com\/fr\/581676\/"},"modified":"2025-12-06T08:12:27","modified_gmt":"2025-12-06T08:12:27","slug":"pourquoi-lemission-de-fre-2","status":"publish","type":"post","link":"https:\/\/www.europesays.com\/fr\/581676\/","title":{"rendered":"pourquoi l\u2019\u00e9mission de Fr\u00e9 &#8230;"},"content":{"rendered":"<p>EN BREF<\/p>\n<ul class=\"bloc_resume_post_list\">\n<li>Fr\u00e9d\u00e9ric Lopez a fait son retour sur France 2 le 23<br \/>\noctobre 2022 avec l\u00a0\u00bb\u00e9mission Un dimanche \u00e0 la campagne.<\/li>\n<li>L&rsquo;\u00e9mission, inspir\u00e9e de La Parenth\u00e8se inattendue, propose<br \/>\ndes rencontres entre trois g\u00e9n\u00e9rations dans un cadre<br \/>\npaisible.<\/li>\n<li>Ce dimanche, l&rsquo;\u00e9mission est remplac\u00e9e par un match de<br \/>\nrugby entre le Stade Toulousain et les Sharks Durban.<\/li>\n<\/ul>\n<p>Absent de l\u2019antenne depuis qu\u2019il avait pris la d\u00e9cision<br \/>\nde\u00a0quitter l\u2019\u00e9mission Rendez-vous en terre inconnue. Qui est<br \/>\nd\u00e9sormais pr\u00e9sent\u00e9e par <a href=\"https:\/\/www.telestar.fr\/actu_tv\/laury-thilleman-sonnee-cette-scene-brutale-quelle-a-prefere-ne-pas-regarder-en-face-1741673\" target=\"_blank\" rel=\"noopener\"><br \/>\nl&rsquo;ancienne Miss France Laury Thilleman<\/a>. Fr\u00e9d\u00e9ric Lopez avait<br \/>\neffectu\u00e9 son grand retour sur France 2 dimanche 23 octobre 2022. Ce<br \/>\njour-l\u00e0, <strong>l\u2019animateur avait lanc\u00e9 sa toute nouvelle<br \/>\n\u00e9mission<\/strong>, intitul\u00e9e Un dimanche \u00e0 la campagne.<\/p>\n<p>Ce nouveau programme dominical reprend en grande partie le<br \/>\nconcept d\u2019<strong>une de ses anciennes \u00e9missions, La Parenth\u00e8se<br \/>\ninattendue<\/strong>, qui fut diffus\u00e9e quotidiennement en d\u00e9but<br \/>\nd\u2019apr\u00e8s-midi sur France 2 par le pass\u00e9.<\/p>\n<p>L&rsquo;\u00e9mission de Fr\u00e9d\u00e9ric Lopez est \u00ab\u00a0un moment hors du temps\u00a0\u00bb<\/p>\n<p>\u00ab\u00a0Une rencontre \u00e0 la fois d\u00e9tonante et pleine d\u2019\u00e9motions<br \/>\nentre trois g\u00e9n\u00e9rations et trois univers bien diff\u00e9rents. Quelque<br \/>\npart loin du tumulte, avec Fr\u00e9d\u00e9ric Lopez, <strong>ils se<br \/>\nsont retrouv\u00e9s le temps d\u2019un week-end.\u00a0<\/strong>Un<br \/>\nmoment hors du temps pour se rencontrer et pour parler d\u2019amour,<br \/>\nd\u2019amiti\u00e9, de la vie\u00a0\u00bb, a indiqu\u00e9 France 2 dans un<br \/>\ncommuniqu\u00e9.<\/p>\n<p>\u00ab\u00a0Dans une maison ouverte \u00e0 l\u2019inattendu et aux visites<br \/>\nsurprises. Entre \u00e9motion et fous rires, chacun d\u00e9voile le fil<br \/>\ninvisible de son histoire. Pour <strong>un dimanche \u00e0 la<br \/>\ncampagne qui ne ressemble \u00e0 aucun autre<\/strong>\u00ab\u00a0, a<br \/>\n\u00e9galement ajout\u00e9 la cha\u00eene publique.<\/p>\n<p>Un dimanche \u00e0 la campagne : Fr\u00e9d\u00e9ric<br \/>\nLopez remplac\u00e9 par la coupe d&rsquo;Europe de rugby cette semaine<\/p>\n<p>Apr\u00e8s avoir accueilli les com\u00e9diennes Charlotte de Turckheim et<br \/>\nBarbara Schulz, ainsi que les rappeurs Big Flo et Oli lors du tout<br \/>\npremier num\u00e9ro de l\u2019\u00e9mission Un dimanche \u00e0 la campagne, Fr\u00e9d\u00e9ric<br \/>\nLopez avait convi\u00e9 les actrices Mich\u00e8le Bernier et\u00a0<a style=\"font-size: 16px;\" href=\"https:\/\/www.closermag.fr\/people\/sofia-essaidi-ses-rares-confidences-sur-adrien-galo-son-compagnon-depuis-13-ans-1649680\" target=\"_blank\" rel=\"noopener\">Sofia Essa\u00efdi<\/a>, <strong style=\"font-size: 16px;\">ainsi que le magicien Fabien Olicard<\/strong><br \/>\nlors de la 2\u00e8me \u00e9dition diffus\u00e9 dimanche 6 novembre 2022 sur France<br \/>\n2. Cependant, l\u2019animateur ne recevra personne dimanche 7 d\u00e9cembre<br \/>\n2025.<\/p>\n<p>En effet, <strong>l\u2019\u00e9mission Un dimanche \u00e0 la campagne ne sera<br \/>\npas diffus\u00e9e cette semaine<\/strong>. \u00c0 la place, France 2<br \/>\nretransmettra en direct un match de la Coupe d&rsquo;Europe de rugby ce<br \/>\njour-l\u00e0. Dans le cadre de cette comp\u00e9tition de rugby annuelle.<br \/>\nL&rsquo;\u00e9quipe fran\u00e7aise du Stade Toulousain fera face \u00e0 la formation des<br \/>\nSharks Durban. Pour son premier match de la Champions Cup<br \/>\n2025-2026. Cette rencontre sera <a href=\"https:\/\/www.telestar.fr\/people\/matthieu-lartot-malade-du-cancer-cette-apparition-surprise-en-plein-direct-depuis-sa-triste-annonce-827964\" target=\"_blank\" rel=\"noopener\"><br \/>\ncomment\u00e9e en direct par Matthieu Lartot<\/a>, Dimitri Yachvili et<br \/>\nH\u00e9l\u00e8ne Macurdy.<\/p>\n","protected":false},"excerpt":{"rendered":"EN BREF Fr\u00e9d\u00e9ric Lopez a fait son retour sur France 2 le 23 octobre 2022 avec l\u00a0\u00bb\u00e9mission Un&hellip;\n","protected":false},"author":2,"featured_media":581677,"comment_status":"","ping_status":"","sticky":false,"template":"","format":"standard","meta":{"footnotes":""},"categories":[1356],"tags":[548,58,59,1011,27,9481,252,1364],"class_list":{"0":"post-581676","1":"post","2":"type-post","3":"status-publish","4":"format-standard","5":"has-post-thumbnail","7":"category-television","8":"tag-article-simple","9":"tag-divertissement","10":"tag-entertainment","11":"tag-fr","12":"tag-france","13":"tag-frederic-lopez","14":"tag-television","15":"tag-tv"},"share_on_mastodon":{"url":"https:\/\/pubeurope.com\/@fr\/115671619546403792","error":""},"_links":{"self":[{"href":"https:\/\/www.europesays.com\/fr\/wp-json\/wp\/v2\/posts\/581676","targetHints":{"allow":["GET"]}}],"collection":[{"href":"https:\/\/www.europesays.com\/fr\/wp-json\/wp\/v2\/posts"}],"about":[{"href":"https:\/\/www.europesays.com\/fr\/wp-json\/wp\/v2\/types\/post"}],"author":[{"embeddable":true,"href":"https:\/\/www.europesays.com\/fr\/wp-json\/wp\/v2\/users\/2"}],"replies":[{"embeddable":true,"href":"https:\/\/www.europesays.com\/fr\/wp-json\/wp\/v2\/comments?post=581676"}],"version-history":[{"count":0,"href":"https:\/\/www.europesays.com\/fr\/wp-json\/wp\/v2\/posts\/581676\/revisions"}],"wp:featuredmedia":[{"embeddable":true,"href":"https:\/\/www.europesays.com\/fr\/wp-json\/wp\/v2\/media\/581677"}],"wp:attachment":[{"href":"https:\/\/www.europesays.com\/fr\/wp-json\/wp\/v2\/media?parent=581676"}],"wp:term":[{"taxonomy":"category","embeddable":true,"href":"https:\/\/www.europesays.com\/fr\/wp-json\/wp\/v2\/categories?post=581676"},{"taxonomy":"post_tag","embeddable":true,"href":"https:\/\/www.europesays.com\/fr\/wp-json\/wp\/v2\/tags?post=581676"}],"curies":[{"name":"wp","href":"https:\/\/api.w.org\/{rel}","templated":true}]}}