{"id":581678,"date":"2025-12-06T08:14:17","date_gmt":"2025-12-06T08:14:17","guid":{"rendered":"https:\/\/www.europesays.com\/fr\/581678\/"},"modified":"2025-12-06T08:14:17","modified_gmt":"2025-12-06T08:14:17","slug":"sur-son-nouvel-album-le-rappeur-jul-signe-deux-duos-inattendus-avec-i-muvrini-et-marcu-antone-fantoni","status":"publish","type":"post","link":"https:\/\/www.europesays.com\/fr\/581678\/","title":{"rendered":"Sur son nouvel album, le rappeur Jul signe deux duos inattendus avec I Muvrini et Marcu Antone Fantoni"},"content":{"rendered":"<p>\t\t\t\t\t Il est l\u2019artiste fran\u00e7ais le plus \u00e9cout\u00e9 sur les plateformes de streaming en France en 2025. Jul vient de sortir son nouvel album \u00ab\u00a0TP sur TP\u00a0\u00bb ce vendredi 5 d\u00e9cembre. Un nouvel opus \u00e9clectique qui continent des duos surprenants, \u00e0 l\u2019instar de ceux avec I Muvrini et le jeune Marcu Antone Fantoni. <br \/>  \u00a0 <br \/>  Depuis quelques mois, le rappeur marseillais revendique en effet ses origines corses. En avril dernier, il avait ainsi fait son entr\u00e9e sur la sc\u00e8ne du Stade de France accompagn\u00e9 de la\u00a0bandera, avant de partager un duo avec le chanteur ajaccien Franc\u00e8 Zito, avec lequel il avait enregistr\u00e9 le morceau\u00a0Capata. Quelques jours plus t\u00f4t, sur ses r\u00e9seaux sociaux, il avait partag\u00e9 une vid\u00e9o de la page\u00a0<a class=\"liens\" href=\"https:\/\/www.corsenetinfos.corsica\/Ricordi-di-Petru-Pa-de-retour-sur-les-reseaux-sociaux-pour-valoriser-les-chanteurs-corses_a72692.html\" target=\"_blank\" rel=\"noopener\">Ricordi di Petru-P\u00e0<\/a>, d\u00e9di\u00e9 \u00e0 la m\u00e9moire et \u00e0 la valorisation de la culture insulaire,\u00a0<a class=\"liens\" href=\"https:\/\/www.corsenetinfos.corsica\/Jul-un-clin-d-oeil-a-la-Corse-sur-Instagram_a84226.html\" target=\"_blank\" rel=\"noopener\">o\u00f9 l\u2019on voyait Marcu Antone, livrer une belle interpr\u00e9tation d\u2019U Prete Andria\u00a0de Jean-Paul Poletti<\/a>. Touch\u00e9 par la justesse, la sensibilit\u00e9 et la force vocale du jeune chanteur corse, il a donc d\u00e9cid\u00e9 de lui faire une place sur son nouvel album avec la chanson\u00a0Eternit\u00e0. <br \/>  \u00a0 <br \/>  Il y a quelques jours, Jul avait aussi d\u00e9voil\u00e9 que le groupe mythique I Muvrini partagerait la chanson\u00a0\u00c0 chacun sa victoire\u00a0sur ce nouvel album. Un extrait, alors d\u00e9voil\u00e9 sur les r\u00e9seaux sociaux, a depuis fait l\u2019objet de nombres de commentaires acerbes. Ce vendredi, I Muvrini a r\u00e9pondu \u00e0 ces critiques via un communiqu\u00e9, indiquant qu\u2019avec ce morceau il ne s\u2019agit pas pour eux de \u00ab\u00a0(leur) nom, d\u2019une cr\u00e9dibilit\u00e9 \u00e0 prot\u00e9ger, d\u2019une quelconque r\u00e9putation \u00e0 d\u00e9fendre, mais d\u2019une volont\u00e9, d\u2019un engagement, toujours pr\u00eat et disponibles quand il s\u2019agit de rencontrer, encourager, parler aux jeunes\u00a0\u00bb.\u00a0 <br \/>  \u00a0 <br \/>  \u00ab\u00a0Nous le faisons dans le cadre de conf\u00e9rences, dans des centaines d&rsquo;\u00e9coles, de coll\u00e8ges, de lyc\u00e9es, universit\u00e9s, prisons, associations, clubs de sport&#8230;partout o\u00f9 l&rsquo;on nous invite, l\u00e0 o\u00f9 l&rsquo;on veut nous parler et entendre\u00a0\u00bb, \u00e9crivent les membres du groupe en ajoutant\u00a0: \u00ab\u00a0Dans la langue des blessures, derri\u00e8re le langage de\u00a0JUL, il y a une immense tendresse. Jul parle \u00e0 des milliers, voire \u00e0 des millions de jeunes : pouvoir leur dire, avec lui, que chacun m\u00e9rite sa victoire, sa propre force, ses racines, un espoir, cela vaut bien un titre en duo, non\u00a0?\u00a0\u00bb. <\/p>\n<p>Quant \u00e0 la question \u00ab Pourquoi avoir accept\u00e9 cette collaboration\u00a0?\u00a0\u00bb, les membres du groupe y r\u00e9pondent de fa\u00e7on tr\u00e8s directe.\u00a0\u00a0\u00ab\u00a0Cette question insinue une m\u00e9fiance et un m\u00e9pris que nous trouvons ahurissants. Notre soci\u00e9t\u00e9 l\u00e8gue \u00e0 la jeunesse, un monde d\u00e9senchant\u00e9 o\u00f9 l\u2019OMS d\u00e9clare la sant\u00e9 mentale \u00ab\u00a0D\u00e9fi plan\u00e9taire\u00a0\u00bb. Est-ce la faute aux jeunes, ou est-ce la responsabilit\u00e9 du monde adulte ? Leur langage, leur musique en t\u00e9moignent. Et nous, nous devrions, en plus m\u00e9priser, \u00eatre sourds \u00e0 ce qu\u2019ils \u00e9coutent, \u00e0 ce qu\u2019ils aiment ? Si cette musique des jeunes incommode les oreilles adultes, elle est bien moins laide que le monde que nous leur l\u00e9guons. Sans parler de la laideur en libre acc\u00e8s sur les r\u00e9seaux !\u00a0\u00bb, cinglent-ils.\u00a0 <br \/>\u00a0 <br \/>De facto, \u00e0 ce qu\u2019ils qualifient de \u00ab\u00a0monde\u00a0d\u00e9asaccord\u00e9\u00a0\u00bb, les membres d\u2019I Muvrini disent pr\u00e9f\u00e9rer \u00ab\u00a0ce pont entre g\u00e9n\u00e9rations, ce lien qui \u00e9claire\u00a0\u00bb. \u00ab\u00a0Tendons-nous, tenons-nous, donnons la main, jusqu\u2019\u00e0 l&rsquo;horizon, non ce n\u2019est pas si loin chantons-le, ce pont&#8230; \u00bb Vos enfants, nos enfants, tant de jeunes \u00e9coutent\u00a0JUL. <br \/>\u00a0 <br \/>Oui, nous acceptons le d\u00e9fi de la rencontre, sans avoir peur de rajouter notre cr\u00e9dibilit\u00e9 \u00e0 la sienne que nous respectons profond\u00e9ment\u00a0\u00bb, glissent-ils encore.\u00a0\n\t\t\t\t <\/p>\n","protected":false},"excerpt":{"rendered":"Il est l\u2019artiste fran\u00e7ais le plus \u00e9cout\u00e9 sur les plateformes de streaming en France en 2025. Jul vient&hellip;\n","protected":false},"author":2,"featured_media":581679,"comment_status":"","ping_status":"","sticky":false,"template":"","format":"standard","meta":{"footnotes":""},"categories":[1355],"tags":[11049,2517,11050,11051,11052,58,59,1011,27,69552,69553,69554,1279,69555,1361,873,3616,6198,69556],"class_list":{"0":"post-581678","1":"post","2":"type-post","3":"status-publish","4":"format-standard","5":"has-post-thumbnail","7":"category-musique","8":"tag-cni","9":"tag-corse","10":"tag-corse-net-infos","11":"tag-corsenetinfos","12":"tag-corsica","13":"tag-divertissement","14":"tag-entertainment","15":"tag-fr","16":"tag-france","17":"tag-france-zitto","18":"tag-i-muvrini","19":"tag-jean-francois-bernardini","20":"tag-jul","21":"tag-marcu-antone-fantoni","22":"tag-music","23":"tag-musique","24":"tag-rap","25":"tag-rappeur","26":"tag-ricordi-di-petru-pa"},"share_on_mastodon":{"url":"https:\/\/pubeurope.com\/@fr\/115671627614022063","error":""},"_links":{"self":[{"href":"https:\/\/www.europesays.com\/fr\/wp-json\/wp\/v2\/posts\/581678","targetHints":{"allow":["GET"]}}],"collection":[{"href":"https:\/\/www.europesays.com\/fr\/wp-json\/wp\/v2\/posts"}],"about":[{"href":"https:\/\/www.europesays.com\/fr\/wp-json\/wp\/v2\/types\/post"}],"author":[{"embeddable":true,"href":"https:\/\/www.europesays.com\/fr\/wp-json\/wp\/v2\/users\/2"}],"replies":[{"embeddable":true,"href":"https:\/\/www.europesays.com\/fr\/wp-json\/wp\/v2\/comments?post=581678"}],"version-history":[{"count":0,"href":"https:\/\/www.europesays.com\/fr\/wp-json\/wp\/v2\/posts\/581678\/revisions"}],"wp:featuredmedia":[{"embeddable":true,"href":"https:\/\/www.europesays.com\/fr\/wp-json\/wp\/v2\/media\/581679"}],"wp:attachment":[{"href":"https:\/\/www.europesays.com\/fr\/wp-json\/wp\/v2\/media?parent=581678"}],"wp:term":[{"taxonomy":"category","embeddable":true,"href":"https:\/\/www.europesays.com\/fr\/wp-json\/wp\/v2\/categories?post=581678"},{"taxonomy":"post_tag","embeddable":true,"href":"https:\/\/www.europesays.com\/fr\/wp-json\/wp\/v2\/tags?post=581678"}],"curies":[{"name":"wp","href":"https:\/\/api.w.org\/{rel}","templated":true}]}}