{"id":58168,"date":"2025-04-28T02:04:15","date_gmt":"2025-04-28T02:04:15","guid":{"rendered":"https:\/\/www.europesays.com\/fr\/58168\/"},"modified":"2025-04-28T02:04:15","modified_gmt":"2025-04-28T02:04:15","slug":"abergel-laporte-la-folle-soiree-de-deux-amis-pour-la-vie-apres-la-montee-du-fc-lorient-en-ligue-1","status":"publish","type":"post","link":"https:\/\/www.europesays.com\/fr\/58168\/","title":{"rendered":"Abergel-Laporte, la folle soir\u00e9e de deux amis pour la vie apr\u00e8s la mont\u00e9e du FC Lorient en Ligue\u00a01"},"content":{"rendered":"<p>Ligue 2 (32e journ\u00e9e). Lorient &#8211; Caen (4-0)<\/p>\n<p>Le capitaine du FC Lorient Laurent Abergel n\u2019a pas eu besoin de questions pour dire sa fiert\u00e9 face \u00e0 la presse, samedi soir, apr\u00e8s la victoire contre Caen (4-0) qui valide le ticket du club pour la Ligue 1. Il parlait d\u00e9j\u00e0 quand il est arriv\u00e9, bouteille de champagne \u00e0 la main : \u00ab C\u2019est exceptionnel ! Je ne cracherai jamais sur la mont\u00e9e de 2020 (saison \u00e9court\u00e9e pour cause d\u2019\u00e9pid\u00e9mie de Covid), mais celle-l\u00e0 est particuli\u00e8re. Chaque ann\u00e9e, je voyais des \u00e9quipes brandir une coupe ou c\u00e9l\u00e9brer une accession, conna\u00eetre ces \u00e9motions et ces envahissements de terrain. On se le disait souvent avec Ju (Laporte) : on voulait le vivre au moins une fois ici, voir cette euphorie et cet envahissement de terrain au Moustoir. C\u2019est arriv\u00e9 et on le m\u00e9rite \u00bb.<\/p>\n<p>\u00ab Des moments difficiles \u00bb<\/p>\n<p>Interrompu par le m\u00eame Julien Laporte, son vice-capitaine, pour aller faire une photo de groupe dans le vestiaire, les deux amis n\u2019ont pas tard\u00e9 \u00e0 revenir partager leurs \u00e9motions. \u00ab Apr\u00e8s ce qu\u2019on a v\u00e9cu l\u2019ann\u00e9e derni\u00e8re, c\u2019est la plus belle des r\u00e9ponses qu\u2019on pouvait donner \u00bb, se f\u00e9licite le d\u00e9fenseur central, qui avait quitt\u00e9 Clermont et son Auvergne natale en 2019 pour guider le FCL vers la Ligue 1, comme le Marseillais Abergel. \u00ab On a montr\u00e9 tout notre amour pour ce club. On a travers\u00e9 des moments difficiles, des bons aussi, mais celui-l\u00e0 est le plus beau. Ce club m\u00e9rite d\u2019\u00eatre en Ligue 1. Ce qui a \u00e9t\u00e9 fait la saison derni\u00e8re ne correspondait pas \u00e0 l\u2019image du club. Si on \u00e9tait partis l\u00e0-dessus, il y aurait eu un sentiment d\u2019inachev\u00e9. \u00bb<\/p>\n<p>\u00ab Se queda ! \u00bb<\/p>\n<p><a href=\"https:\/\/www.letelegramme.fr\/sports\/football\/fc-lorient\/en-depression-et-ronge-par-la-honte-la-saison-passee-comment-julien-laporte-est-redevenu-le-patron-de-la-defense-avec-lorient-6747448.php\" target=\"_blank\" title=\"Lire notre article du 25 janvier 2025\" rel=\"noopener\">Laporte, trop pudique pour rappeler \u00e0 cet instant qu\u2019il a flirt\u00e9 avec la d\u00e9pression l\u2019\u00e9t\u00e9 dernier apr\u00e8s la rel\u00e9gation<\/a>, arrive en fin de contrat en juin et ne cache pas son envie de rester. Mais, \u00e0 31 ans, il souhaite avant tout poursuivre sa carri\u00e8re, ici ou ailleurs. \u00ab Se queda ! \u00bb (\u00ab il reste \u00bb en espagnol), esp\u00e8re encore le malicieux Abergel (32 ans), qui a accept\u00e9 l\u2019\u00e9t\u00e9 dernier une prolongation XXL (2029), comme pierre angulaire du projet de remont\u00e9e express du pr\u00e9sident Lo\u00efc F\u00e9ry. \u00ab Il y a de belles rencontres dans le foot, et Lolo (Abergel) restera la plus belle de ma carri\u00e8re. On a bataill\u00e9 six ans ensemble et on s\u2019\u00e9tait promis de remonter, peu importe la suite. \u00bb<\/p>\n<p>Ils ont d\u2019autant mieux appr\u00e9ci\u00e9 les \u00e9motions des derni\u00e8res minutes du match, qui les ont renvoy\u00e9es \u00e0 celles, finalement malheureuses, de celui contre Clermont (5-0), il y a moins d\u2019un an, quand l\u2019\u00e9quipe avait cru un instant accroch\u00e9 les barrages. \u00ab Avant le troisi\u00e8me but, on a senti une euphorie dans le stade. Et juste apr\u00e8s, G\u00e9d\u00e9 (Kalulu) est venu nous dire qu\u2019il y avait 2-1 pou Pau \u00bb, raconte le capitaine. \u00ab Revivre aujourd\u2019hui cette sensation sur le terrain, mais pendant cinq minutes pleines et en \u00e9tant s\u00fbr cette fois que c\u2019\u00e9tait bon\u2026 Pff ! \u00bb, savoure Laporte. Les deux amis sont repartis bras dessus, bras dessous poursuivre la f\u00eate. Et on a vu un Laurent Abergel faire l\u2019avion torse nu dans le stade vide et glisser sur les genoux dans le rond central avec sa bouteille de champagne. La nuit ne faisait que commencer.<\/p>\n","protected":false},"excerpt":{"rendered":"Ligue 2 (32e journ\u00e9e). Lorient &#8211; Caen (4-0) Le capitaine du FC Lorient Laurent Abergel n\u2019a pas eu&hellip;\n","protected":false},"author":2,"featured_media":58169,"comment_status":"","ping_status":"","sticky":false,"template":"","format":"standard","meta":{"footnotes":""},"categories":[2],"tags":[11,3166,3317,63,1011,27,446,1781,12,60],"class_list":{"0":"post-58168","1":"post","2":"type-post","3":"status-publish","4":"format-standard","5":"has-post-thumbnail","7":"category-actualites","8":"tag-actualites","9":"tag-en-continu-sports","10":"tag-fc-lorient","11":"tag-football","12":"tag-fr","13":"tag-france","14":"tag-ligue-2","15":"tag-lorient","16":"tag-news","17":"tag-sports"},"share_on_mastodon":{"url":"https:\/\/pubeurope.com\/@fr\/114413139671124892","error":""},"_links":{"self":[{"href":"https:\/\/www.europesays.com\/fr\/wp-json\/wp\/v2\/posts\/58168","targetHints":{"allow":["GET"]}}],"collection":[{"href":"https:\/\/www.europesays.com\/fr\/wp-json\/wp\/v2\/posts"}],"about":[{"href":"https:\/\/www.europesays.com\/fr\/wp-json\/wp\/v2\/types\/post"}],"author":[{"embeddable":true,"href":"https:\/\/www.europesays.com\/fr\/wp-json\/wp\/v2\/users\/2"}],"replies":[{"embeddable":true,"href":"https:\/\/www.europesays.com\/fr\/wp-json\/wp\/v2\/comments?post=58168"}],"version-history":[{"count":0,"href":"https:\/\/www.europesays.com\/fr\/wp-json\/wp\/v2\/posts\/58168\/revisions"}],"wp:featuredmedia":[{"embeddable":true,"href":"https:\/\/www.europesays.com\/fr\/wp-json\/wp\/v2\/media\/58169"}],"wp:attachment":[{"href":"https:\/\/www.europesays.com\/fr\/wp-json\/wp\/v2\/media?parent=58168"}],"wp:term":[{"taxonomy":"category","embeddable":true,"href":"https:\/\/www.europesays.com\/fr\/wp-json\/wp\/v2\/categories?post=58168"},{"taxonomy":"post_tag","embeddable":true,"href":"https:\/\/www.europesays.com\/fr\/wp-json\/wp\/v2\/tags?post=58168"}],"curies":[{"name":"wp","href":"https:\/\/api.w.org\/{rel}","templated":true}]}}