{"id":581686,"date":"2025-12-06T08:18:13","date_gmt":"2025-12-06T08:18:13","guid":{"rendered":"https:\/\/www.europesays.com\/fr\/581686\/"},"modified":"2025-12-06T08:18:13","modified_gmt":"2025-12-06T08:18:13","slug":"derriere-les-paillettes-tout-na-jamais-ete-rose-en-coulisses","status":"publish","type":"post","link":"https:\/\/www.europesays.com\/fr\/581686\/","title":{"rendered":"derri\u00e8re les paillettes, tout n\u2019a jamais \u00e9t\u00e9 rose en coulisses"},"content":{"rendered":"<p>        <img decoding=\"async\" loading=\"lazy\" src=\"https:\/\/www.europesays.com\/fr\/wp-content\/uploads\/2025\/12\/1d63d0c_upload-1-iryj6b51rlws-afp-20241214-36qf262-v1-highres-francemissbeautycontest2025.jpg\"  width=\"728\" height=\"409\" alt=\"Sur sc\u00e8ne, comme lors de l\u2019\u00e9lection de Miss France 2025 Ang\u00e9lique Angarni-Filopon, les candidates ne montrent jamais les tensions qui ont lieu en coulisses.\"\/>  <\/p>\n<p>ROMAIN PERROCHEAU \/ AFP<\/p>\n<p>Sur sc\u00e8ne, comme lors de l\u2019\u00e9lection de Miss France 2025 Ang\u00e9lique Angarni-Filopon, les candidates ne montrent jamais les tensions qui ont lieu en coulisses.<\/p>\n<p class=\"asset asset-text\">Devant les cam\u00e9ras, elles sourient \u00e0 en avoir mal \u00e0 la m\u00e2choire et posent main dans la main, images m\u00eame de la bienveillance et la sororit\u00e9. Mais en coulisses, la positive attitude n\u2019est pas toujours au rendez-vous pour les Miss. Cette ann\u00e9e encore, il y a eu du grabuge loin des cam\u00e9ras, en amont de l\u2019\u00e9lection de <a href=\"https:\/\/www.huffingtonpost.fr\/divertissement\/article\/avant-miss-france-2026-une-ia-devoile-les-candidates-qui-ont-le-plus-de-chance-de-gagner_257710.html\" target=\"_blank\" rel=\"noopener\">Miss France 2026<\/a>, diffus\u00e9e sur TF1\u00a0ce samedi 6\u00a0d\u00e9cembre.<\/p>\n<p class=\"asset asset-text\">Pendant le <a href=\"https:\/\/www.huffingtonpost.fr\/divertissement\/article\/les-pretendantes-a-miss-france-2026-rappelees-a-l-ordre-en-martinique-on-n-est-pas-leurs-domestiques_257094.html\" target=\"_blank\" rel=\"noopener\">voyage de pr\u00e9paration en Martinique<\/a>, plusieurs pr\u00e9tendantes ont d\u00fb \u00eatre recadr\u00e9es sur le comportement attendu d\u2019une Miss. En cause\u00a0: des gobelets de caf\u00e9 laiss\u00e9s tra\u00een\u00e9s, des t\u00e9l\u00e9phone d\u00e9croch\u00e9s en pleine activit\u00e9 ou session maquillage, un manque de politesse et m\u00eame \u00ab\u00a0un peu d\u2019insolence\u00a0\u00bb , d\u2019apr\u00e8s Fr\u00e9d\u00e9ric Gilbert.<\/p>\n<p class=\"asset asset-text\">Le pr\u00e9sident de la soci\u00e9t\u00e9 Miss France depuis 2023\u00a0a racont\u00e9 dans une interview au <a href=\"https:\/\/www.leparisien.fr\/culture-loisirs\/miss-france\/miss-france-2026-un-rappel-a-lordre-ferme-sur-le-comportement-des-candidates-pendant-le-voyage-12-11-2025-LDZCOMYMARBP3K4AH4U2RS4FPI.php?xtor=AD-366\" target=\"_blank\" rel=\"noopener\" title=\"Nouvelle fen\u00eatre\">Parisien<\/a>\u00a0: \u00ab\u00a0Il y a eu un rappel \u00e0 l\u2019ordre ferme de l\u2019enjeu et des comportements \u00e0 avoir. J\u2019ai mis un tour de vis. On est au quatri\u00e8me jour et c\u2019est t\u00f4t. Elles apprennent \u00e0 se conna\u00eetre, il y a des affinit\u00e9s et il y a eu aussi du laxisme chez certaines sur le respect des r\u00e8gles. Il a fallu remettre un cadre\u00a0\u00bb.<\/p>\n<p>    Disputes de Miss    <\/p>\n<p class=\"asset asset-text\">Aucun nom n\u2019a \u00e9t\u00e9 cit\u00e9, mais plusieurs miss ont r\u00e9agi, comme Miss Tahiti Hinaupoko Dev\u00e8ze, l\u2019une des favorites de l\u2019\u00e9lection. Elle avait pris la parole sur Instagram en \u00e9crivant le 19\u00a0novembre \u00ab\u00a0\u00c7a fait quelques jours que je lis bien des choses \u00e0 mon sujet et je souhaite apporter mon \u00e9clairage. Depuis le premier jour, je m\u2019investis avec s\u00e9rieux, en donnant le meilleur de moi, toujours avec respect et bienveillance envers tout le monde, et particuli\u00e8rement envers ceux qui m\u2019entourent\u00a0\u00bb.<\/p>\n<p class=\"asset asset-text\">Les <a href=\"https:\/\/www.huffingtonpost.fr\/divertissement\/article\/miss-france-2026-decouvrez-les-portraits-officiels-des-30-candidates-clx1_255919.html\" target=\"_blank\" rel=\"noopener\">30\u00a0candidates<\/a> de la nouvelle promotion seraient-elles moins poliss\u00e9es que les pr\u00e9c\u00e9dentes\u00a0? Pas vraiment. Aussi loin que les archives d\u2019Internet permettent de remonter, il y a eu des d\u00e9rapages, recadrages, disputes et m\u00eame parfois des coups bas pendant l\u2019aventure Miss France.<\/p>\n<p class=\"asset asset-text\">Il y a plus de dix ans, en 2015, la couturi\u00e8re\u00a0Isabelle Dup\u00e9r\u00e9 t\u00e9moignait d\u00e9j\u00e0 de cette ambiance d\u00e9l\u00e9t\u00e8re. Cette habitu\u00e9e du concours expliquait \u00e0 <a href=\"https:\/\/www.telestar.fr\/actu-tv\/miss-france\/miss-france-disputes-magouilles-pots-de-vin-isabelle-dupere-couturiere-devoile-tout-!-photos-184812\" target=\"_blank\" rel=\"noopener\" title=\"Nouvelle fen\u00eatre\">T\u00e9l\u00e9Star<\/a> avoir subi des pressions de la part de certaines pr\u00e9tendantes pour d\u00e9voiler en avance des costumes\u00a0: \u00ab\u00a0Il y a beaucoup de Miss sympathiques, et d\u2019autres pr\u00e9tentieuses, il faut parfois les recadrer\u00a0\u00bb, disait-elle.<\/p>\n<blockquote><p>c\u2019est parfois l\u2019enfer en coulisses<\/p><\/blockquote>\n<p class=\"asset asset-text\">Les jeunes femmes \u00e9tant, apr\u00e8s tout, en comp\u00e9tition, la plupart des tensions ont lieu entre elles. M\u00eame si les pr\u00e9tendantes n\u2019ont \u00ab\u00a0pas le temps\u00a0\u00bb de se disputer pendant le show, \u00ab\u00a0les cr\u00eapages de chignon sont tout de m\u00eame plus fr\u00e9quents lorsqu\u2019elles sont en voyage de pr\u00e9paration avant l\u2019\u00e9lection. Parfois, \u00e7a vole bas\u00a0\u00bb, ajoutait Isabelle Dup\u00e9r\u00e9.<\/p>\n<p class=\"asset asset-text\">Quatre ans apr\u00e8s avoir \u00e9t\u00e9 \u00e9lue Miss France 2016, <a href=\"https:\/\/www.huffingtonpost.fr\/culture\/article\/miss-france-iris-mittenaere-plaide-pour-l-abolition-de-toutes-les-regles_190178.html\" target=\"_blank\" rel=\"noopener\" title=\"Nouvelle fen\u00eatre\">Iris Mittenaere<\/a> avait, elle aussi, r\u00e9v\u00e9l\u00e9 que l\u2019ambiance n\u2019\u00e9tait pas si bienveillante loin des cam\u00e9ras\u00a0: \u00ab\u00a0Les pr\u00e9tendantes sont pr\u00eates \u00e0 tout, c\u2019est parfois l\u2019enfer en coulisses. M\u00eame \u00e0 mon \u00e9poque, Sylvie a re\u00e7u des courriers disant que j\u2019avais des faux seins, un faux nez\u00a0\u00bb, avait-elle racont\u00e9 \u00e0 nos confr\u00e8res du <a href=\"https:\/\/www.leparisien.fr\/culture-loisirs\/tv\/iris-mittenaere-il-faut-changer-le-reglement-de-miss-france-26-08-2020-8373681.php?ts=1764930158725\" target=\"_blank\" rel=\"noopener\" title=\"Nouvelle fen\u00eatre\">Parisien<\/a> en 2020.<\/p>\n<p class=\"asset asset-text\">La promotion de Cl\u00e9mence Botino, \u00e9lue Miss France 2020, avait aussi \u00e9t\u00e9 marqu\u00e9e par \u00ab\u00a0des tensions et quelques heurts dans le groupe\u00a0\u00bb, comme le racontait <a href=\"https:\/\/www.huffingtonpost.fr\/divertissement\/article\/miss-france-2023-sylvie-tellier-fait-ses-adieux-les-larmes-aux-yeux_211677.html\" target=\"_blank\" rel=\"noopener\" title=\"Nouvelle fen\u00eatre\">Sylvie Tellier<\/a> au Parisien. \u00ab\u00a0C\u2019est rare que je sois oblig\u00e9e de prendre la parole deux ou trois fois pour dire\u00a0: \u201cLes filles c\u2019est une aventure humaine\u2026 Soyez gentilles\u201d. C\u2019\u00e9tait principalement de la mauvaise camaraderie avec des tentatives de d\u00e9stabilisation, des petites vacheries\u00a0\u00bb, pr\u00e9cisait-elle dans l\u2019<a href=\"https:\/\/www.leparisien.fr\/culture-loisirs\/tv\/miss-france-2020-il-y-a-eu-de-la-mauvaise-camaraderie-confie-sylvie-tellier-14-12-2019-8217252.php\" target=\"_blank\" rel=\"noopener\" title=\"Nouvelle fen\u00eatre\">interview<\/a> en 2019.<\/p>\n<p class=\"asset asset-text\">L\u2019ancienne\u00a0directrice g\u00e9n\u00e9rale de la soci\u00e9t\u00e9 Miss France avait d\u00e9clar\u00e9 sans d\u00e9tour\u00a0: \u00ab\u00a0Je n\u2019ai pas de place pour les pestes. Pour moi, une jeune femme qui n\u2019est pas capable de vivre un mois dans un groupe ne peut pas \u00eatre Miss France\u00a0\u00bb. \u00c0 d\u00e9faut de bien s\u2019entendre, les pr\u00e9tendantes \u00e0 la couronne de Miss France 2026\u00a0doivent, a minima, bien faire semblant. Elles sont, apr\u00e8s tout, jug\u00e9es sur les apparences.<\/p>\n","protected":false},"excerpt":{"rendered":"ROMAIN PERROCHEAU \/ AFP Sur sc\u00e8ne, comme lors de l\u2019\u00e9lection de Miss France 2025 Ang\u00e9lique Angarni-Filopon, les candidates&hellip;\n","protected":false},"author":2,"featured_media":581687,"comment_status":"","ping_status":"","sticky":false,"template":"","format":"standard","meta":{"footnotes":""},"categories":[8],"tags":[58,59,1011,27,3034,68926,252],"class_list":{"0":"post-581686","1":"post","2":"type-post","3":"status-publish","4":"format-standard","5":"has-post-thumbnail","7":"category-divertissement","8":"tag-divertissement","9":"tag-entertainment","10":"tag-fr","11":"tag-france","12":"tag-miss-france","13":"tag-miss-france-2026","14":"tag-television"},"share_on_mastodon":{"url":"https:\/\/pubeurope.com\/@fr\/115671644355469142","error":""},"_links":{"self":[{"href":"https:\/\/www.europesays.com\/fr\/wp-json\/wp\/v2\/posts\/581686","targetHints":{"allow":["GET"]}}],"collection":[{"href":"https:\/\/www.europesays.com\/fr\/wp-json\/wp\/v2\/posts"}],"about":[{"href":"https:\/\/www.europesays.com\/fr\/wp-json\/wp\/v2\/types\/post"}],"author":[{"embeddable":true,"href":"https:\/\/www.europesays.com\/fr\/wp-json\/wp\/v2\/users\/2"}],"replies":[{"embeddable":true,"href":"https:\/\/www.europesays.com\/fr\/wp-json\/wp\/v2\/comments?post=581686"}],"version-history":[{"count":0,"href":"https:\/\/www.europesays.com\/fr\/wp-json\/wp\/v2\/posts\/581686\/revisions"}],"wp:featuredmedia":[{"embeddable":true,"href":"https:\/\/www.europesays.com\/fr\/wp-json\/wp\/v2\/media\/581687"}],"wp:attachment":[{"href":"https:\/\/www.europesays.com\/fr\/wp-json\/wp\/v2\/media?parent=581686"}],"wp:term":[{"taxonomy":"category","embeddable":true,"href":"https:\/\/www.europesays.com\/fr\/wp-json\/wp\/v2\/categories?post=581686"},{"taxonomy":"post_tag","embeddable":true,"href":"https:\/\/www.europesays.com\/fr\/wp-json\/wp\/v2\/tags?post=581686"}],"curies":[{"name":"wp","href":"https:\/\/api.w.org\/{rel}","templated":true}]}}