{"id":581688,"date":"2025-12-06T08:19:15","date_gmt":"2025-12-06T08:19:15","guid":{"rendered":"https:\/\/www.europesays.com\/fr\/581688\/"},"modified":"2025-12-06T08:19:15","modified_gmt":"2025-12-06T08:19:15","slug":"revolution-en-vue-pour-les-tv-4k-oled-samsung-sait-comment-les-rendre-plus-efficientes-que-jamais","status":"publish","type":"post","link":"https:\/\/www.europesays.com\/fr\/581688\/","title":{"rendered":"R\u00e9volution en vue pour les TV 4K OLED ? Samsung sait comment les rendre plus efficientes que jamais"},"content":{"rendered":"<p><strong>D\u00e9j\u00e0 leader dans le secteur de l\u2019OLED depuis plusieurs ann\u00e9es, Samsung travaille sur un nouveau processus de fabrication r\u00e9volutionnaire.<\/strong><\/p>\n<p>\u00c0 l\u2019heure actuelle, la technologie OLED semble \u00eatre le nerf de la guerre pour se faire <strong>une place de choix sur le march\u00e9 des TV<\/strong>. Et les fabricants chinois ne s\u2019y trompent pas, \u00e0 l\u2019instar de TCL qui a <a href=\"https:\/\/www.ecranlarge.com\/high-tech\/actu\/tcl-inkjet-oled\" target=\"_blank\" rel=\"noopener\">investi plus de 4 milliards de dollars<\/a> dans un projet d\u2019impression par jet d\u2019encre.<\/p>\n<p>Mais face \u00e0 cette concurrence grandissante et ces nouvelles m\u00e9thodes de production qui visent \u00e0 <strong>r\u00e9duire drastiquement les co\u00fbts<\/strong>, Samsung ne compte pas se laisser faire. Pour cela, le g\u00e9ant cor\u00e9en s\u2019est notamment associ\u00e9 \u00e0 une firme japonaise qui promet de concevoir des dalles plus lumineuses, tout en <strong>limitant les co\u00fbts et l\u2019empreinte carbone<\/strong>. Coup de projecteur sur ce projet ambitieux.<\/p>\n<p>Une alliance de choc entre Samsung et TSK pour des dalles OLED plus efficientes<\/p>\n<p>Apr\u00e8s avoir <a href=\"https:\/\/www.ecranlarge.com\/high-tech\/actu\/fin-tensions-samsung-boe\" target=\"_blank\" rel=\"noopener\">enterr\u00e9 la hache de guerre avec BOE<\/a>, Samsung Display a d\u00e9cid\u00e9 de s\u2019allier avec la soci\u00e9t\u00e9 japonaise <a href=\"https:\/\/tsk.kyoto\/en\/tsk-to-jointly-develop-blue-oled-materials-with-samsung-display\/\" target=\"_blank\" rel=\"noreferrer noopener nofollow\">TSK Corporation<\/a> pour concevoir <strong>une dalle OLED compos\u00e9e de nouveaux mat\u00e9riaux (notamment pour le sous-pixel bleu).<\/strong> Constatant que l\u2019usage du palladium (un m\u00e9tal <strong>co\u00fbteux et particuli\u00e8rement polluant<\/strong>) pouvait constituer un probl\u00e8me sur le long terme, la firme cor\u00e9enne compte modifier la structure de ses \u00e9crans avec des catalyseurs \u00e0 base de fer qui devraient \u00eatre <strong>bien plus simples \u00e0 produire<\/strong>.<\/p>\n<p>De plus, ce mat\u00e9riau permettra un proc\u00e9d\u00e9 chimique simplifi\u00e9 pour <strong>offrir aux dalles un meilleur rendement<\/strong>, notamment au niveau de la luminosit\u00e9. Sans oublier <strong>les apports en termes d\u2019\u00e9conomie d\u2019\u00e9nergie<\/strong> dont pourront profiter les TV, puis les tablettes et les smartphones dans un second temps.<\/p>\n<p><img loading=\"lazy\" decoding=\"async\" width=\"1200\" height=\"670\" alt=\"TV Samsung OLED dans un salon\" src=\"https:\/\/www.europesays.com\/fr\/wp-content\/uploads\/2025\/12\/tv-samsung-oled-dans-un-salon.jpg\"  \/><\/p>\n<p>Et si ce genre de TV \u00e9tait bient\u00f4t \u00e0 la port\u00e9e de toutes les bourses ?La guerre de l\u2019OLED se poursuit entre les grandes marques<\/p>\n<p>Si Samsung Display pr\u00e9pare l\u2019avenir de ses dalles OLED avec de <strong>nouvelles m\u00e9thodes de conception<\/strong>, elle n\u2019est pas la seule marque \u00e0 se pencher de pr\u00e8s sur cette technologie. C\u2019est aussi le cas d\u2019Apple, qui miserait carr\u00e9ment sur du <a href=\"https:\/\/www.ecranlarge.com\/high-tech\/actu\/100-oled-apple\" target=\"_blank\" rel=\"noopener\">100% OLED dans le futur<\/a>.<\/p>\n<p>Les fabricants chinois sont eux aussi sur le coup, comme nous l\u2019avons vu pr\u00e9c\u00e9demment avec TCL qui tient un bon filon gr\u00e2ce \u00e0 <strong>ses m\u00e9thodes d\u2019impression brevet\u00e9es<\/strong>, tandis que LG poursuit ses d\u00e9monstrations de force avec <a href=\"https:\/\/www.ecranlarge.com\/high-tech\/actu\/lg-lance-tv-oled-transparente-sans-fil-france\" target=\"_blank\" rel=\"noopener\">des TV transparentes sans-fil<\/a> et des dalles atteignant des taux de luminosit\u00e9 records. Il est donc difficile de voir dans quel monde l\u2019OLED ne deviendrait pas <strong>la technologie dominante sur tous les \u00e9crans.<\/strong><\/p>\n","protected":false},"excerpt":{"rendered":"D\u00e9j\u00e0 leader dans le secteur de l\u2019OLED depuis plusieurs ann\u00e9es, Samsung travaille sur un nouveau processus de fabrication&hellip;\n","protected":false},"author":2,"featured_media":581689,"comment_status":"","ping_status":"","sticky":false,"template":"","format":"standard","meta":{"footnotes":""},"categories":[7],"tags":[1011,27,43,40,41,39,42,44],"class_list":{"0":"post-581688","1":"post","2":"type-post","3":"status-publish","4":"format-standard","5":"has-post-thumbnail","7":"category-sciences-et-technologies","8":"tag-fr","9":"tag-france","10":"tag-science","11":"tag-science-and-technology","12":"tag-sciences","13":"tag-sciences-et-technologies","14":"tag-technologies","15":"tag-technology"},"share_on_mastodon":{"url":"https:\/\/pubeurope.com\/@fr\/115671647772651342","error":""},"_links":{"self":[{"href":"https:\/\/www.europesays.com\/fr\/wp-json\/wp\/v2\/posts\/581688","targetHints":{"allow":["GET"]}}],"collection":[{"href":"https:\/\/www.europesays.com\/fr\/wp-json\/wp\/v2\/posts"}],"about":[{"href":"https:\/\/www.europesays.com\/fr\/wp-json\/wp\/v2\/types\/post"}],"author":[{"embeddable":true,"href":"https:\/\/www.europesays.com\/fr\/wp-json\/wp\/v2\/users\/2"}],"replies":[{"embeddable":true,"href":"https:\/\/www.europesays.com\/fr\/wp-json\/wp\/v2\/comments?post=581688"}],"version-history":[{"count":0,"href":"https:\/\/www.europesays.com\/fr\/wp-json\/wp\/v2\/posts\/581688\/revisions"}],"wp:featuredmedia":[{"embeddable":true,"href":"https:\/\/www.europesays.com\/fr\/wp-json\/wp\/v2\/media\/581689"}],"wp:attachment":[{"href":"https:\/\/www.europesays.com\/fr\/wp-json\/wp\/v2\/media?parent=581688"}],"wp:term":[{"taxonomy":"category","embeddable":true,"href":"https:\/\/www.europesays.com\/fr\/wp-json\/wp\/v2\/categories?post=581688"},{"taxonomy":"post_tag","embeddable":true,"href":"https:\/\/www.europesays.com\/fr\/wp-json\/wp\/v2\/tags?post=581688"}],"curies":[{"name":"wp","href":"https:\/\/api.w.org\/{rel}","templated":true}]}}