{"id":581690,"date":"2025-12-06T08:20:16","date_gmt":"2025-12-06T08:20:16","guid":{"rendered":"https:\/\/www.europesays.com\/fr\/581690\/"},"modified":"2025-12-06T08:20:16","modified_gmt":"2025-12-06T08:20:16","slug":"letat-a-lance-le-processus-pour-designer-un-remplacant-a-jean-castex-et-les-candidats-se-bousculent","status":"publish","type":"post","link":"https:\/\/www.europesays.com\/fr\/581690\/","title":{"rendered":"l\u2019Etat a lanc\u00e9 le processus pour d\u00e9signer un rempla\u00e7ant \u00e0 Jean Castex, et les candidats se bousculent"},"content":{"rendered":"<p>                     <img loading=\"lazy\" decoding=\"async\" src=\"https:\/\/www.europesays.com\/fr\/wp-content\/uploads\/2025\/12\/985c3c9_upload-1-ffzerpvbdcsm-000-36xv4d4.jpg\" alt=\"La cabine de pilotage du nouveau m\u00e9tro construit par Alstom, le MF19, au centre de maintenance de la RATP \u00e0 Bobigny, le 14\u00a0f\u00e9vrier 2025.\"   width=\"664\" height=\"443\"\/>    La cabine de pilotage du nouveau m\u00e9tro construit par Alstom, le MF19, au centre de maintenance de la RATP \u00e0 Bobigny, le 14\u00a0f\u00e9vrier 2025.  JULIEN DE ROSA \/ AFP                 <\/p>\n<p class=\"article__paragraph  \">Depuis le d\u00e9part de Jean Castex \u00e0 la SNCF, le 3\u00a0novembre, la RATP est sans patron en titre. Il existe au moins une maigre certitude\u00a0: <a href=\"https:\/\/www.lemonde.fr\/economie\/article\/2025\/10\/31\/ratp-jean-basseres-nomme-pdg-par-interim-apres-le-depart-de-jean-castex-pour-la-sncf_6650504_3234.html\" target=\"_blank\" rel=\"noopener\">l\u2019int\u00e9rim, assur\u00e9 par Jean Bass\u00e8res<\/a>, durera au moins jusqu\u2019\u00e0 2026, puisqu\u2019il est d\u00e9sormais mat\u00e9riellement impossible qu\u2019un processus de nomination, incluant deux auditions devant les commissions du Parlement, aboutisse avant janvier.<\/p>\n<p class=\"article__paragraph  \">Selon les informations du Monde, recoup\u00e9es aupr\u00e8s de plusieurs sources qui ont requis l\u2019anonymat, le processus est enclench\u00e9. La direction g\u00e9n\u00e9rale des infrastructures, des transports et des mobilit\u00e9s et l\u2019Agence des participations de l\u2019Etat ont entam\u00e9, \u00e0 la toute fin novembre, l\u2019audition de certains candidats ayant un\u00a0profil technique. D\u2019autres seront entendus dans les jours qui viennent directement par les ministres des transports et de l\u2019\u00e9conomie, rapporte un participant \u00e0 ces entretiens.<\/p>\n<p class=\"article__paragraph  \">Plusieurs candidats d\u00e9plorent qu\u2019il n\u2019y ait pas de cadre clair de d\u00e9signation, mais seulement des \u00ab\u00a0bouts de processus qui coexistent\u00a0\u00bb, sans que personne en ait de vision claire. Au terme de ce parcours jug\u00e9 chaotique, une liste restreinte doit \u00eatre d\u00e9pos\u00e9e sur le bureau du pr\u00e9sident de la R\u00e9publique, Emmanuel Macron, mi-d\u00e9cembre. Il pourrait arr\u00eater son choix avant le 17\u00a0d\u00e9cembre, date du dernier conseil des ministres avant les f\u00eates.<\/p>\n<p class=\"reading-mode-only \"><strong>Il vous reste 80.99% de cet article \u00e0 lire. La suite est r\u00e9serv\u00e9e aux abonn\u00e9s.<\/strong><\/p>\n","protected":false},"excerpt":{"rendered":"La cabine de pilotage du nouveau m\u00e9tro construit par Alstom, le MF19, au centre de maintenance de la&hellip;\n","protected":false},"author":2,"featured_media":581691,"comment_status":"","ping_status":"","sticky":false,"template":"","format":"standard","meta":{"footnotes":""},"categories":[6],"tags":[35,33,34,1011,27],"class_list":{"0":"post-581690","1":"post","2":"type-post","3":"status-publish","4":"format-standard","5":"has-post-thumbnail","7":"category-economie","8":"tag-business","9":"tag-economie","10":"tag-economy","11":"tag-fr","12":"tag-france"},"share_on_mastodon":{"url":"https:\/\/pubeurope.com\/@fr\/115671651629425374","error":""},"_links":{"self":[{"href":"https:\/\/www.europesays.com\/fr\/wp-json\/wp\/v2\/posts\/581690","targetHints":{"allow":["GET"]}}],"collection":[{"href":"https:\/\/www.europesays.com\/fr\/wp-json\/wp\/v2\/posts"}],"about":[{"href":"https:\/\/www.europesays.com\/fr\/wp-json\/wp\/v2\/types\/post"}],"author":[{"embeddable":true,"href":"https:\/\/www.europesays.com\/fr\/wp-json\/wp\/v2\/users\/2"}],"replies":[{"embeddable":true,"href":"https:\/\/www.europesays.com\/fr\/wp-json\/wp\/v2\/comments?post=581690"}],"version-history":[{"count":0,"href":"https:\/\/www.europesays.com\/fr\/wp-json\/wp\/v2\/posts\/581690\/revisions"}],"wp:featuredmedia":[{"embeddable":true,"href":"https:\/\/www.europesays.com\/fr\/wp-json\/wp\/v2\/media\/581691"}],"wp:attachment":[{"href":"https:\/\/www.europesays.com\/fr\/wp-json\/wp\/v2\/media?parent=581690"}],"wp:term":[{"taxonomy":"category","embeddable":true,"href":"https:\/\/www.europesays.com\/fr\/wp-json\/wp\/v2\/categories?post=581690"},{"taxonomy":"post_tag","embeddable":true,"href":"https:\/\/www.europesays.com\/fr\/wp-json\/wp\/v2\/tags?post=581690"}],"curies":[{"name":"wp","href":"https:\/\/api.w.org\/{rel}","templated":true}]}}